{"id":9820,"date":"2022-01-25T13:17:25","date_gmt":"2022-01-25T12:17:25","guid":{"rendered":"https:\/\/projectes.xtec.cat\/memoriaieducacio\/?p=9820"},"modified":"2022-06-25T13:29:56","modified_gmt":"2022-06-25T11:29:56","slug":"exposicio-de-lamical-de-mauthausen-republicanos-espanoles-victimas-del-nazismo-fins-al-28-de-febrer","status":"publish","type":"post","link":"https:\/\/projectes.xtec.cat\/memoriaieducacio\/general\/exposicio-de-lamical-de-mauthausen-republicanos-espanoles-victimas-del-nazismo-fins-al-28-de-febrer\/","title":{"rendered":"Exposici\u00f3 de l&#8217;Amical de Mauthausen: Republicanos espa\u00f1oles v\u00edctimas del nazismo fins al 28 de febrer"},"content":{"rendered":"<table style=\"border-collapse: collapse; width: 100%;\">\n<tbody>\n<tr>\n<td style=\"width: 50%;\"><a href=\"https:\/\/projectes.xtec.cat\/memoriaieducacio\/wp-content\/uploads\/usu2168\/2022\/06\/exposicio_amical_mauthausen.png\"><img loading=\"lazy\" decoding=\"async\" class=\"size-full wp-image-9821 aligncenter\" src=\"https:\/\/projectes.xtec.cat\/memoriaieducacio\/wp-content\/uploads\/usu2168\/2022\/06\/exposicio_amical_mauthausen.png\" alt=\"\" width=\"512\" height=\"327\" srcset=\"https:\/\/projectes.xtec.cat\/memoriaieducacio\/wp-content\/uploads\/usu2168\/2022\/06\/exposicio_amical_mauthausen.png 512w, https:\/\/projectes.xtec.cat\/memoriaieducacio\/wp-content\/uploads\/usu2168\/2022\/06\/exposicio_amical_mauthausen-300x192.png 300w\" sizes=\"auto, (max-width: 512px) 100vw, 512px\" \/><\/a><\/td>\n<td style=\"width: 50%;\">Exposici\u00f3 de l&#8217;Amical de Mauthausen que es pot veure a la seu de CCOO de Barcelona (Via Laietana,16) fins al 28 de febrer.<\/p>\n<p>Al setembre, mitjan\u00e7ant la web de l\u2019Amical, es podr\u00e0 accedir a la versi\u00f3 digital de l\u2019exposici\u00f3 i a una proposta de materials did\u00e0ctics per treballar a l\u2019aula.<\/p>\n<p>&nbsp;<\/td>\n<\/tr>\n<\/tbody>\n<\/table>\n<p>&nbsp;<\/p>\n","protected":false},"excerpt":{"rendered":"<p><a href=\"https:\/\/projectes.xtec.cat\/memoriaieducacio\/wp-content\/uploads\/usu2168\/2022\/06\/exposicio_amical_mauthausen.png\"><\/a><br \/>\nExposici\u00f3 de l&#8217;Amical de Mauthausen que es pot veure a la seu de CCOO de Barcelona (Via Laietana,16) fins al 28 de febrer.<br \/>\nAl setembre, mitjan\u00e7ant la web de l\u2019Amical, es podr\u00e0 accedir a la versi\u00f3 digital de l\u2019exposici\u00f3 i a una proposta de materials&hellip;  <a href=\"https:\/\/projectes.xtec.cat\/memoriaieducacio\/general\/exposicio-de-lamical-de-mauthausen-republicanos-espanoles-victimas-del-nazismo-fins-al-28-de-febrer\/\" title=\"Read Exposici\u00f3 de l&#8217;Amical de Mauthausen: Republicanos espa\u00f1oles v\u00edctimas del nazismo fins al 28 de febrer\">Llegeix m\u00e9s\u00bb<\/a><\/p>\n","protected":false},"author":1,"featured_media":9822,"comment_status":"closed","ping_status":"closed","sticky":false,"template":"","format":"standard","meta":{"_bbp_topic_count":0,"_bbp_reply_count":0,"_bbp_total_topic_count":0,"_bbp_total_reply_count":0,"_bbp_voice_count":0,"_bbp_anonymous_reply_count":0,"_bbp_topic_count_hidden":0,"_bbp_reply_count_hidden":0,"_bbp_forum_subforum_count":0,"footnotes":""},"categories":[1,285],"tags":[],"class_list":["post-9820","post","type-post","status-publish","format-standard","has-post-thumbnail","hentry","category-general","category-noticies"],"post_mailing_queue_ids":[],"_links":{"self":[{"href":"https:\/\/projectes.xtec.cat\/memoriaieducacio\/wp-json\/wp\/v2\/posts\/9820","targetHints":{"allow":["GET"]}}],"collection":[{"href":"https:\/\/projectes.xtec.cat\/memoriaieducacio\/wp-json\/wp\/v2\/posts"}],"about":[{"href":"https:\/\/projectes.xtec.cat\/memoriaieducacio\/wp-json\/wp\/v2\/types\/post"}],"author":[{"embeddable":true,"href":"https:\/\/projectes.xtec.cat\/memoriaieducacio\/wp-json\/wp\/v2\/users\/1"}],"replies":[{"embeddable":true,"href":"https:\/\/projectes.xtec.cat\/memoriaieducacio\/wp-json\/wp\/v2\/comments?post=9820"}],"version-history":[{"count":1,"href":"https:\/\/projectes.xtec.cat\/memoriaieducacio\/wp-json\/wp\/v2\/posts\/9820\/revisions"}],"predecessor-version":[{"id":9823,"href":"https:\/\/projectes.xtec.cat\/memoriaieducacio\/wp-json\/wp\/v2\/posts\/9820\/revisions\/9823"}],"wp:featuredmedia":[{"embeddable":true,"href":"https:\/\/projectes.xtec.cat\/memoriaieducacio\/wp-json\/wp\/v2\/media\/9822"}],"wp:attachment":[{"href":"https:\/\/projectes.xtec.cat\/memoriaieducacio\/wp-json\/wp\/v2\/media?parent=9820"}],"wp:term":[{"taxonomy":"category","embeddable":true,"href":"https:\/\/projectes.xtec.cat\/memoriaieducacio\/wp-json\/wp\/v2\/categories?post=9820"},{"taxonomy":"post_tag","embeddable":true,"href":"https:\/\/projectes.xtec.cat\/memoriaieducacio\/wp-json\/wp\/v2\/tags?post=9820"}],"curies":[{"name":"wp","href":"https:\/\/api.w.org\/{rel}","templated":true}]}}