{"id":10062,"date":"2025-01-31T12:54:14","date_gmt":"2025-01-31T11:54:14","guid":{"rendered":"https:\/\/projectes.xtec.cat\/met\/?p=10062"},"modified":"2025-01-31T13:56:11","modified_gmt":"2025-01-31T12:56:11","slug":"comenca-medutarraco","status":"publish","type":"post","link":"https:\/\/projectes.xtec.cat\/met\/portada\/comenca-medutarraco\/","title":{"rendered":"COMEN\u00c7A MEDUTARRACO"},"content":{"rendered":"<p>Dem\u00e0 <strong>1 de febrer i fins al 30 d&#8217;abril<\/strong> estaran oberts i disponibles a la plataforma <strong>MHM<\/strong> els escenaris perqu\u00e8 comenceu a aprendre jugant amb mEduTarraco. Enguany us oferim 2 modalitats de participaci\u00f3:<\/p>\n<ul>\n<li><strong>mEduTarraco Medieval<\/strong> amb 1 itinerari creat per l&#8217;alumnat<\/li>\n<li><strong>mEduTarraco25<\/strong> amb 3 itineraris: mEduTarraco1\/2\/\/3<\/li>\n<\/ul>\n<p>La ciutat de Tarragona est\u00e0 a punt perqu\u00e8 la coneguin com a ciutat educadora. Durant aquests 3 mesos, els seus carrers permetran que alumnat aprenguin competencialment mitjan\u00e7ant reptes matem\u00e0tics, hist\u00f2rics, geogr\u00e0fics, f\u00edsics, ling\u00fc\u00edstics&#8230; Un aprenentatge que ser\u00e0 inclusiu i col\u00b7laboratiu mitjan\u00e7ant els grups en qu\u00e8 es distribuiran per arribar als diferents punts d&#8217;inter\u00e8s que la ciutat els ofereix.<\/p>\n<p>mEduTarraco permetr\u00e0 treballar tamb\u00e9 <strong>compet\u00e8ncies transversals<\/strong> com:<\/p>\n<ul>\n<li>aprendre a aprendre en implicar autoconeixement, creixement personal, gesti\u00f3 del temps i la informaci\u00f3, col\u00b7laboraci\u00f3 constructiva, resili\u00e8ncia i aprenentatge continu<\/li>\n<li>la compet\u00e8ncia digital que implica un \u00fas segur, saludable i responsable de les tecnologies digitals per al desenvolupament personal, educatiu i laboral, aix\u00ed com per a l\u2019oci i la participaci\u00f3 social.<\/li>\n<li>treballar els ODS<\/li>\n<\/ul>\n<p>\u00c9s una oportunitat per <strong>seguir aprenent fora de l&#8217;aula, no us la perdeu!<\/strong><\/p>\n<p>Consulteu la infografia per con\u00e8ixer Instruccions i realitzar la inscripci\u00f3 <a href=\"https:\/\/projectes.xtec.cat\/met\/wp-content\/uploads\/usu1743\/2025\/01\/mEduTarraco-2025.pdf\">Infografia mEduTarraco 2025 <\/a><\/p>\n<p><a href=\"https:\/\/projectes.xtec.cat\/met\/wp-content\/uploads\/usu1743\/2025\/01\/mEduTarraco-2025.pdf\">Infografia mEduTarraco 2025 <\/a><a href=\"https:\/\/projectes.xtec.cat\/met\/wp-content\/uploads\/usu1743\/2025\/01\/medut-infografia.png\"><img loading=\"lazy\" decoding=\"async\" class=\"alignnone size-full wp-image-10064\" src=\"https:\/\/projectes.xtec.cat\/met\/wp-content\/uploads\/usu1743\/2025\/01\/medut-infografia.png\" alt=\"\" width=\"265\" height=\"670\" \/><\/a><\/p>\n","protected":false},"excerpt":{"rendered":"<p>Dem\u00e0 1 de febrer i fins al 30 d&#8217;abril estaran oberts i disponibles a la plataforma MHM els escenaris perqu\u00e8 comenceu a aprendre jugant amb mEduTarraco. Enguany us oferim 2 modalitats de participaci\u00f3:<\/p>\n<ul>\n<li>mEduTarraco Medieval amb 1 itinerari creat per l&#8217;alumnat<\/li>\n<li>mEduTarraco25 amb 3 itineraris: mEduTarraco1\/2\/\/3<\/li>\n<\/ul>\n<p>La ciutat&hellip;  <a href=\"https:\/\/projectes.xtec.cat\/met\/portada\/comenca-medutarraco\/\" title=\"Read COMEN\u00c7A MEDUTARRACO\">Llegeix m\u00e9s\u00bb<\/a><\/p>\n","protected":false},"author":12,"featured_media":9949,"comment_status":"open","ping_status":"closed","sticky":false,"template":"","format":"standard","meta":{"_bbp_topic_count":0,"_bbp_reply_count":0,"_bbp_total_topic_count":0,"_bbp_total_reply_count":0,"_bbp_voice_count":0,"_bbp_anonymous_reply_count":0,"_bbp_topic_count_hidden":0,"_bbp_reply_count_hidden":0,"_bbp_forum_subforum_count":0,"footnotes":""},"categories":[66,301,29,76],"tags":[],"class_list":["post-10062","post","type-post","status-publish","format-standard","has-post-thumbnail","hentry","category-dinamitzacio","category-medieval","category-portada","category-recursos"],"post_mailing_queue_ids":[],"_links":{"self":[{"href":"https:\/\/projectes.xtec.cat\/met\/wp-json\/wp\/v2\/posts\/10062","targetHints":{"allow":["GET"]}}],"collection":[{"href":"https:\/\/projectes.xtec.cat\/met\/wp-json\/wp\/v2\/posts"}],"about":[{"href":"https:\/\/projectes.xtec.cat\/met\/wp-json\/wp\/v2\/types\/post"}],"author":[{"embeddable":true,"href":"https:\/\/projectes.xtec.cat\/met\/wp-json\/wp\/v2\/users\/12"}],"replies":[{"embeddable":true,"href":"https:\/\/projectes.xtec.cat\/met\/wp-json\/wp\/v2\/comments?post=10062"}],"version-history":[{"count":2,"href":"https:\/\/projectes.xtec.cat\/met\/wp-json\/wp\/v2\/posts\/10062\/revisions"}],"predecessor-version":[{"id":10066,"href":"https:\/\/projectes.xtec.cat\/met\/wp-json\/wp\/v2\/posts\/10062\/revisions\/10066"}],"wp:featuredmedia":[{"embeddable":true,"href":"https:\/\/projectes.xtec.cat\/met\/wp-json\/wp\/v2\/media\/9949"}],"wp:attachment":[{"href":"https:\/\/projectes.xtec.cat\/met\/wp-json\/wp\/v2\/media?parent=10062"}],"wp:term":[{"taxonomy":"category","embeddable":true,"href":"https:\/\/projectes.xtec.cat\/met\/wp-json\/wp\/v2\/categories?post=10062"},{"taxonomy":"post_tag","embeddable":true,"href":"https:\/\/projectes.xtec.cat\/met\/wp-json\/wp\/v2\/tags?post=10062"}],"curies":[{"name":"wp","href":"https:\/\/api.w.org\/{rel}","templated":true}]}}