{"id":10111,"date":"2025-03-24T17:32:53","date_gmt":"2025-03-24T16:32:53","guid":{"rendered":"https:\/\/projectes.xtec.cat\/met\/?p=10111"},"modified":"2025-03-24T17:32:53","modified_gmt":"2025-03-24T16:32:53","slug":"linstitut-vidal-i-barraquer-crea-un-video-de-la-seva-experiencia","status":"publish","type":"post","link":"https:\/\/projectes.xtec.cat\/met\/portada\/linstitut-vidal-i-barraquer-crea-un-video-de-la-seva-experiencia\/","title":{"rendered":"L&#8217;INSTITUT VIDAL I BARRAQUER CREA UN VIDEO DE LA SEVA EXPERI\u00c8NCIA"},"content":{"rendered":"<p>L&#8217;<strong>Institut Vidal i Barraquer de Tarragona,<\/strong> van participar la passada setmana a l&#8217;activitat mEdutarraco. S\u00f3n alumnat del <strong>CFGS Animaci\u00f3 sociocultural i Tur\u00edstica<\/strong> que es preparen per programar, organitzar, implementar i avaluar intervencions d&#8217;animaci\u00f3 sociocultural i tur\u00edstica, promovent la participaci\u00f3 activa de les persones i dels grups destinataris, i coordinant les actuacions dels professionals i voluntaris al seu c\u00e0rrec.<\/p>\n<p>Ens han compartit un video de la seva experi\u00e8ncia aprenent jugant multicompetencialment amb mEduTarraco. Mireu qu\u00e8 b\u00e9 que ho han preparat i , sobretot, gaudit!<\/p>\n<p>Us animeu a participar tamb\u00e9?<\/p>\n<h2><\/h2>\n<div style=\"width: 848px;\" class=\"wp-video\"><!--[if lt IE 9]><script>document.createElement('video');<\/script><![endif]-->\n<video class=\"wp-video-shortcode\" id=\"video-10111-1\" width=\"848\" height=\"480\" preload=\"metadata\" controls=\"controls\"><source type=\"video\/mp4\" src=\"https:\/\/projectes.xtec.cat\/met\/wp-content\/uploads\/usu1743\/2025\/03\/VID-20250319-WA0008.mp4?_=1\" \/><a href=\"https:\/\/projectes.xtec.cat\/met\/wp-content\/uploads\/usu1743\/2025\/03\/VID-20250319-WA0008.mp4\">https:\/\/projectes.xtec.cat\/met\/wp-content\/uploads\/usu1743\/2025\/03\/VID-20250319-WA0008.mp4<\/a><\/video><\/div>\n","protected":false},"excerpt":{"rendered":"<p>L&#8217;Institut Vidal i Barraquer de Tarragona, van participar la passada setmana a l&#8217;activitat mEdutarraco. S\u00f3n alumnat del CFGS Animaci\u00f3 sociocultural i Tur\u00edstica que es preparen per programar, organitzar, implementar i avaluar intervencions d&#8217;animaci\u00f3 sociocultural i tur\u00edstica, promovent la participaci\u00f3 activa de les persones i dels&hellip;  <a href=\"https:\/\/projectes.xtec.cat\/met\/portada\/linstitut-vidal-i-barraquer-crea-un-video-de-la-seva-experiencia\/\" title=\"Read L&#8217;INSTITUT VIDAL I BARRAQUER CREA UN VIDEO DE LA SEVA EXPERI\u00c8NCIA\">Llegeix m\u00e9s\u00bb<\/a><\/p>\n","protected":false},"author":12,"featured_media":10113,"comment_status":"open","ping_status":"closed","sticky":false,"template":"","format":"standard","meta":{"_bbp_topic_count":0,"_bbp_reply_count":0,"_bbp_total_topic_count":0,"_bbp_total_reply_count":0,"_bbp_voice_count":0,"_bbp_anonymous_reply_count":0,"_bbp_topic_count_hidden":0,"_bbp_reply_count_hidden":0,"_bbp_forum_subforum_count":0,"footnotes":""},"categories":[29,76],"tags":[],"class_list":["post-10111","post","type-post","status-publish","format-standard","has-post-thumbnail","hentry","category-portada","category-recursos"],"post_mailing_queue_ids":[],"_links":{"self":[{"href":"https:\/\/projectes.xtec.cat\/met\/wp-json\/wp\/v2\/posts\/10111","targetHints":{"allow":["GET"]}}],"collection":[{"href":"https:\/\/projectes.xtec.cat\/met\/wp-json\/wp\/v2\/posts"}],"about":[{"href":"https:\/\/projectes.xtec.cat\/met\/wp-json\/wp\/v2\/types\/post"}],"author":[{"embeddable":true,"href":"https:\/\/projectes.xtec.cat\/met\/wp-json\/wp\/v2\/users\/12"}],"replies":[{"embeddable":true,"href":"https:\/\/projectes.xtec.cat\/met\/wp-json\/wp\/v2\/comments?post=10111"}],"version-history":[{"count":1,"href":"https:\/\/projectes.xtec.cat\/met\/wp-json\/wp\/v2\/posts\/10111\/revisions"}],"predecessor-version":[{"id":10114,"href":"https:\/\/projectes.xtec.cat\/met\/wp-json\/wp\/v2\/posts\/10111\/revisions\/10114"}],"wp:featuredmedia":[{"embeddable":true,"href":"https:\/\/projectes.xtec.cat\/met\/wp-json\/wp\/v2\/media\/10113"}],"wp:attachment":[{"href":"https:\/\/projectes.xtec.cat\/met\/wp-json\/wp\/v2\/media?parent=10111"}],"wp:term":[{"taxonomy":"category","embeddable":true,"href":"https:\/\/projectes.xtec.cat\/met\/wp-json\/wp\/v2\/categories?post=10111"},{"taxonomy":"post_tag","embeddable":true,"href":"https:\/\/projectes.xtec.cat\/met\/wp-json\/wp\/v2\/tags?post=10111"}],"curies":[{"name":"wp","href":"https:\/\/api.w.org\/{rel}","templated":true}]}}