{"id":10161,"date":"2025-05-13T16:49:59","date_gmt":"2025-05-13T14:49:59","guid":{"rendered":"https:\/\/projectes.xtec.cat\/met\/?p=10161"},"modified":"2025-05-13T18:46:49","modified_gmt":"2025-05-13T16:46:49","slug":"col-laboracio-de-centres-en-un-nou-video-medutarraco-medieval","status":"publish","type":"post","link":"https:\/\/projectes.xtec.cat\/met\/portada\/col-laboracio-de-centres-en-un-nou-video-medutarraco-medieval\/","title":{"rendered":"COL.LABORACI\u00d3 DE CENTRES EN UN NOU VIDEO: MEDUTARRACO MEDIEVAL"},"content":{"rendered":"<p>El curs 23-24 es va portar a terme un nou projecte dins de mEduTarraco: mEduTarraco Medieval.Durant aquests dies i fins al 30 de maig, alguns i algunes de vosaltres heu pogut gaudir d&#8217;aquest nou itinerari que va originar-se en col.laboraci\u00f3 de docents i en especial d&#8217;alumnes de diferents centres. Fruit d&#8217;aquell treball en Xarxa va generar-se mEduTarraco Medieval per aprendre sobre la Tarragona Medieval.<\/p>\n<p>Hem pogut comptar amb l&#8217;Institut Vidal i Barraquer i amb el Col.legi Lestonnac-L&#8217;Ensenyan\u00e7a que han acceptat participar en l&#8217;elaboraci\u00f3 d&#8217;un video amb el suport de MHM, sobre el proc\u00e9s que van seguir en realitzar mEduTarraco Medieval.<\/p>\n<p>Durant el mat\u00ed del dia 22 d&#8217;abril, L&#8217;institut Vidal i Barraquer va protagonitzar la gravaci\u00f3 d&#8217;exteriors i avui, un mes despr\u00e9s, <span style=\"font-family: inherit; font-size: 1em;\">\u00a0un membre de l&#8217;equip de Barcelona <\/span><a style=\"font-family: inherit; font-size: 1em;\" href=\"https:\/\/pospotime.com\/\">POSPOTIME<\/a><span style=\"font-family: inherit; font-size: 1em;\">, Mart\u00ed Gen\u00eds, acompanyat de coordinadors de mEduTarraco<\/span><span style=\"font-family: inherit; font-size: 1em;\"> s&#8217;ha despla\u00e7at de nou a Tarragona per rodar a Col.legi Lestonnac-L&#8217;Ensenyan\u00e7a . Avui s&#8217;ha dut a terme la gravaci\u00f3 d&#8217;interiors i l&#8217;entrevista als protagonistes: l&#8217;alumnat que van crear el contingut d&#8217;alguns dels punts i reptes del joc de georeferenciaci\u00f3 mEduTarraco Medieval.<\/span><\/p>\n<p>Vam rec\u00f3rrer espais comuns i vam entrevistar a 3 alumnes i docents de tecno i cap d&#8217;estudis i\u00a0 vam veure i con\u00e8ixer com treballaven mEduTarraco Medieval des del Google Classroom i les seves valoracions.<\/p>\n<p><span style=\"font-family: inherit; font-size: 1em;\">Una fant\u00e0stica oportunitat per recordar els aprenentatges i treball realitzat entre docents i\u00a0 alumnat i, a m\u00e9s, per presentar mEduTarraco Port com a novetat per al curs 25-26.\u00a0<\/span><\/p>\n<p>Cal agrair la implicaci\u00f3, solidaritat i cooperaci\u00f3 d&#8217;ambd\u00f3s centres.<\/p>\n<p>Moltes gr\u00e0cies Ins Vidal i Barraquer i Col.legi Lestonnac-L&#8217;Ensenyan\u00e7a!!<\/p>\n<p>&nbsp;<\/p>\n\n\t\t<style type=\"text\/css\">\n\t\t\t#gallery-1 {\n\t\t\t\tmargin: auto;\n\t\t\t}\n\t\t\t#gallery-1 .gallery-item {\n\t\t\t\tfloat: left;\n\t\t\t\tmargin-top: 10px;\n\t\t\t\ttext-align: center;\n\t\t\t\twidth: 33%;\n\t\t\t}\n\t\t\t#gallery-1 img {\n\t\t\t\tborder: 2px solid #cfcfcf;\n\t\t\t}\n\t\t\t#gallery-1 .gallery-caption {\n\t\t\t\tmargin-left: 0;\n\t\t\t}\n\t\t\t\/* see gallery_shortcode() in wp-includes\/media.php *\/\n\t\t<\/style>\n\t\t<div id='gallery-1' class='gallery galleryid-10161 gallery-columns-3 gallery-size-thumbnail'><dl class='gallery-item'>\n\t\t\t<dt class='gallery-icon portrait'>\n\t\t\t\t<a href='https:\/\/projectes.xtec.cat\/met\/portada\/col-laboracio-de-centres-en-un-nou-video-medutarraco-medieval\/attachment\/marti\/'><img loading=\"lazy\" decoding=\"async\" width=\"150\" height=\"150\" src=\"https:\/\/projectes.xtec.cat\/met\/wp-content\/uploads\/usu1743\/2025\/05\/Marti-150x150.png\" class=\"attachment-thumbnail size-thumbnail\" alt=\"\" \/><\/a>\n\t\t\t<\/dt><\/dl><dl class='gallery-item'>\n\t\t\t<dt class='gallery-icon landscape'>\n\t\t\t\t<a href='https:\/\/projectes.xtec.cat\/met\/portada\/col-laboracio-de-centres-en-un-nou-video-medutarraco-medieval\/attachment\/esto2\/'><img loading=\"lazy\" decoding=\"async\" width=\"150\" height=\"150\" src=\"https:\/\/projectes.xtec.cat\/met\/wp-content\/uploads\/usu1743\/2025\/05\/esto2-150x150.png\" class=\"attachment-thumbnail size-thumbnail\" alt=\"\" \/><\/a>\n\t\t\t<\/dt><\/dl><dl class='gallery-item'>\n\t\t\t<dt class='gallery-icon portrait'>\n\t\t\t\t<a href='https:\/\/projectes.xtec.cat\/met\/portada\/col-laboracio-de-centres-en-un-nou-video-medutarraco-medieval\/attachment\/esto3\/'><img loading=\"lazy\" decoding=\"async\" width=\"150\" height=\"150\" src=\"https:\/\/projectes.xtec.cat\/met\/wp-content\/uploads\/usu1743\/2025\/05\/esto3-150x150.png\" class=\"attachment-thumbnail size-thumbnail\" alt=\"\" \/><\/a>\n\t\t\t<\/dt><\/dl><br style=\"clear: both\" \/><dl class='gallery-item'>\n\t\t\t<dt class='gallery-icon landscape'>\n\t\t\t\t<a href='https:\/\/projectes.xtec.cat\/met\/portada\/col-laboracio-de-centres-en-un-nou-video-medutarraco-medieval\/attachment\/esto8\/'><img loading=\"lazy\" decoding=\"async\" width=\"150\" height=\"150\" src=\"https:\/\/projectes.xtec.cat\/met\/wp-content\/uploads\/usu1743\/2025\/05\/esto8-150x150.png\" class=\"attachment-thumbnail size-thumbnail\" alt=\"\" \/><\/a>\n\t\t\t<\/dt><\/dl><dl class='gallery-item'>\n\t\t\t<dt class='gallery-icon portrait'>\n\t\t\t\t<a href='https:\/\/projectes.xtec.cat\/met\/portada\/col-laboracio-de-centres-en-un-nou-video-medutarraco-medieval\/attachment\/esto7\/'><img loading=\"lazy\" decoding=\"async\" width=\"150\" height=\"150\" src=\"https:\/\/projectes.xtec.cat\/met\/wp-content\/uploads\/usu1743\/2025\/05\/esto7-150x150.png\" class=\"attachment-thumbnail size-thumbnail\" alt=\"\" \/><\/a>\n\t\t\t<\/dt><\/dl><dl class='gallery-item'>\n\t\t\t<dt class='gallery-icon portrait'>\n\t\t\t\t<a href='https:\/\/projectes.xtec.cat\/met\/portada\/col-laboracio-de-centres-en-un-nou-video-medutarraco-medieval\/attachment\/esto6\/'><img loading=\"lazy\" decoding=\"async\" width=\"150\" height=\"150\" src=\"https:\/\/projectes.xtec.cat\/met\/wp-content\/uploads\/usu1743\/2025\/05\/esto6-150x150.png\" class=\"attachment-thumbnail size-thumbnail\" alt=\"\" \/><\/a>\n\t\t\t<\/dt><\/dl><br style=\"clear: both\" \/><dl class='gallery-item'>\n\t\t\t<dt class='gallery-icon landscape'>\n\t\t\t\t<a href='https:\/\/projectes.xtec.cat\/met\/portada\/col-laboracio-de-centres-en-un-nou-video-medutarraco-medieval\/attachment\/esto5-2\/'><img loading=\"lazy\" decoding=\"async\" width=\"150\" height=\"150\" src=\"https:\/\/projectes.xtec.cat\/met\/wp-content\/uploads\/usu1743\/2025\/05\/esto5-1-150x150.png\" class=\"attachment-thumbnail size-thumbnail\" alt=\"\" \/><\/a>\n\t\t\t<\/dt><\/dl><dl class='gallery-item'>\n\t\t\t<dt class='gallery-icon portrait'>\n\t\t\t\t<a href='https:\/\/projectes.xtec.cat\/met\/portada\/col-laboracio-de-centres-en-un-nou-video-medutarraco-medieval\/attachment\/esto4\/'><img loading=\"lazy\" decoding=\"async\" width=\"150\" height=\"150\" src=\"https:\/\/projectes.xtec.cat\/met\/wp-content\/uploads\/usu1743\/2025\/05\/esto4-150x150.png\" class=\"attachment-thumbnail size-thumbnail\" alt=\"\" \/><\/a>\n\t\t\t<\/dt><\/dl><dl class='gallery-item'>\n\t\t\t<dt class='gallery-icon landscape'>\n\t\t\t\t<a href='https:\/\/projectes.xtec.cat\/met\/portada\/col-laboracio-de-centres-en-un-nou-video-medutarraco-medieval\/attachment\/esto9\/'><img loading=\"lazy\" decoding=\"async\" width=\"150\" height=\"150\" src=\"https:\/\/projectes.xtec.cat\/met\/wp-content\/uploads\/usu1743\/2025\/05\/esto9-150x150.png\" class=\"attachment-thumbnail size-thumbnail\" alt=\"\" \/><\/a>\n\t\t\t<\/dt><\/dl><br style=\"clear: both\" \/><dl class='gallery-item'>\n\t\t\t<dt class='gallery-icon portrait'>\n\t\t\t\t<a href='https:\/\/projectes.xtec.cat\/met\/portada\/col-laboracio-de-centres-en-un-nou-video-medutarraco-medieval\/attachment\/esto10\/'><img loading=\"lazy\" decoding=\"async\" width=\"150\" height=\"150\" src=\"https:\/\/projectes.xtec.cat\/met\/wp-content\/uploads\/usu1743\/2025\/05\/esto10-150x150.png\" class=\"attachment-thumbnail size-thumbnail\" alt=\"\" \/><\/a>\n\t\t\t<\/dt><\/dl><dl class='gallery-item'>\n\t\t\t<dt class='gallery-icon portrait'>\n\t\t\t\t<a href='https:\/\/projectes.xtec.cat\/met\/portada\/col-laboracio-de-centres-en-un-nou-video-medutarraco-medieval\/attachment\/esto11\/'><img loading=\"lazy\" decoding=\"async\" width=\"150\" height=\"150\" src=\"https:\/\/projectes.xtec.cat\/met\/wp-content\/uploads\/usu1743\/2025\/05\/esto11-150x150.png\" class=\"attachment-thumbnail size-thumbnail\" alt=\"\" \/><\/a>\n\t\t\t<\/dt><\/dl><dl class='gallery-item'>\n\t\t\t<dt class='gallery-icon landscape'>\n\t\t\t\t<a href='https:\/\/projectes.xtec.cat\/met\/portada\/col-laboracio-de-centres-en-un-nou-video-medutarraco-medieval\/attachment\/esto12\/'><img loading=\"lazy\" decoding=\"async\" width=\"150\" height=\"150\" src=\"https:\/\/projectes.xtec.cat\/met\/wp-content\/uploads\/usu1743\/2025\/05\/esto12-150x150.png\" class=\"attachment-thumbnail size-thumbnail\" alt=\"\" \/><\/a>\n\t\t\t<\/dt><\/dl><br style=\"clear: both\" \/><dl class='gallery-item'>\n\t\t\t<dt class='gallery-icon portrait'>\n\t\t\t\t<a href='https:\/\/projectes.xtec.cat\/met\/portada\/col-laboracio-de-centres-en-un-nou-video-medutarraco-medieval\/attachment\/esto13-2\/'><img loading=\"lazy\" decoding=\"async\" width=\"150\" height=\"150\" src=\"https:\/\/projectes.xtec.cat\/met\/wp-content\/uploads\/usu1743\/2025\/05\/esto13-1-150x150.png\" class=\"attachment-thumbnail size-thumbnail\" alt=\"\" \/><\/a>\n\t\t\t<\/dt><\/dl><dl class='gallery-item'>\n\t\t\t<dt class='gallery-icon portrait'>\n\t\t\t\t<a href='https:\/\/projectes.xtec.cat\/met\/portada\/col-laboracio-de-centres-en-un-nou-video-medutarraco-medieval\/attachment\/esto14\/'><img loading=\"lazy\" decoding=\"async\" width=\"150\" height=\"150\" src=\"https:\/\/projectes.xtec.cat\/met\/wp-content\/uploads\/usu1743\/2025\/05\/esto14-150x150.png\" class=\"attachment-thumbnail size-thumbnail\" alt=\"\" \/><\/a>\n\t\t\t<\/dt><\/dl><dl class='gallery-item'>\n\t\t\t<dt class='gallery-icon landscape'>\n\t\t\t\t<a href='https:\/\/projectes.xtec.cat\/met\/portada\/col-laboracio-de-centres-en-un-nou-video-medutarraco-medieval\/attachment\/esto15\/'><img loading=\"lazy\" decoding=\"async\" width=\"150\" height=\"150\" src=\"https:\/\/projectes.xtec.cat\/met\/wp-content\/uploads\/usu1743\/2025\/05\/esto15-150x150.png\" class=\"attachment-thumbnail size-thumbnail\" alt=\"\" \/><\/a>\n\t\t\t<\/dt><\/dl><br style=\"clear: both\" \/><dl class='gallery-item'>\n\t\t\t<dt class='gallery-icon landscape'>\n\t\t\t\t<a href='https:\/\/projectes.xtec.cat\/met\/portada\/col-laboracio-de-centres-en-un-nou-video-medutarraco-medieval\/attachment\/estoooo\/'><img loading=\"lazy\" decoding=\"async\" width=\"150\" height=\"150\" src=\"https:\/\/projectes.xtec.cat\/met\/wp-content\/uploads\/usu1743\/2025\/05\/estoooo-150x150.png\" class=\"attachment-thumbnail size-thumbnail\" alt=\"\" \/><\/a>\n\t\t\t<\/dt><\/dl><dl class='gallery-item'>\n\t\t\t<dt class='gallery-icon landscape'>\n\t\t\t\t<a href='https:\/\/projectes.xtec.cat\/met\/portada\/col-laboracio-de-centres-en-un-nou-video-medutarraco-medieval\/attachment\/estooo\/'><img loading=\"lazy\" decoding=\"async\" width=\"150\" height=\"150\" src=\"https:\/\/projectes.xtec.cat\/met\/wp-content\/uploads\/usu1743\/2025\/05\/estooo-150x150.png\" class=\"attachment-thumbnail size-thumbnail\" alt=\"\" \/><\/a>\n\t\t\t<\/dt><\/dl>\n\t\t\t<br style='clear: both' \/>\n\t\t<\/div>\n\n<p>&nbsp;<\/p>\n","protected":false},"excerpt":{"rendered":"<p>El curs 23-24 es va portar a terme un nou projecte dins de mEduTarraco: mEduTarraco Medieval.Durant aquests dies i fins al 30 de maig, alguns i algunes de vosaltres heu pogut gaudir d&#8217;aquest nou itinerari que va originar-se en col.laboraci\u00f3 de docents i en especial&hellip;  <a href=\"https:\/\/projectes.xtec.cat\/met\/portada\/col-laboracio-de-centres-en-un-nou-video-medutarraco-medieval\/\" title=\"Read COL.LABORACI\u00d3 DE CENTRES EN UN NOU VIDEO: MEDUTARRACO MEDIEVAL\">Llegeix m\u00e9s\u00bb<\/a><\/p>\n","protected":false},"author":12,"featured_media":10164,"comment_status":"open","ping_status":"closed","sticky":false,"template":"","format":"standard","meta":{"_bbp_topic_count":0,"_bbp_reply_count":0,"_bbp_total_topic_count":0,"_bbp_total_reply_count":0,"_bbp_voice_count":0,"_bbp_anonymous_reply_count":0,"_bbp_topic_count_hidden":0,"_bbp_reply_count_hidden":0,"_bbp_forum_subforum_count":0,"footnotes":""},"categories":[64,301,29],"tags":[],"class_list":["post-10161","post","type-post","status-publish","format-standard","has-post-thumbnail","hentry","category-comunitat","category-medieval","category-portada"],"post_mailing_queue_ids":[],"_links":{"self":[{"href":"https:\/\/projectes.xtec.cat\/met\/wp-json\/wp\/v2\/posts\/10161","targetHints":{"allow":["GET"]}}],"collection":[{"href":"https:\/\/projectes.xtec.cat\/met\/wp-json\/wp\/v2\/posts"}],"about":[{"href":"https:\/\/projectes.xtec.cat\/met\/wp-json\/wp\/v2\/types\/post"}],"author":[{"embeddable":true,"href":"https:\/\/projectes.xtec.cat\/met\/wp-json\/wp\/v2\/users\/12"}],"replies":[{"embeddable":true,"href":"https:\/\/projectes.xtec.cat\/met\/wp-json\/wp\/v2\/comments?post=10161"}],"version-history":[{"count":3,"href":"https:\/\/projectes.xtec.cat\/met\/wp-json\/wp\/v2\/posts\/10161\/revisions"}],"predecessor-version":[{"id":10189,"href":"https:\/\/projectes.xtec.cat\/met\/wp-json\/wp\/v2\/posts\/10161\/revisions\/10189"}],"wp:featuredmedia":[{"embeddable":true,"href":"https:\/\/projectes.xtec.cat\/met\/wp-json\/wp\/v2\/media\/10164"}],"wp:attachment":[{"href":"https:\/\/projectes.xtec.cat\/met\/wp-json\/wp\/v2\/media?parent=10161"}],"wp:term":[{"taxonomy":"category","embeddable":true,"href":"https:\/\/projectes.xtec.cat\/met\/wp-json\/wp\/v2\/categories?post=10161"},{"taxonomy":"post_tag","embeddable":true,"href":"https:\/\/projectes.xtec.cat\/met\/wp-json\/wp\/v2\/tags?post=10161"}],"curies":[{"name":"wp","href":"https:\/\/api.w.org\/{rel}","templated":true}]}}