{"id":10223,"date":"2025-06-04T19:44:51","date_gmt":"2025-06-04T17:44:51","guid":{"rendered":"https:\/\/projectes.xtec.cat\/met\/?p=10223"},"modified":"2025-06-05T21:54:18","modified_gmt":"2025-06-05T19:54:18","slug":"gracies-docents-i-alumnat-participant-edicio-curs-25-26","status":"publish","type":"post","link":"https:\/\/projectes.xtec.cat\/met\/general\/gracies-docents-i-alumnat-participant-edicio-curs-25-26\/","title":{"rendered":"GR\u00c0CIES DOCENTS I ALUMNAT PARTICIPANT!"},"content":{"rendered":"<p>Acaba el mes de maig i mEduTarraco tanca els seus itineraris 1,2,3 i mEduTarraco Medieval fins al proper curs.<\/p>\n<p>Estem molt contents per la magn\u00edfica edici\u00f3 d&#8217;enguany amb una resposta de tants centres que han comptat amb mEduTarraco per ajudar a l&#8217;aprenentatge del seu alumnat des de diferents \u00e0mbits, no hem d&#8217;oblidar que \u00e9s un projecte multicompetencial que a trav\u00e9s de la georeferenciaci\u00f3 desenvolupa i ajuda al coneixement d&#8217;una ciutat educadora com \u00e9s Tarragona.<\/p>\n<p>No tots els grups visitants de mEduTarraco van inscriure&#8217;s via formulari. Els que ho van fer i van rebre les motxilles obsequi de mEduTarraco, s\u00f3n:<\/p>\n<table class=\" aligncenter\">\n<tbody>\n<tr>\n<td><strong>Nom del Centre<\/strong><\/td>\n<\/tr>\n<tr>\n<td><span style=\"font-weight: 400;\">Dominiques Tarragona<\/span><\/td>\n<\/tr>\n<tr>\n<td><span style=\"font-weight: 400;\">Institut Escola \u00c0ngel de Tobies<\/span><\/td>\n<\/tr>\n<tr>\n<td><span style=\"font-weight: 400;\">Institut Pons d&#8217;Icart<\/span><\/td>\n<\/tr>\n<tr>\n<td><span style=\"font-weight: 400;\">Escola Arquitecte Jujol<\/span><\/td>\n<\/tr>\n<tr>\n<td><span style=\"font-weight: 400;\">Ins Els Planells<\/span><\/td>\n<\/tr>\n<tr>\n<td><span style=\"font-weight: 400;\">Institut Ramon de la Torre<\/span><\/td>\n<\/tr>\n<tr>\n<td><span style=\"font-weight: 400;\">IE l&#8217;Arrabassada<\/span><\/td>\n<\/tr>\n<tr>\n<td><span style=\"font-weight: 400;\">Escola Tarragona<\/span><\/td>\n<\/tr>\n<tr>\n<td><span style=\"font-weight: 400;\">CEIP PAU VILA, EL PAPIOL &#8211; BARCELONA<\/span><\/td>\n<\/tr>\n<tr>\n<td><span style=\"font-weight: 400;\">INS Constant\u00ed<\/span><\/td>\n<\/tr>\n<tr>\n<td><span style=\"font-weight: 400;\">Institut Francesc Vidal i Barraquer<\/span><\/td>\n<\/tr>\n<tr>\n<td><span style=\"font-weight: 400;\">La Salle Tarragona<\/span><\/td>\n<\/tr>\n<tr>\n<td><span style=\"font-weight: 400;\">INS Antoni de Mar\u00ed i Franqu\u00e8s<\/span><\/td>\n<\/tr>\n<tr>\n<td><span style=\"font-weight: 400;\">Institut Julio Antonio<\/span><\/td>\n<\/tr>\n<tr>\n<td><span style=\"font-weight: 400;\">Escola Eladi Homs<\/span><\/td>\n<\/tr>\n<tr>\n<td><span style=\"font-weight: 400;\">IE Mar\u00eda Miret<\/span><\/td>\n<\/tr>\n<\/tbody>\n<\/table>\n<table class=\" aligncenter\" style=\"border-collapse: collapse; width: 51.1471%; height: 78px;\">\n<tbody>\n<tr>\n<td style=\"width: 100%;\">\n<p class=\"LC20lb MBeuO DKV0Md\">Institut d&#8217;Horticultura i Jardineria &#8211; CFGS i CFGM a Reus<\/p>\n<\/td>\n<\/tr>\n<tr>\n<td style=\"width: 100%;\"><\/td>\n<\/tr>\n<\/tbody>\n<\/table>\n<p>Majorit\u00e0riament , el mes que van venir a realitzar mEduTarraco va ser abril. El bon temps i finalitzaci\u00f3 i\/o inici del trimestre van propiciar la sortida.<\/p>\n<p>Enguany el mes de maig ha tornat a mantenir-se obert mEduTarraco per poder donar resposta a les necessitats dels centres.<\/p>\n<p>Han participat 96 docents i 1087 alumnes.<\/p>\n<p>L&#8217;itinerari creat per l&#8217;alumnat, mEduTarraco Medieval, ha estat el que m\u00e9s participaci\u00f3 ha tingut, un 60% i la resta de participants, un 40%, han optat per mEduTarraco en itinerari 1 i 2.<\/p>\n<p>Cal destacar com alguns centres han realitzat mEduTarraco completant la sortida amb activitats educativa de l&#8217;\u00e0mplia oferta educativa de que disposa la ciutat de Tarragona.<\/p>\n<p>Enguany tamb\u00e9 amb l&#8217;arribada de l&#8217;estiu tornarem a oferir en obert l&#8217;itinerari<strong> mEduTarraco ESTIU<\/strong> en diferents idiomes: catal\u00e0, franc\u00e8s, angl\u00e8s, castell\u00e0.<\/p>\n<p><strong><a href=\"https:\/\/projectes.xtec.cat\/met\/wp-content\/uploads\/usu1743\/2025\/06\/novetat.png\"><img loading=\"lazy\" decoding=\"async\" class=\"alignnone wp-image-10224\" src=\"https:\/\/projectes.xtec.cat\/met\/wp-content\/uploads\/usu1743\/2025\/06\/novetat.png\" alt=\"\" width=\"167\" height=\"128\" srcset=\"https:\/\/projectes.xtec.cat\/met\/wp-content\/uploads\/usu1743\/2025\/06\/novetat.png 481w, https:\/\/projectes.xtec.cat\/met\/wp-content\/uploads\/usu1743\/2025\/06\/novetat-300x229.png 300w\" sizes=\"auto, (max-width: 167px) 100vw, 167px\" \/><\/a>NOVETATS<\/strong> <strong>curs 25-26<\/strong>: Ja disposeu el formulari mEduTarraco Port obert perqu\u00e8 pugueu fer la pre-inscripci\u00f3 per col.laborar amb el vostre alumnat en el nou itinerari que engeguem al primer trimestre del curs 2025\u00a0 perqu\u00e8 puguem jugar al 2026.<\/p>\n<p>Si est\u00e0s interessat nom\u00e9s cal que facis aquesta\u00a0<strong>pre-Inscripci\u00f3:\u00a0<\/strong><a href=\"https:\/\/forms.gle\/B4Aag1bKQnG8ESt2A\">https:\/\/forms.gle\/B4Aag1bKQnG8ESt2A<\/a><\/p>\n<p>L&#8217;equip de mEduTarraco us espera perqu\u00e8 constru\u00efm plegats amb el nostre suport i assessorament, un projecte amb reptes de programaci\u00f3 i pensament computacional, jocs adicionals, i moltes sorpreses, dins del marc de la creaci\u00f3 de continguts georeferenciats per part de l&#8217;alumnat.<\/p>\n<p>&nbsp;<\/p>\n<p>Gr\u00e0cies a tots i totes i ens retrobem el proper curs 25-26!!!<\/p>\n<p><a href=\"https:\/\/projectes.xtec.cat\/met\/wp-content\/uploads\/usu1743\/2025\/06\/mg.png\"><img loading=\"lazy\" decoding=\"async\" class=\"size-full wp-image-10226 aligncenter\" src=\"https:\/\/projectes.xtec.cat\/met\/wp-content\/uploads\/usu1743\/2025\/06\/mg.png\" alt=\"\" width=\"430\" height=\"418\" srcset=\"https:\/\/projectes.xtec.cat\/met\/wp-content\/uploads\/usu1743\/2025\/06\/mg.png 430w, https:\/\/projectes.xtec.cat\/met\/wp-content\/uploads\/usu1743\/2025\/06\/mg-300x292.png 300w\" sizes=\"auto, (max-width: 430px) 100vw, 430px\" \/><\/a><\/p>\n<p>&nbsp;<\/p>\n","protected":false},"excerpt":{"rendered":"<p>Acaba el mes de maig i mEduTarraco tanca els seus itineraris 1,2,3 i mEduTarraco Medieval fins al proper curs.<br \/>\nEstem molt contents per la magn\u00edfica edici\u00f3 d&#8217;enguany amb una resposta de tants centres que han comptat amb mEduTarraco per ajudar a l&#8217;aprenentatge del seu alumnat des&hellip;  <a href=\"https:\/\/projectes.xtec.cat\/met\/general\/gracies-docents-i-alumnat-participant-edicio-curs-25-26\/\" title=\"Read GR\u00c0CIES DOCENTS I ALUMNAT PARTICIPANT!\">Llegeix m\u00e9s\u00bb<\/a><\/p>\n","protected":false},"author":12,"featured_media":10226,"comment_status":"open","ping_status":"open","sticky":false,"template":"","format":"standard","meta":{"_bbp_topic_count":0,"_bbp_reply_count":0,"_bbp_total_topic_count":0,"_bbp_total_reply_count":0,"_bbp_voice_count":0,"_bbp_anonymous_reply_count":0,"_bbp_topic_count_hidden":0,"_bbp_reply_count_hidden":0,"_bbp_forum_subforum_count":0,"footnotes":""},"categories":[66,1,301,29],"tags":[],"class_list":["post-10223","post","type-post","status-publish","format-standard","has-post-thumbnail","hentry","category-dinamitzacio","category-general","category-medieval","category-portada"],"post_mailing_queue_ids":[],"_links":{"self":[{"href":"https:\/\/projectes.xtec.cat\/met\/wp-json\/wp\/v2\/posts\/10223","targetHints":{"allow":["GET"]}}],"collection":[{"href":"https:\/\/projectes.xtec.cat\/met\/wp-json\/wp\/v2\/posts"}],"about":[{"href":"https:\/\/projectes.xtec.cat\/met\/wp-json\/wp\/v2\/types\/post"}],"author":[{"embeddable":true,"href":"https:\/\/projectes.xtec.cat\/met\/wp-json\/wp\/v2\/users\/12"}],"replies":[{"embeddable":true,"href":"https:\/\/projectes.xtec.cat\/met\/wp-json\/wp\/v2\/comments?post=10223"}],"version-history":[{"count":6,"href":"https:\/\/projectes.xtec.cat\/met\/wp-json\/wp\/v2\/posts\/10223\/revisions"}],"predecessor-version":[{"id":10232,"href":"https:\/\/projectes.xtec.cat\/met\/wp-json\/wp\/v2\/posts\/10223\/revisions\/10232"}],"wp:featuredmedia":[{"embeddable":true,"href":"https:\/\/projectes.xtec.cat\/met\/wp-json\/wp\/v2\/media\/10226"}],"wp:attachment":[{"href":"https:\/\/projectes.xtec.cat\/met\/wp-json\/wp\/v2\/media?parent=10223"}],"wp:term":[{"taxonomy":"category","embeddable":true,"href":"https:\/\/projectes.xtec.cat\/met\/wp-json\/wp\/v2\/categories?post=10223"},{"taxonomy":"post_tag","embeddable":true,"href":"https:\/\/projectes.xtec.cat\/met\/wp-json\/wp\/v2\/tags?post=10223"}],"curies":[{"name":"wp","href":"https:\/\/api.w.org\/{rel}","templated":true}]}}