{"id":8494,"date":"2018-02-22T12:22:22","date_gmt":"2018-02-22T11:22:22","guid":{"rendered":"http:\/\/projectes.xtec.cat\/met\/?p=8494"},"modified":"2018-02-22T12:27:00","modified_gmt":"2018-02-22T11:27:00","slug":"mes-de-700-alumnes-participaran-en-el-projecte","status":"publish","type":"post","link":"https:\/\/projectes.xtec.cat\/met\/general\/mes-de-700-alumnes-participaran-en-el-projecte\/","title":{"rendered":"M\u00e9s de 700 alumnes participaran en el projecte"},"content":{"rendered":"<p><a href=\"http:\/\/projectes.xtec.cat\/met\/wp-content\/uploads\/usu1743\/2018\/02\/met-p-cap\u00e7alera-esquerra.jpg\"><img loading=\"lazy\" decoding=\"async\" class=\"wp-image-8356 size-medium alignleft\" src=\"http:\/\/projectes.xtec.cat\/met\/wp-content\/uploads\/usu1743\/2018\/02\/met-p-cap\u00e7alera-esquerra-300x173.jpg\" alt=\"\" width=\"300\" height=\"173\" srcset=\"https:\/\/projectes.xtec.cat\/met\/wp-content\/uploads\/usu1743\/2018\/02\/met-p-cap\u00e7alera-esquerra-300x173.jpg 300w, https:\/\/projectes.xtec.cat\/met\/wp-content\/uploads\/usu1743\/2018\/02\/met-p-cap\u00e7alera-esquerra.jpg 514w\" sizes=\"auto, (max-width: 300px) 100vw, 300px\" \/><\/a>M\u00e9s de 700 alumnes de 18 centres de les comarques tarragonines participaran en el projecte medutarraco el\u00a0 dia 8 de mar\u00e7\u00a0 un projecte\u00a0 perqu\u00e8 els estudiants coneguin la ciutat de Tarragona mitjan\u00e7ant la tecnologia m\u00f2bil i la georeferenciaci\u00f3. Gr\u00e0cies a aquesta experi\u00e8ncia, els alumnes dels diversos instituts i escoles\u00a0 aprendran a utilitzar les tecnologies m\u00f2bils, con\u00e8ixer els indrets m\u00e9s caracter\u00edstics de Tarragona i gaudiran d\u2019activitats did\u00e0ctiques.<\/p>\n","protected":false},"excerpt":{"rendered":"<p><a href=\"http:\/\/projectes.xtec.cat\/met\/wp-content\/uploads\/usu1743\/2018\/02\/met-p-cap\u00e7alera-esquerra.jpg\"><\/a>M\u00e9s de 700 alumnes de 18 centres de les comarques tarragonines participaran en el projecte medutarraco el\u00a0 dia 8 de mar\u00e7\u00a0 un projecte\u00a0 perqu\u00e8 els estudiants coneguin la ciutat de Tarragona mitjan\u00e7ant la tecnologia m\u00f2bil i la georeferenciaci\u00f3. Gr\u00e0cies a aquesta experi\u00e8ncia, els alumnes&hellip;  <a href=\"https:\/\/projectes.xtec.cat\/met\/general\/mes-de-700-alumnes-participaran-en-el-projecte\/\" title=\"Read M\u00e9s de 700 alumnes participaran en el projecte\">Llegeix m\u00e9s\u00bb<\/a><\/p>\n","protected":false},"author":6,"featured_media":8372,"comment_status":"open","ping_status":"closed","sticky":false,"template":"","format":"standard","meta":{"_bbp_topic_count":0,"_bbp_reply_count":0,"_bbp_total_topic_count":0,"_bbp_total_reply_count":0,"_bbp_voice_count":0,"_bbp_anonymous_reply_count":0,"_bbp_topic_count_hidden":0,"_bbp_reply_count_hidden":0,"_bbp_forum_subforum_count":0,"footnotes":""},"categories":[1,29],"tags":[],"class_list":["post-8494","post","type-post","status-publish","format-standard","has-post-thumbnail","hentry","category-general","category-portada"],"post_mailing_queue_ids":[],"_links":{"self":[{"href":"https:\/\/projectes.xtec.cat\/met\/wp-json\/wp\/v2\/posts\/8494","targetHints":{"allow":["GET"]}}],"collection":[{"href":"https:\/\/projectes.xtec.cat\/met\/wp-json\/wp\/v2\/posts"}],"about":[{"href":"https:\/\/projectes.xtec.cat\/met\/wp-json\/wp\/v2\/types\/post"}],"author":[{"embeddable":true,"href":"https:\/\/projectes.xtec.cat\/met\/wp-json\/wp\/v2\/users\/6"}],"replies":[{"embeddable":true,"href":"https:\/\/projectes.xtec.cat\/met\/wp-json\/wp\/v2\/comments?post=8494"}],"version-history":[{"count":2,"href":"https:\/\/projectes.xtec.cat\/met\/wp-json\/wp\/v2\/posts\/8494\/revisions"}],"predecessor-version":[{"id":8496,"href":"https:\/\/projectes.xtec.cat\/met\/wp-json\/wp\/v2\/posts\/8494\/revisions\/8496"}],"wp:featuredmedia":[{"embeddable":true,"href":"https:\/\/projectes.xtec.cat\/met\/wp-json\/wp\/v2\/media\/8372"}],"wp:attachment":[{"href":"https:\/\/projectes.xtec.cat\/met\/wp-json\/wp\/v2\/media?parent=8494"}],"wp:term":[{"taxonomy":"category","embeddable":true,"href":"https:\/\/projectes.xtec.cat\/met\/wp-json\/wp\/v2\/categories?post=8494"},{"taxonomy":"post_tag","embeddable":true,"href":"https:\/\/projectes.xtec.cat\/met\/wp-json\/wp\/v2\/tags?post=8494"}],"curies":[{"name":"wp","href":"https:\/\/api.w.org\/{rel}","templated":true}]}}