{"id":8574,"date":"2018-04-07T10:09:30","date_gmt":"2018-04-07T08:09:30","guid":{"rendered":"http:\/\/projectes.xtec.cat\/met\/?p=8574"},"modified":"2021-02-16T18:38:37","modified_gmt":"2021-02-16T17:38:37","slug":"jornada-ciberespiral-al-caixaforum","status":"publish","type":"post","link":"https:\/\/projectes.xtec.cat\/met\/portada\/jornada-ciberespiral-al-caixaforum\/","title":{"rendered":"Edici\u00f3 2018: Jornada Ciberespiral al Caixaforum"},"content":{"rendered":"<p><a href=\"https:\/\/projectes.xtec.cat\/met\/wp-content\/uploads\/usu1743\/2018\/04\/rsz_20180407_124105.jpg\"><img loading=\"lazy\" decoding=\"async\" class=\"wp-image-8592 alignleft\" src=\"https:\/\/projectes.xtec.cat\/met\/wp-content\/uploads\/usu1743\/2018\/04\/rsz_20180407_124105-930x1024.jpg\" alt=\"\" width=\"218\" height=\"240\" srcset=\"https:\/\/projectes.xtec.cat\/met\/wp-content\/uploads\/usu1743\/2018\/04\/rsz_20180407_124105-930x1024.jpg 930w, https:\/\/projectes.xtec.cat\/met\/wp-content\/uploads\/usu1743\/2018\/04\/rsz_20180407_124105-272x300.jpg 272w, https:\/\/projectes.xtec.cat\/met\/wp-content\/uploads\/usu1743\/2018\/04\/rsz_20180407_124105-768x846.jpg 768w, https:\/\/projectes.xtec.cat\/met\/wp-content\/uploads\/usu1743\/2018\/04\/rsz_20180407_124105.jpg 1338w\" sizes=\"auto, (max-width: 218px) 100vw, 218px\" \/><\/a>Les professores N\u00faria Vallverd\u00fa (Escola Mari\u00e0 Fortuny de Reus), Maria Llu\u00efsa Forjan (Escola l\u2019Antina de Torredembarra) i J\u00falia Llurba (Institut d&#8217;Altafulla) en representaci\u00f3 dels professors organitzadors del mEduTarraco han presentat el projecte a la Jornada Espiral 2018 promoguda per l\u2019Associaci\u00f3 Espiral, Educaci\u00f3 i Tecnologia anomenada \u201cGenerant sinergies, obrint camins\u201d al Caixaforum de Barcelona aquest dissabte 7 d\u2019abril<\/p>\n","protected":false},"excerpt":{"rendered":"<p><a href=\"https:\/\/projectes.xtec.cat\/met\/wp-content\/uploads\/usu1743\/2018\/04\/rsz_20180407_124105.jpg\"><\/a>Les professores N\u00faria Vallverd\u00fa (Escola Mari\u00e0 Fortuny de Reus), Maria Llu\u00efsa Forjan (Escola l\u2019Antina de Torredembarra) i J\u00falia Llurba (Institut d&#8217;Altafulla) en representaci\u00f3 dels professors organitzadors del mEduTarraco han presentat el projecte a la Jornada Espiral 2018 promoguda per l\u2019Associaci\u00f3 Espiral, Educaci\u00f3 i Tecnologia&hellip;  <a href=\"https:\/\/projectes.xtec.cat\/met\/portada\/jornada-ciberespiral-al-caixaforum\/\" title=\"Read Edici\u00f3 2018: Jornada Ciberespiral al Caixaforum\">Llegeix m\u00e9s\u00bb<\/a><\/p>\n","protected":false},"author":6,"featured_media":8592,"comment_status":"open","ping_status":"closed","sticky":false,"template":"","format":"standard","meta":{"_bbp_topic_count":0,"_bbp_reply_count":0,"_bbp_total_topic_count":0,"_bbp_total_reply_count":0,"_bbp_voice_count":0,"_bbp_anonymous_reply_count":0,"_bbp_topic_count_hidden":0,"_bbp_reply_count_hidden":0,"_bbp_forum_subforum_count":0,"footnotes":""},"categories":[29],"tags":[],"class_list":["post-8574","post","type-post","status-publish","format-standard","has-post-thumbnail","hentry","category-portada"],"post_mailing_queue_ids":[],"_links":{"self":[{"href":"https:\/\/projectes.xtec.cat\/met\/wp-json\/wp\/v2\/posts\/8574","targetHints":{"allow":["GET"]}}],"collection":[{"href":"https:\/\/projectes.xtec.cat\/met\/wp-json\/wp\/v2\/posts"}],"about":[{"href":"https:\/\/projectes.xtec.cat\/met\/wp-json\/wp\/v2\/types\/post"}],"author":[{"embeddable":true,"href":"https:\/\/projectes.xtec.cat\/met\/wp-json\/wp\/v2\/users\/6"}],"replies":[{"embeddable":true,"href":"https:\/\/projectes.xtec.cat\/met\/wp-json\/wp\/v2\/comments?post=8574"}],"version-history":[{"count":3,"href":"https:\/\/projectes.xtec.cat\/met\/wp-json\/wp\/v2\/posts\/8574\/revisions"}],"predecessor-version":[{"id":8973,"href":"https:\/\/projectes.xtec.cat\/met\/wp-json\/wp\/v2\/posts\/8574\/revisions\/8973"}],"wp:featuredmedia":[{"embeddable":true,"href":"https:\/\/projectes.xtec.cat\/met\/wp-json\/wp\/v2\/media\/8592"}],"wp:attachment":[{"href":"https:\/\/projectes.xtec.cat\/met\/wp-json\/wp\/v2\/media?parent=8574"}],"wp:term":[{"taxonomy":"category","embeddable":true,"href":"https:\/\/projectes.xtec.cat\/met\/wp-json\/wp\/v2\/categories?post=8574"},{"taxonomy":"post_tag","embeddable":true,"href":"https:\/\/projectes.xtec.cat\/met\/wp-json\/wp\/v2\/tags?post=8574"}],"curies":[{"name":"wp","href":"https:\/\/api.w.org\/{rel}","templated":true}]}}