{"id":8581,"date":"2018-09-22T16:41:55","date_gmt":"2018-09-22T14:41:55","guid":{"rendered":"http:\/\/projectes.xtec.cat\/met\/?p=8581"},"modified":"2021-02-16T18:35:34","modified_gmt":"2021-02-16T17:35:34","slug":"reunio-informativa-del-projecte-medutarraco-2019","status":"publish","type":"post","link":"https:\/\/projectes.xtec.cat\/met\/portada\/reunio-informativa-del-projecte-medutarraco-2019\/","title":{"rendered":"Edici\u00f3 2019: Reuni\u00f3 informativa del projecte mEduTarraco 2019"},"content":{"rendered":"<p><a href=\"http:\/\/projectes.xtec.cat\/met\/wp-content\/uploads\/usu1743\/2018\/02\/met-p-cap\u00e7alera-esquerra.jpg\"><img loading=\"lazy\" decoding=\"async\" class=\" wp-image-8356 alignleft\" src=\"http:\/\/projectes.xtec.cat\/met\/wp-content\/uploads\/usu1743\/2018\/02\/met-p-cap\u00e7alera-esquerra.jpg\" alt=\"\" width=\"347\" height=\"200\" srcset=\"https:\/\/projectes.xtec.cat\/met\/wp-content\/uploads\/usu1743\/2018\/02\/met-p-cap\u00e7alera-esquerra.jpg 514w, https:\/\/projectes.xtec.cat\/met\/wp-content\/uploads\/usu1743\/2018\/02\/met-p-cap\u00e7alera-esquerra-300x173.jpg 300w\" sizes=\"auto, (max-width: 347px) 100vw, 347px\" \/><\/a>El proper dimarts dia 2 d&#8217;octubre a les 18 h a l&#8217;<a href=\"http:\/\/www.institutmartifranques.com\/\" target=\"_blank\" rel=\"noopener noreferrer\">Institut Mart\u00ed i Franqu\u00e8s<\/a> \u00e9s far\u00e0 una reuni\u00f3 informativa per als centres per coneixer el projecte m-EduTarraco i les novetats d&#8217;aquesta nova edici\u00f3.<\/p>\n<p><a href=\"https:\/\/docs.google.com\/forms\/d\/e\/1FAIpQLSeCmmSOeKnVyToPmkZ1M5vnEw0WwlV5dgPx_I-flRP812oMKg\/viewform\" target=\"_blank\" rel=\"noopener noreferrer\">Formulari d&#8217;inscripci\u00f3 per assistir a la reuni\u00f3<\/a><\/p>\n<p>&nbsp;<\/p>\n<p>&nbsp;<\/p>\n<p>&nbsp;<\/p>\n","protected":false},"excerpt":{"rendered":"<p><a href=\"http:\/\/projectes.xtec.cat\/met\/wp-content\/uploads\/usu1743\/2018\/02\/met-p-cap\u00e7alera-esquerra.jpg\"><\/a>El proper dimarts dia 2 d&#8217;octubre a les 18 h a l&#8217;<a href=\"http:\/\/www.institutmartifranques.com\/\" target=\"_blank\" rel=\"noopener noreferrer\">Institut Mart\u00ed i Franqu\u00e8s<\/a> \u00e9s far\u00e0 una reuni\u00f3 informativa per als centres per coneixer el projecte m-EduTarraco i les novetats d&#8217;aquesta nova edici\u00f3.<br \/>\n<a href=\"https:\/\/docs.google.com\/forms\/d\/e\/1FAIpQLSeCmmSOeKnVyToPmkZ1M5vnEw0WwlV5dgPx_I-flRP812oMKg\/viewform\" target=\"_blank\" rel=\"noopener noreferrer\">Formulari d&#8217;inscripci\u00f3 per&hellip;  <a href=\"https:\/\/projectes.xtec.cat\/met\/portada\/reunio-informativa-del-projecte-medutarraco-2019\/\" title=\"Read Edici\u00f3 2019: Reuni\u00f3 informativa del projecte mEduTarraco 2019\">Llegeix m\u00e9s\u00bb<\/a><\/p>\n","protected":false},"author":6,"featured_media":8561,"comment_status":"open","ping_status":"closed","sticky":false,"template":"","format":"standard","meta":{"_bbp_topic_count":0,"_bbp_reply_count":0,"_bbp_total_topic_count":0,"_bbp_total_reply_count":0,"_bbp_voice_count":0,"_bbp_anonymous_reply_count":0,"_bbp_topic_count_hidden":0,"_bbp_reply_count_hidden":0,"_bbp_forum_subforum_count":0,"footnotes":""},"categories":[29],"tags":[],"class_list":["post-8581","post","type-post","status-publish","format-standard","has-post-thumbnail","hentry","category-portada"],"post_mailing_queue_ids":[],"_links":{"self":[{"href":"https:\/\/projectes.xtec.cat\/met\/wp-json\/wp\/v2\/posts\/8581","targetHints":{"allow":["GET"]}}],"collection":[{"href":"https:\/\/projectes.xtec.cat\/met\/wp-json\/wp\/v2\/posts"}],"about":[{"href":"https:\/\/projectes.xtec.cat\/met\/wp-json\/wp\/v2\/types\/post"}],"author":[{"embeddable":true,"href":"https:\/\/projectes.xtec.cat\/met\/wp-json\/wp\/v2\/users\/6"}],"replies":[{"embeddable":true,"href":"https:\/\/projectes.xtec.cat\/met\/wp-json\/wp\/v2\/comments?post=8581"}],"version-history":[{"count":3,"href":"https:\/\/projectes.xtec.cat\/met\/wp-json\/wp\/v2\/posts\/8581\/revisions"}],"predecessor-version":[{"id":8968,"href":"https:\/\/projectes.xtec.cat\/met\/wp-json\/wp\/v2\/posts\/8581\/revisions\/8968"}],"wp:featuredmedia":[{"embeddable":true,"href":"https:\/\/projectes.xtec.cat\/met\/wp-json\/wp\/v2\/media\/8561"}],"wp:attachment":[{"href":"https:\/\/projectes.xtec.cat\/met\/wp-json\/wp\/v2\/media?parent=8581"}],"wp:term":[{"taxonomy":"category","embeddable":true,"href":"https:\/\/projectes.xtec.cat\/met\/wp-json\/wp\/v2\/categories?post=8581"},{"taxonomy":"post_tag","embeddable":true,"href":"https:\/\/projectes.xtec.cat\/met\/wp-json\/wp\/v2\/tags?post=8581"}],"curies":[{"name":"wp","href":"https:\/\/api.w.org\/{rel}","templated":true}]}}