{"id":8947,"date":"2021-02-04T20:25:16","date_gmt":"2021-02-04T19:25:16","guid":{"rendered":"http:\/\/projectes.xtec.cat\/met\/?p=8947"},"modified":"2021-04-17T18:50:51","modified_gmt":"2021-04-17T16:50:51","slug":"medutarraco-covid-edition-per-la-marato","status":"publish","type":"post","link":"https:\/\/projectes.xtec.cat\/met\/portada\/medutarraco-covid-edition-per-la-marato\/","title":{"rendered":"mEduTarraco COVID edition per La Marat\u00f3"},"content":{"rendered":"<p><a href=\"https:\/\/projectes.xtec.cat\/met\/wp-content\/uploads\/usu1743\/2021\/02\/Logo_Per-La-Marato\u2560\u00fc_Color_RGB.jpg\"><img loading=\"lazy\" decoding=\"async\" class=\"alignnone size-large wp-image-8948\" src=\"https:\/\/projectes.xtec.cat\/met\/wp-content\/uploads\/usu1743\/2021\/02\/Logo_Per-La-Marato\u2560\u00fc_Color_RGB-1024x196.jpg\" alt=\"\" width=\"1024\" height=\"196\" srcset=\"https:\/\/projectes.xtec.cat\/met\/wp-content\/uploads\/usu1743\/2021\/02\/Logo_Per-La-Marato\u2560\u00fc_Color_RGB-1024x196.jpg 1024w, https:\/\/projectes.xtec.cat\/met\/wp-content\/uploads\/usu1743\/2021\/02\/Logo_Per-La-Marato\u2560\u00fc_Color_RGB-300x57.jpg 300w, https:\/\/projectes.xtec.cat\/met\/wp-content\/uploads\/usu1743\/2021\/02\/Logo_Per-La-Marato\u2560\u00fc_Color_RGB-768x147.jpg 768w, https:\/\/projectes.xtec.cat\/met\/wp-content\/uploads\/usu1743\/2021\/02\/Logo_Per-La-Marato\u2560\u00fc_Color_RGB.jpg 2011w\" sizes=\"auto, (max-width: 1024px) 100vw, 1024px\" \/><\/a><\/p>\n<p>mEduTarraco torna la propera primavera en una edici\u00f3 molt especial, despr\u00e9s d\u2019un any de l\u2019inici de la pand\u00e8mia. Aquest repte es converteix en una oportunitat de cr\u00e9ixer i sumar sinergies perqu\u00e8 l\u2019objectiu fonamental del projecte, con\u00e8ixer la ciutat de Tarragona, es pugui dur a terme.<\/p>\n<p>Amb aquesta finalitat mEduTarraco, en la seva l\u00ednia de solidaritat, visi\u00f3 inclusiva i treball cooperatiu que el caracteritza, se suma en aquesta edici\u00f3 a les activitats de <strong>La Marat\u00f3 de TV3<\/strong> i es focalitza en els ODS 3(Salut i Benestar) i 4 (Educaci\u00f3 de qualitat) .<\/p>\n<p>Per cada usuari i usu\u00e0ria que participi i completi l\u2019activitat els sponsors del projecte, aportaran una quantitat determinada per a La Marat\u00f3. Aix\u00f2 comporta la cerca activa de col\u00b7laboradors i col\u00b7laboradores que es comprometin amb el Projecte.<\/p>\n<p>En aquest edici\u00f3 mEduTarraco es desenvolupar\u00e0 seguint aquestes l\u00ednies:<\/p>\n<ul>\n<li>El projecte es far\u00e0 de forma asincr\u00f2nica. S&#8217;obrir\u00e0 un per\u00edode dos mesos, des de l\u20191 d\u2019abril al 30 de maig de 2021, perqu\u00e8 els usuaris i usu\u00e0ries tri\u00efn la data m\u00e9s convenient per fer l\u2019activitat<\/li>\n<li>Poden participar en el projecte totes les persones interessades a con\u00e8ixer la ciutat. Els centres educatius poden seguir fent l\u2019activitat amb grups d\u2019alumnes. Se\u2019ls convida a engrescar la comunitat educativa, fam\u00edlies i ciutadania en general, per dur a terme l\u2019activitat.<\/li>\n<li>La participaci\u00f3 consistir\u00e0 en visitar punts emblem\u00e0tics de la ciutat de Tarragona i contestar les preguntes que planteja l\u2019aplicaci\u00f3 MHM.<\/li>\n<li>La puntuaci\u00f3 obtinguda en funci\u00f3 de les respostes encertades, es visibilitzar\u00e0 en un r\u00e0nquing.<\/li>\n<li>Es definir\u00e0 una puntuaci\u00f3 m\u00ednima, per considerar-se que la persona ha fet l\u2019activitat.<\/li>\n<li>Els esp\u00f2nsors faran la donaci\u00f3 de la quantitat acordada a La Marat\u00f3 de TV3 d\u2019acord amb el nombre de persones que hagin completat l\u2019activitat.<\/li>\n<\/ul>\n<p>El Projecte mEduTarraco\u00a0\u00e9s una iniciativa d\u2019un equip de 15 docents i est\u00e0 coorganitzat pels Serveis Territorials d\u2019Educaci\u00f3 a Tarragona, l\u2019Ajuntament de la ciutat i i el programa mSchools, una iniciativa que impulsa la Fundaci\u00f3 Mobile World Capital Foundation en col\u00b7laboraci\u00f3 amb la Generalitat de Catalunya, l\u2019Ajuntament de Barcelona i GSMA. El projecte compta tamb\u00e9 amb el suport d\u2019Itinerarium, Universitat Rovira i Virgili, Repsol i l\u2019Autoritat Portu\u00e0ria de Tarragona.<\/p>\n","protected":false},"excerpt":{"rendered":"<p><a href=\"https:\/\/projectes.xtec.cat\/met\/wp-content\/uploads\/usu1743\/2021\/02\/Logo_Per-La-Marato\u2560\u00fc_Color_RGB.jpg\"><\/a><br \/>\nmEduTarraco torna la propera primavera en una edici\u00f3 molt especial, despr\u00e9s d\u2019un any de l\u2019inici de la pand\u00e8mia. Aquest repte es converteix en una oportunitat de cr\u00e9ixer i sumar sinergies perqu\u00e8 l\u2019objectiu fonamental del projecte, con\u00e8ixer la ciutat de Tarragona, es pugui dur a&hellip;  <a href=\"https:\/\/projectes.xtec.cat\/met\/portada\/medutarraco-covid-edition-per-la-marato\/\" title=\"Read mEduTarraco COVID edition per La Marat\u00f3\">Llegeix m\u00e9s\u00bb<\/a><\/p>\n","protected":false},"author":6,"featured_media":8948,"comment_status":"open","ping_status":"closed","sticky":false,"template":"","format":"standard","meta":{"_bbp_topic_count":0,"_bbp_reply_count":0,"_bbp_total_topic_count":0,"_bbp_total_reply_count":0,"_bbp_voice_count":0,"_bbp_anonymous_reply_count":0,"_bbp_topic_count_hidden":0,"_bbp_reply_count_hidden":0,"_bbp_forum_subforum_count":0,"footnotes":""},"categories":[29],"tags":[],"class_list":["post-8947","post","type-post","status-publish","format-standard","has-post-thumbnail","hentry","category-portada"],"post_mailing_queue_ids":[],"_links":{"self":[{"href":"https:\/\/projectes.xtec.cat\/met\/wp-json\/wp\/v2\/posts\/8947","targetHints":{"allow":["GET"]}}],"collection":[{"href":"https:\/\/projectes.xtec.cat\/met\/wp-json\/wp\/v2\/posts"}],"about":[{"href":"https:\/\/projectes.xtec.cat\/met\/wp-json\/wp\/v2\/types\/post"}],"author":[{"embeddable":true,"href":"https:\/\/projectes.xtec.cat\/met\/wp-json\/wp\/v2\/users\/6"}],"replies":[{"embeddable":true,"href":"https:\/\/projectes.xtec.cat\/met\/wp-json\/wp\/v2\/comments?post=8947"}],"version-history":[{"count":1,"href":"https:\/\/projectes.xtec.cat\/met\/wp-json\/wp\/v2\/posts\/8947\/revisions"}],"predecessor-version":[{"id":8949,"href":"https:\/\/projectes.xtec.cat\/met\/wp-json\/wp\/v2\/posts\/8947\/revisions\/8949"}],"wp:featuredmedia":[{"embeddable":true,"href":"https:\/\/projectes.xtec.cat\/met\/wp-json\/wp\/v2\/media\/8948"}],"wp:attachment":[{"href":"https:\/\/projectes.xtec.cat\/met\/wp-json\/wp\/v2\/media?parent=8947"}],"wp:term":[{"taxonomy":"category","embeddable":true,"href":"https:\/\/projectes.xtec.cat\/met\/wp-json\/wp\/v2\/categories?post=8947"},{"taxonomy":"post_tag","embeddable":true,"href":"https:\/\/projectes.xtec.cat\/met\/wp-json\/wp\/v2\/tags?post=8947"}],"curies":[{"name":"wp","href":"https:\/\/api.w.org\/{rel}","templated":true}]}}