{"id":9076,"date":"2021-03-09T09:51:55","date_gmt":"2021-03-09T08:51:55","guid":{"rendered":"http:\/\/projectes.xtec.cat\/met\/?p=9076"},"modified":"2021-03-09T09:56:24","modified_gmt":"2021-03-09T08:56:24","slug":"webinar-desdibuixant-les-parets-de-laula","status":"publish","type":"post","link":"https:\/\/projectes.xtec.cat\/met\/portada\/webinar-desdibuixant-les-parets-de-laula\/","title":{"rendered":"Webinar, Les aules: una finestra oberta al m\u00f3n"},"content":{"rendered":"<p><a href=\"https:\/\/projectes.xtec.cat\/met\/wp-content\/uploads\/usu1743\/2021\/03\/Ev8yAWHXIAAQzob.jpg\"><img loading=\"lazy\" decoding=\"async\" class=\"alignleft wp-image-9080 size-medium\" src=\"https:\/\/projectes.xtec.cat\/met\/wp-content\/uploads\/usu1743\/2021\/03\/Ev8yAWHXIAAQzob-300x150.jpg\" alt=\"\" width=\"300\" height=\"150\" srcset=\"https:\/\/projectes.xtec.cat\/met\/wp-content\/uploads\/usu1743\/2021\/03\/Ev8yAWHXIAAQzob-300x150.jpg 300w, https:\/\/projectes.xtec.cat\/met\/wp-content\/uploads\/usu1743\/2021\/03\/Ev8yAWHXIAAQzob.jpg 679w\" sizes=\"auto, (max-width: 300px) 100vw, 300px\" \/><\/a>mSchools impulsa \u201cDesdibuixant les parets de l\u2019aula\u201d.<\/p>\n<p>El repte de l\u2019aprenentatge a les aules del s.XXI\u201d, un cicle de quatre webinars formatius adre\u00e7ats a docents de diferents \u00e0mbits i etapes educatives amb la finalitat de capacitar-los amb les habilitats necess\u00e0ries per fomentar un treball col\u00b7laboratiu a l\u2019aula, establir sinergies amb l&#8217;entorn i millorar la compet\u00e8ncia digital docent, tot utilitzant Mobile History Map com a plataforma vehiculadora de processos d\u2019aprenentatge a l\u2019aula.<\/p>\n<p><a href=\"https:\/\/mailchi.mp\/mschools.com\/webinars4\" target=\"_blank\" rel=\"noopener noreferrer\">Registra&#8217;t ja a la quarta i \u00faltima sessi\u00f3 omplint el formulari de registre i rebr\u00e0s un correu amb tota la informaci\u00f3 d&#8217;acc\u00e9s.<\/a> Si ja t&#8217;has inscrit a alguna de les sessions anteriors, no cal que ho tornis a fer. Dimecres 10 de mar\u00e7 de 17.30h a 19.00h<\/p>\n<p>Parlarem del nostre projecte amb C\u00e8lia Zamora, Jordi Gavald\u00e0 i Julen Iztueta<\/p>\n<p>&nbsp;<\/p>\n","protected":false},"excerpt":{"rendered":"<p><a href=\"https:\/\/projectes.xtec.cat\/met\/wp-content\/uploads\/usu1743\/2021\/03\/Ev8yAWHXIAAQzob.jpg\"><\/a>mSchools impulsa \u201cDesdibuixant les parets de l\u2019aula\u201d.<br \/>\nEl repte de l\u2019aprenentatge a les aules del s.XXI\u201d, un cicle de quatre webinars formatius adre\u00e7ats a docents de diferents \u00e0mbits i etapes educatives amb la finalitat de capacitar-los amb les habilitats necess\u00e0ries per fomentar un treball col\u00b7laboratiu&hellip;  <a href=\"https:\/\/projectes.xtec.cat\/met\/portada\/webinar-desdibuixant-les-parets-de-laula\/\" title=\"Read Webinar, Les aules: una finestra oberta al m\u00f3n\">Llegeix m\u00e9s\u00bb<\/a><\/p>\n","protected":false},"author":6,"featured_media":9080,"comment_status":"open","ping_status":"closed","sticky":false,"template":"","format":"standard","meta":{"_bbp_topic_count":0,"_bbp_reply_count":0,"_bbp_total_topic_count":0,"_bbp_total_reply_count":0,"_bbp_voice_count":0,"_bbp_anonymous_reply_count":0,"_bbp_topic_count_hidden":0,"_bbp_reply_count_hidden":0,"_bbp_forum_subforum_count":0,"footnotes":""},"categories":[29],"tags":[],"class_list":["post-9076","post","type-post","status-publish","format-standard","has-post-thumbnail","hentry","category-portada"],"post_mailing_queue_ids":[],"_links":{"self":[{"href":"https:\/\/projectes.xtec.cat\/met\/wp-json\/wp\/v2\/posts\/9076","targetHints":{"allow":["GET"]}}],"collection":[{"href":"https:\/\/projectes.xtec.cat\/met\/wp-json\/wp\/v2\/posts"}],"about":[{"href":"https:\/\/projectes.xtec.cat\/met\/wp-json\/wp\/v2\/types\/post"}],"author":[{"embeddable":true,"href":"https:\/\/projectes.xtec.cat\/met\/wp-json\/wp\/v2\/users\/6"}],"replies":[{"embeddable":true,"href":"https:\/\/projectes.xtec.cat\/met\/wp-json\/wp\/v2\/comments?post=9076"}],"version-history":[{"count":3,"href":"https:\/\/projectes.xtec.cat\/met\/wp-json\/wp\/v2\/posts\/9076\/revisions"}],"predecessor-version":[{"id":9082,"href":"https:\/\/projectes.xtec.cat\/met\/wp-json\/wp\/v2\/posts\/9076\/revisions\/9082"}],"wp:featuredmedia":[{"embeddable":true,"href":"https:\/\/projectes.xtec.cat\/met\/wp-json\/wp\/v2\/media\/9080"}],"wp:attachment":[{"href":"https:\/\/projectes.xtec.cat\/met\/wp-json\/wp\/v2\/media?parent=9076"}],"wp:term":[{"taxonomy":"category","embeddable":true,"href":"https:\/\/projectes.xtec.cat\/met\/wp-json\/wp\/v2\/categories?post=9076"},{"taxonomy":"post_tag","embeddable":true,"href":"https:\/\/projectes.xtec.cat\/met\/wp-json\/wp\/v2\/tags?post=9076"}],"curies":[{"name":"wp","href":"https:\/\/api.w.org\/{rel}","templated":true}]}}