{"id":9111,"date":"2021-04-10T15:20:14","date_gmt":"2021-04-10T13:20:14","guid":{"rendered":"http:\/\/projectes.xtec.cat\/met\/?p=9111"},"modified":"2021-04-22T09:49:36","modified_gmt":"2021-04-22T07:49:36","slug":"coneixer-la-ciutat-a-traves-del-mobil","status":"publish","type":"post","link":"https:\/\/projectes.xtec.cat\/met\/portada\/coneixer-la-ciutat-a-traves-del-mobil\/","title":{"rendered":"Reportatge de TAC12 TV: &#8220;Con\u00e8ixer la ciutat a trav\u00e9s del m\u00f2bil&#8221;"},"content":{"rendered":"<p><iframe loading=\"lazy\" src=\"https:\/\/www.youtube.com\/embed\/05H8cvgeuwY\" width=\"560\" height=\"315\" frameborder=\"0\"><\/iframe><\/p>\n<p>El passat dia 8 d&#8217;octubre, un equip de TAC12, la televisi\u00f3 p\u00fablica de Tarragona, va emetre un reportatge <wbr \/>sobre mEduTarraco. Un equip d&#8217;aquest mitj\u00e0 va fer el seguiment d&#8217;alumnes i professorat dels centres educatius Escola Antoni Roig de Torredembarra, Institut Comte de Rius de Tarragona i Escola Mari\u00e0 Fortuny de Reus. Van descobrir llocs emblem\u00e0tics de la ciutat, jugant amb el seu m\u00f2bil, mentre sumaven els punts necessaris per aconseguir l&#8217;aportaci\u00f3 a la Marat\u00f3 de TV3.<span style=\"color: #888888;\"><br \/>\n<\/span><\/p>\n<p>Consulteu el <a href=\"https:\/\/tac12.tv\/tarragona\/arxiu-tarragona\/item\/17517-torna-el-projecte-educatiu-i-familiar-medutarraco-per-coneixer-la-ciutat-de-tarragona\" target=\"_blank\" rel=\"noopener noreferrer\">reportatge complet aqu\u00ed<\/a>.<\/p>\n","protected":false},"excerpt":{"rendered":"<p>El passat dia 8 d&#8217;octubre, un equip de TAC12, la televisi\u00f3 p\u00fablica de Tarragona, va emetre un reportatge sobre mEduTarraco. Un equip d&#8217;aquest mitj\u00e0 va fer el seguiment d&#8217;alumnes i professorat dels centres educatius Escola Antoni Roig de Torredembarra, Institut Comte de Rius de Tarragona&hellip;  <a href=\"https:\/\/projectes.xtec.cat\/met\/portada\/coneixer-la-ciutat-a-traves-del-mobil\/\" title=\"Read Reportatge de TAC12 TV: &#8220;Con\u00e8ixer la ciutat a trav\u00e9s del m\u00f2bil&#8221;\">Llegeix m\u00e9s\u00bb<\/a><\/p>\n","protected":false},"author":6,"featured_media":0,"comment_status":"open","ping_status":"closed","sticky":false,"template":"","format":"standard","meta":{"_bbp_topic_count":0,"_bbp_reply_count":0,"_bbp_total_topic_count":0,"_bbp_total_reply_count":0,"_bbp_voice_count":0,"_bbp_anonymous_reply_count":0,"_bbp_topic_count_hidden":0,"_bbp_reply_count_hidden":0,"_bbp_forum_subforum_count":0,"footnotes":""},"categories":[29],"tags":[],"class_list":["post-9111","post","type-post","status-publish","format-standard","hentry","category-portada"],"post_mailing_queue_ids":[],"_links":{"self":[{"href":"https:\/\/projectes.xtec.cat\/met\/wp-json\/wp\/v2\/posts\/9111","targetHints":{"allow":["GET"]}}],"collection":[{"href":"https:\/\/projectes.xtec.cat\/met\/wp-json\/wp\/v2\/posts"}],"about":[{"href":"https:\/\/projectes.xtec.cat\/met\/wp-json\/wp\/v2\/types\/post"}],"author":[{"embeddable":true,"href":"https:\/\/projectes.xtec.cat\/met\/wp-json\/wp\/v2\/users\/6"}],"replies":[{"embeddable":true,"href":"https:\/\/projectes.xtec.cat\/met\/wp-json\/wp\/v2\/comments?post=9111"}],"version-history":[{"count":4,"href":"https:\/\/projectes.xtec.cat\/met\/wp-json\/wp\/v2\/posts\/9111\/revisions"}],"predecessor-version":[{"id":9117,"href":"https:\/\/projectes.xtec.cat\/met\/wp-json\/wp\/v2\/posts\/9111\/revisions\/9117"}],"wp:attachment":[{"href":"https:\/\/projectes.xtec.cat\/met\/wp-json\/wp\/v2\/media?parent=9111"}],"wp:term":[{"taxonomy":"category","embeddable":true,"href":"https:\/\/projectes.xtec.cat\/met\/wp-json\/wp\/v2\/categories?post=9111"},{"taxonomy":"post_tag","embeddable":true,"href":"https:\/\/projectes.xtec.cat\/met\/wp-json\/wp\/v2\/tags?post=9111"}],"curies":[{"name":"wp","href":"https:\/\/api.w.org\/{rel}","templated":true}]}}