{"id":9172,"date":"2021-04-22T12:29:11","date_gmt":"2021-04-22T10:29:11","guid":{"rendered":"http:\/\/projectes.xtec.cat\/met\/?p=9172"},"modified":"2021-04-22T15:23:45","modified_gmt":"2021-04-22T13:23:45","slug":"entrevista-del-10-comarques-magazine-de-tac12","status":"publish","type":"post","link":"https:\/\/projectes.xtec.cat\/met\/general\/entrevista-del-10-comarques-magazine-de-tac12\/","title":{"rendered":"Entrevista del \u2018Connecta 10Comarques\u2019 magazine de TAC12"},"content":{"rendered":"<p><iframe loading=\"lazy\" src=\"https:\/\/www.youtube.com\/embed\/aYaA-oIkePc?start=675\" width=\"560\" height=\"315\" frameborder=\"0\"><\/iframe><\/p>\n<p>Xavier Su\u00f1\u00e9, membre del grup coordinador del projecte, va participar el passat dia 13 d\u2019abril en el magazine de TAC12\u00a0 \u2018<a href=\"https:\/\/www.tac12.tv\/programes\/connecta-10comarques\/item\/17586-connecta-10comarques-capitol-105\" target=\"_blank\" rel=\"noopener noreferrer\">Connecta 10 comarques<\/a>\u2019, juntament amb el Conseller d\u2019Educaci\u00f3, Mem\u00f2ria Hist\u00f2rica, Ocupaci\u00f3, Seguretat Ciutadana i Protecci\u00f3 Civil, el senyor Manel Casta\u00f1o. En el marc del circ rom\u00e0 de Tarragona van explicar les l\u00ednies claus de la present edici\u00f3 del projecte: obert a la ciutadania, solidari i que es podr\u00e0 participar fins al dia 30 d\u2019abril. El Conseller Casta\u00f1o va afirmar que mEduTarraco \u00e9s un projecte consolidat i que conflueix en el Pla Educatiu de Ciutat.<\/p>\n<p>&nbsp;<\/p>\n","protected":false},"excerpt":{"rendered":"<p>Xavier Su\u00f1\u00e9, membre del grup coordinador del projecte, va participar el passat dia 13 d\u2019abril en el magazine de TAC12\u00a0 \u2018<a href=\"https:\/\/www.tac12.tv\/programes\/connecta-10comarques\/item\/17586-connecta-10comarques-capitol-105\" target=\"_blank\" rel=\"noopener noreferrer\">Connecta 10 comarques<\/a>\u2019, juntament amb el Conseller d\u2019Educaci\u00f3, Mem\u00f2ria Hist\u00f2rica, Ocupaci\u00f3, Seguretat Ciutadana i Protecci\u00f3 Civil, el senyor Manel Casta\u00f1o. En&hellip;  <a href=\"https:\/\/projectes.xtec.cat\/met\/general\/entrevista-del-10-comarques-magazine-de-tac12\/\" title=\"Read Entrevista del \u2018Connecta 10Comarques\u2019 magazine de TAC12\">Llegeix m\u00e9s\u00bb<\/a><\/p>\n","protected":false},"author":4,"featured_media":0,"comment_status":"open","ping_status":"closed","sticky":false,"template":"","format":"standard","meta":{"_bbp_topic_count":0,"_bbp_reply_count":0,"_bbp_total_topic_count":0,"_bbp_total_reply_count":0,"_bbp_voice_count":0,"_bbp_anonymous_reply_count":0,"_bbp_topic_count_hidden":0,"_bbp_reply_count_hidden":0,"_bbp_forum_subforum_count":0,"footnotes":""},"categories":[1,29],"tags":[],"class_list":["post-9172","post","type-post","status-publish","format-standard","hentry","category-general","category-portada"],"post_mailing_queue_ids":[],"_links":{"self":[{"href":"https:\/\/projectes.xtec.cat\/met\/wp-json\/wp\/v2\/posts\/9172","targetHints":{"allow":["GET"]}}],"collection":[{"href":"https:\/\/projectes.xtec.cat\/met\/wp-json\/wp\/v2\/posts"}],"about":[{"href":"https:\/\/projectes.xtec.cat\/met\/wp-json\/wp\/v2\/types\/post"}],"author":[{"embeddable":true,"href":"https:\/\/projectes.xtec.cat\/met\/wp-json\/wp\/v2\/users\/4"}],"replies":[{"embeddable":true,"href":"https:\/\/projectes.xtec.cat\/met\/wp-json\/wp\/v2\/comments?post=9172"}],"version-history":[{"count":4,"href":"https:\/\/projectes.xtec.cat\/met\/wp-json\/wp\/v2\/posts\/9172\/revisions"}],"predecessor-version":[{"id":9180,"href":"https:\/\/projectes.xtec.cat\/met\/wp-json\/wp\/v2\/posts\/9172\/revisions\/9180"}],"wp:attachment":[{"href":"https:\/\/projectes.xtec.cat\/met\/wp-json\/wp\/v2\/media?parent=9172"}],"wp:term":[{"taxonomy":"category","embeddable":true,"href":"https:\/\/projectes.xtec.cat\/met\/wp-json\/wp\/v2\/categories?post=9172"},{"taxonomy":"post_tag","embeddable":true,"href":"https:\/\/projectes.xtec.cat\/met\/wp-json\/wp\/v2\/tags?post=9172"}],"curies":[{"name":"wp","href":"https:\/\/api.w.org\/{rel}","templated":true}]}}