{"id":9473,"date":"2023-01-10T13:41:26","date_gmt":"2023-01-10T12:41:26","guid":{"rendered":"https:\/\/projectes.xtec.cat\/met\/?p=9473"},"modified":"2023-01-10T18:40:02","modified_gmt":"2023-01-10T17:40:02","slug":"bon-any-2023-medutarraquers","status":"publish","type":"post","link":"https:\/\/projectes.xtec.cat\/met\/general\/bon-any-2023-medutarraquers\/","title":{"rendered":"BON ANY 2023 medutarraquer@s !"},"content":{"rendered":"<p>Desitgem aquestes festes \ud83c\udf85\ud83c\udf84h\u00e0giu disfrutat de la fam\u00edlia i descansat per endinsar-nos en la propera aventura <strong>mEduTarraco23<\/strong> !!<\/p>\n<p><a href=\"https:\/\/projectes.xtec.cat\/met\/wp-content\/uploads\/usu1743\/2023\/01\/feb.jpg\"><img loading=\"lazy\" decoding=\"async\" class=\"alignnone size-full wp-image-9475\" src=\"https:\/\/projectes.xtec.cat\/met\/wp-content\/uploads\/usu1743\/2023\/01\/feb.jpg\" alt=\"\" width=\"674\" height=\"345\" srcset=\"https:\/\/projectes.xtec.cat\/met\/wp-content\/uploads\/usu1743\/2023\/01\/feb.jpg 674w, https:\/\/projectes.xtec.cat\/met\/wp-content\/uploads\/usu1743\/2023\/01\/feb-300x154.jpg 300w\" sizes=\"auto, (max-width: 674px) 100vw, 674px\" \/><\/a><\/p>\n<p>#mEduTarraco23 s&#8217;inicia l&#8217;1 de febrer i estar\u00e0 obert fins al 30 d&#8217;abril. Disposem de 3 mesos per poder realitzar aquest projecte que permet desenvolupar una situaci\u00f3 col.laborativa i inclusiva d&#8217;aprenentatge en qu\u00e8 la georeferenciaci\u00f3, l&#8217;\u00fas de les tecnologies per aprendre a aprendre i el refor\u00e7 dels sabers de l&#8217;alumnat, se&#8217;ns planteja .<\/p>\n<p>Ens queda menys d&#8217;un mes per obrir els tres itineraris per la ciutat de Tarragona per tant, \u00e9s temps d&#8217;agafar el checklist previ a l&#8217;activitat i comprovar si:<\/p>\n<ul>\n<li>Tinc el grup o grups inscrits a trav\u00e9s del <a href=\"https:\/\/docs.google.com\/forms\/d\/e\/1FAIpQLSdAeomD7xjr1-4WSZYQAZDdZ8psYT4JNGnKFNnFydofSD5LqQ\/viewform\">formulari del projecte<\/a>.<\/li>\n<li>He sol.licitat les autoritzacions corresponents a les fam\u00edlies.<\/li>\n<li>He informat de la sortida a la direcci\u00f3 del centre , professors acompanyants, pares, mares i tutors.<\/li>\n<li aria-level=\"1\">He concretat amb els alumnes els dispositius m\u00f2bils que s\u2019utilitzaran el dia de l\u2019activitat. \u00c9s recomanable 2 m\u00f2bils per grup i una bateria externa<\/li>\n<li aria-level=\"1\">S&#8217;han descarregat als dispositius l&#8217;apliucaci\u00f3 MHM. Recordeu que l&#8217;aplicaci\u00f3 MHM\u00a0 \u00e9s imprescindible per fer l&#8217;activitat.<\/li>\n<li aria-level=\"1\">\u00c9s recomanable tenir compte creat a les xarxes socials per compartir l&#8217;experi\u00e8ncia amb tothom: Instagram, twitter&#8230;L\u2019alumnat pot publicar a Instagram fotos seves als llocs d\u2019inter\u00e8s que visitin, amb el hashtag\u00a0<b>#medutarraco23<\/b><\/li>\n<li aria-level=\"1\">Facilitar que els alumnes aut\u00f2nomament puguin dur a terme les activitats previstes als diferents punts d\u2019inter\u00e8s.<\/li>\n<li aria-level=\"1\">Facilitar un n\u00famero de m\u00f2bil del grup d\u2019alumnes als professors acompanyants<\/li>\n<li aria-level=\"1\">Es pot crear un grup de whatsapp per a professors i alumnes, per estar en contacte al llarg de tota l\u2019activitat. Es pot enviar la ubicaci\u00f3 en temps real<\/li>\n<li aria-level=\"1\">Tarragona \u00e9s una ciutat for\u00e7a segura. Tot i aix\u00ed, i com a mesura preventiva, intenteu tenir cura objectes de valor a la vista (m\u00f2bils, carteres\u2026)<\/li>\n<li aria-level=\"1\">Un cop finalitzada l&#8217;activitat, disposeu d&#8217;un formulari de valoraci\u00f3 per omplir.<\/li>\n<\/ul>\n<p>&nbsp;<\/p>\n","protected":false},"excerpt":{"rendered":"<p>Desitgem aquestes festes \ud83c\udf85\ud83c\udf84h\u00e0giu disfrutat de la fam\u00edlia i descansat per endinsar-nos en la propera aventura mEduTarraco23 !!<br \/>\n<a href=\"https:\/\/projectes.xtec.cat\/met\/wp-content\/uploads\/usu1743\/2023\/01\/feb.jpg\"><\/a><br \/>\n#mEduTarraco23 s&#8217;inicia l&#8217;1 de febrer i estar\u00e0 obert fins al 30 d&#8217;abril. Disposem de 3 mesos per poder realitzar aquest projecte que permet desenvolupar una situaci\u00f3 col.laborativa&hellip;  <a href=\"https:\/\/projectes.xtec.cat\/met\/general\/bon-any-2023-medutarraquers\/\" title=\"Read BON ANY 2023 medutarraquer@s !\">Llegeix m\u00e9s\u00bb<\/a><\/p>\n","protected":false},"author":12,"featured_media":9475,"comment_status":"open","ping_status":"closed","sticky":false,"template":"","format":"standard","meta":{"_bbp_topic_count":0,"_bbp_reply_count":0,"_bbp_total_topic_count":0,"_bbp_total_reply_count":0,"_bbp_voice_count":0,"_bbp_anonymous_reply_count":0,"_bbp_topic_count_hidden":0,"_bbp_reply_count_hidden":0,"_bbp_forum_subforum_count":0,"footnotes":""},"categories":[1,29],"tags":[],"class_list":["post-9473","post","type-post","status-publish","format-standard","has-post-thumbnail","hentry","category-general","category-portada"],"post_mailing_queue_ids":[],"_links":{"self":[{"href":"https:\/\/projectes.xtec.cat\/met\/wp-json\/wp\/v2\/posts\/9473","targetHints":{"allow":["GET"]}}],"collection":[{"href":"https:\/\/projectes.xtec.cat\/met\/wp-json\/wp\/v2\/posts"}],"about":[{"href":"https:\/\/projectes.xtec.cat\/met\/wp-json\/wp\/v2\/types\/post"}],"author":[{"embeddable":true,"href":"https:\/\/projectes.xtec.cat\/met\/wp-json\/wp\/v2\/users\/12"}],"replies":[{"embeddable":true,"href":"https:\/\/projectes.xtec.cat\/met\/wp-json\/wp\/v2\/comments?post=9473"}],"version-history":[{"count":3,"href":"https:\/\/projectes.xtec.cat\/met\/wp-json\/wp\/v2\/posts\/9473\/revisions"}],"predecessor-version":[{"id":9477,"href":"https:\/\/projectes.xtec.cat\/met\/wp-json\/wp\/v2\/posts\/9473\/revisions\/9477"}],"wp:featuredmedia":[{"embeddable":true,"href":"https:\/\/projectes.xtec.cat\/met\/wp-json\/wp\/v2\/media\/9475"}],"wp:attachment":[{"href":"https:\/\/projectes.xtec.cat\/met\/wp-json\/wp\/v2\/media?parent=9473"}],"wp:term":[{"taxonomy":"category","embeddable":true,"href":"https:\/\/projectes.xtec.cat\/met\/wp-json\/wp\/v2\/categories?post=9473"},{"taxonomy":"post_tag","embeddable":true,"href":"https:\/\/projectes.xtec.cat\/met\/wp-json\/wp\/v2\/tags?post=9473"}],"curies":[{"name":"wp","href":"https:\/\/api.w.org\/{rel}","templated":true}]}}