{"id":9478,"date":"2023-01-30T18:06:13","date_gmt":"2023-01-30T17:06:13","guid":{"rendered":"https:\/\/projectes.xtec.cat\/met\/?p=9478"},"modified":"2023-01-31T22:30:58","modified_gmt":"2023-01-31T21:30:58","slug":"mes-de-600-alumnes-ja-inscrits-a-medutarraco23","status":"publish","type":"post","link":"https:\/\/projectes.xtec.cat\/met\/portada\/mes-de-600-alumnes-ja-inscrits-a-medutarraco23\/","title":{"rendered":"M\u00c9S DE 900 ALUMNES JA INSCRITS A #medutarraco23"},"content":{"rendered":"<p>El proper dimecres 1 de febrer arrenca l\u2019edici\u00f3 d\u2019enguany de mEduTarraco !! A hores d\u2019ara ja\u00a0 \ud83d\ude4b953 alumnat inscrit a m\u00e9s del professorat que els acompanyar\u00e0 .<\/p>\n<div class=\"wp-video\">\n<div style=\"width: 1920px;\" class=\"wp-video\"><!--[if lt IE 9]><script>document.createElement('video');<\/script><![endif]-->\n<video class=\"wp-video-shortcode\" id=\"video-9478-1\" width=\"1920\" height=\"1080\" preload=\"metadata\" controls=\"controls\"><source type=\"video\/mp4\" src=\"https:\/\/projectes.xtec.cat\/met\/wp-content\/uploads\/usu1743\/2023\/01\/mEduTarraco23-1.mp4?_=1\" \/><a href=\"https:\/\/projectes.xtec.cat\/met\/wp-content\/uploads\/usu1743\/2023\/01\/mEduTarraco23-1.mp4\">https:\/\/projectes.xtec.cat\/met\/wp-content\/uploads\/usu1743\/2023\/01\/mEduTarraco23-1.mp4<\/a><\/video><\/div>\n<\/div>\n<p>Ja estan els tres escenaris enllestits a l\u2019aplicaci\u00f3 MHM perqu\u00e8 pugueu triar el que m\u00e9s us interessi. Al llarg de 3 mesos meduTarraco us espera!<\/p>\n<p>Hi ha\u00a0<strong>16 centres registrats\ud83c\udfeb<\/strong>\u00a0mitjan\u00e7ant\u00a0<a href=\"https:\/\/docs.google.com\/forms\/d\/e\/1FAIpQLSdAeomD7xjr1-4WSZYQAZDdZ8psYT4JNGnKFNnFydofSD5LqQ\/viewform\">el formulari d\u2019inscripci\u00f3<\/a><\/p>\n<p>Descarregueu de nou l\u2019app MHM<a href=\"https:\/\/play.google.com\/store\/apps\/details?id=com.itinerarium.mhm&amp;hl=es&amp;pli=1\">\u00a0Android,<\/a>\u00a0<a href=\"https:\/\/apps.apple.com\/es\/app\/mobile-history-map\/id881510667\">Iphone<\/a>\u00a0i trieu escenari\u00a0 per fer la visita entre l\u20191 de febrer i el 30 d\u2019abril.\u00a0 Pugeu al tren, al bus o b\u00e9 si veniu a peu recordeu prendre el dispositiu m\u00f2bil i estigueu preparats per gaudir d\u2019un dia d\u2019aprenentatge l\u00fadic.Us convidem a compartir l\u2019experi\u00e8ncia a les xarxes utilitzant #medutarraco23. Selfies, videos, imatges en els moments m\u00e9s representatius de l\u2019activitat tenen cabuda i oferiran una perspectiva de Tarragona com a ciutat educadora que permet solucionar reptes a l\u2019alumnat aut\u00f2nomament , col.laborativament en un projecte internivell de georeferenciaci\u00f3, inclusiu i multicompetencial .<\/p>\n<div class=\"addtoany_share_save_container addtoany_content addtoany_content_bottom\">\n<div class=\"a2a_kit a2a_kit_size_25 addtoany_list\" data-a2a-url=\"https:\/\/projectes.xtec.cat\/met\/?p=9478\" data-a2a-title=\"M\u00c9S DE 600 ALUMNES JA INSCRITS A #medutarraco23\"><\/div>\n<\/div>\n","protected":false},"excerpt":{"rendered":"<p>El proper dimecres 1 de febrer arrenca l\u2019edici\u00f3 d\u2019enguany de mEduTarraco !! A hores d\u2019ara ja\u00a0 \ud83d\ude4b953 alumnat inscrit a m\u00e9s del professorat que els acompanyar\u00e0 .<\/p>\n<p><a href=\"https:\/\/projectes.xtec.cat\/met\/wp-content\/uploads\/usu1743\/2023\/01\/mEduTarraco23-1.mp4\">https:\/\/projectes.xtec.cat\/met\/wp-content\/uploads\/usu1743\/2023\/01\/mEduTarraco23-1.mp4<\/a><\/p>\n<p>Ja estan els tres escenaris enllestits a l\u2019aplicaci\u00f3 MHM perqu\u00e8 pugueu triar el que m\u00e9s us interessi. Al&hellip;  <a href=\"https:\/\/projectes.xtec.cat\/met\/portada\/mes-de-600-alumnes-ja-inscrits-a-medutarraco23\/\" title=\"Read M\u00c9S DE 900 ALUMNES JA INSCRITS A #medutarraco23\">Llegeix m\u00e9s\u00bb<\/a><\/p>\n","protected":false},"author":12,"featured_media":9481,"comment_status":"open","ping_status":"closed","sticky":false,"template":"","format":"standard","meta":{"_bbp_topic_count":0,"_bbp_reply_count":0,"_bbp_total_topic_count":0,"_bbp_total_reply_count":0,"_bbp_voice_count":0,"_bbp_anonymous_reply_count":0,"_bbp_topic_count_hidden":0,"_bbp_reply_count_hidden":0,"_bbp_forum_subforum_count":0,"footnotes":""},"categories":[29],"tags":[],"class_list":["post-9478","post","type-post","status-publish","format-standard","has-post-thumbnail","hentry","category-portada"],"post_mailing_queue_ids":[],"_links":{"self":[{"href":"https:\/\/projectes.xtec.cat\/met\/wp-json\/wp\/v2\/posts\/9478","targetHints":{"allow":["GET"]}}],"collection":[{"href":"https:\/\/projectes.xtec.cat\/met\/wp-json\/wp\/v2\/posts"}],"about":[{"href":"https:\/\/projectes.xtec.cat\/met\/wp-json\/wp\/v2\/types\/post"}],"author":[{"embeddable":true,"href":"https:\/\/projectes.xtec.cat\/met\/wp-json\/wp\/v2\/users\/12"}],"replies":[{"embeddable":true,"href":"https:\/\/projectes.xtec.cat\/met\/wp-json\/wp\/v2\/comments?post=9478"}],"version-history":[{"count":3,"href":"https:\/\/projectes.xtec.cat\/met\/wp-json\/wp\/v2\/posts\/9478\/revisions"}],"predecessor-version":[{"id":9496,"href":"https:\/\/projectes.xtec.cat\/met\/wp-json\/wp\/v2\/posts\/9478\/revisions\/9496"}],"wp:featuredmedia":[{"embeddable":true,"href":"https:\/\/projectes.xtec.cat\/met\/wp-json\/wp\/v2\/media\/9481"}],"wp:attachment":[{"href":"https:\/\/projectes.xtec.cat\/met\/wp-json\/wp\/v2\/media?parent=9478"}],"wp:term":[{"taxonomy":"category","embeddable":true,"href":"https:\/\/projectes.xtec.cat\/met\/wp-json\/wp\/v2\/categories?post=9478"},{"taxonomy":"post_tag","embeddable":true,"href":"https:\/\/projectes.xtec.cat\/met\/wp-json\/wp\/v2\/tags?post=9478"}],"curies":[{"name":"wp","href":"https:\/\/api.w.org\/{rel}","templated":true}]}}