{"id":9588,"date":"2023-04-21T20:25:46","date_gmt":"2023-04-21T18:25:46","guid":{"rendered":"https:\/\/projectes.xtec.cat\/met\/?p=9588"},"modified":"2023-04-21T20:25:46","modified_gmt":"2023-04-21T18:25:46","slug":"allargat-periode-de-participacio","status":"publish","type":"post","link":"https:\/\/projectes.xtec.cat\/met\/portada\/allargat-periode-de-participacio\/","title":{"rendered":"ALLARGAT PER\u00cdODE DE PARTICIPACI\u00d3!"},"content":{"rendered":"<div class=\"flex-1 overflow-hidden\">\n<div class=\"react-scroll-to-bottom--css-wzlov-79elbk h-full dark:bg-gray-800\">\n<div class=\"react-scroll-to-bottom--css-wzlov-1n7m0yu\">\n<div class=\"flex flex-col items-center text-sm dark:bg-gray-800\">\n<div class=\"group w-full text-gray-800 dark:text-gray-100 border-b border-black\/10 dark:border-gray-900\/50 bg-gray-50 dark:bg-[#444654]\">\n<div class=\"text-base gap-4 md:gap-6 md:max-w-2xl lg:max-w-xl xl:max-w-3xl p-4 md:py-6 flex lg:px-0 m-auto\">\n<div class=\"relative flex w-[calc(100%-50px)] flex-col gap-1 md:gap-3 lg:w-[calc(100%-115px)]\">\n<div class=\"flex flex-grow flex-col gap-3\">\n<div class=\"min-h-[20px] flex flex-col items-start gap-4 whitespace-pre-wrap\">\n<div class=\"markdown prose w-full break-words dark:prose-invert light\">\n<p>S\u00ed, ens ho heu sol.licitat i ja ho podem confirmar\ud83c\udf86\ud83c\udf87<span style=\"font-family: inherit; font-size: 1em;\">:<\/span><\/p>\n<p><em>mEduTarraco<\/em> <strong>s&#8217;allargar\u00e0 m\u00e9s enll\u00e0 dels mesos de febrer, mar\u00e7 i abril, i estar\u00e0 obert tamb\u00e9 durant el mes de maig.<\/strong> Aix\u00f2 significa que els centres educatius i ciutadans tindran m\u00e9s temps per inscriure&#8217;s i participar en aquesta emocionant aventura.<\/p>\n<p>Aprofitant aquesta oportunitat, tamb\u00e9 volem agrair a tots aquells que han participat en el projecte Medutarraco fins ara per la seva gran acollida i \u00e8xit. \u00c9s gr\u00e0cies a vosaltres que aquesta iniciativa s&#8217;ha convertit en una experi\u00e8ncia enriquidora i divertida per al nostre alumnat.<\/p>\n<p>Ja ens han visitat en aquests tres mesos tots aquests centres als que hem d&#8217;agrair la seva participaci\u00f3 :<\/p>\n<div style=\"width: 1080px;\" class=\"wp-video\"><!--[if lt IE 9]><script>document.createElement('video');<\/script><![endif]-->\n<video class=\"wp-video-shortcode\" id=\"video-9588-1\" width=\"1080\" height=\"1080\" preload=\"metadata\" controls=\"controls\"><source type=\"video\/mp4\" src=\"https:\/\/projectes.xtec.cat\/met\/wp-content\/uploads\/usu1743\/2023\/04\/Per-la-vostra-participacio-1.mp4?_=1\" \/><a href=\"https:\/\/projectes.xtec.cat\/met\/wp-content\/uploads\/usu1743\/2023\/04\/Per-la-vostra-participacio-1.mp4\">https:\/\/projectes.xtec.cat\/met\/wp-content\/uploads\/usu1743\/2023\/04\/Per-la-vostra-participacio-1.mp4<\/a><\/video><\/div>\n<p>\ud83d\udc4fFEBRER:<\/p>\n<ul style=\"list-style-type: disc;\">\n<li>UEC &#8211; Creu Roja Alt Camp Valls 3r ESO<\/li>\n<li>IE MdD del Portal 2n ESO<\/li>\n<li><span data-sheets-value=\"{&quot;1&quot;:2,&quot;2&quot;:&quot;Escola Les Vinyes&quot;}\" data-sheets-userformat=\"{&quot;2&quot;:515,&quot;3&quot;:{&quot;1&quot;:0},&quot;4&quot;:{&quot;1&quot;:2,&quot;2&quot;:65535},&quot;12&quot;:0}\">Escola Les Vinyes &#8211; internivells\u00a0 \u00a0 \u00a0 \u00a0 \u00a0 \u00a0 \u00a0 \u00a0 \u00a0 \u00a0 \u00a0 \u00a0 \u00a0 \u00a0 \u00a0 \u00a0 \u00a0 \u00a0 \u00a0 \u00a0 \u00a0 \u00a0 \u00a0 \u00a0 \u00a0 \u00a0 \u00a0 \u00a0 \u00a0 \u00a0 \u00a0 \u00a0\u00a0<\/span><\/li>\n<\/ul>\n<p>\ud83d\udc4fMAR\u00c7:<\/p>\n<ul>\n<li>IE MdD del Portal 3r ESO<\/li>\n<li>Col\u00b7legi Singuerl\u00edn 1r ESO<\/li>\n<li>Col.legi Singuerl\u00edn 6\u00e8 prim\u00e0ria<\/li>\n<li>ESC l&#8217;Antina 6\u00e8 prim\u00e0ria<\/li>\n<li>ESCOLA MOL\u00cd DE VENT 5\u00e8 prim\u00e0ria<\/li>\n<li>IE MdD del Portal 3r ESO<\/li>\n<li>Escola Mari\u00e0 Fortuny 5\u00e8 prim\u00e0ria\u00a0 \u00a0 \u00a0 \u00a0 \u00a0 \u00a0 \u00a0 \u00a0 \u00a0 \u00a0 \u00a0 \u00a0 \u00a0 \u00a0 \u00a0 \u00a0 \u00a0 \u00a0 \u00a0 \u00a0 \u00a0 \u00a0 \u00a0 \u00a0 \u00a0 \u00a0 \u00a0 \u00a0 \u00a0 \u00a0 \u00a0 \u00a0 \u00a0 \u00a0 \u00a0 \ud83d\udc4f<\/li>\n<\/ul>\n<p>\ud83d\udc4fABRIL:<\/p>\n<ul>\n<li>Institut Ramon de la Torre 2n ESO<\/li>\n<li>Escola Saavedra 6\u00e8 prim\u00e0ria<\/li>\n<li>La Salle Tarragona 3r ESO<\/li>\n<li>Escola Campclar 5\u00e8 prim\u00e0ria<\/li>\n<li>Dominiques Tarragona 1r ESO<\/li>\n<li>Institut Escola \u00c0ngel de Tobies 1r ESO<\/li>\n<li>La Salle Tarragona 6\u00e8 prim\u00e0ria<\/li>\n<li>IE MdD del Portal 2n ESO<\/li>\n<li>Institut Els Pallaresos 1r ESO<\/li>\n<li>Escola Les Vinyes Escola rural, uns 40 alumnes de cicle mitj\u00e0 i superior<\/li>\n<li>Institut Escola l&#8217;Arrabassada 6\u00e8 prim\u00e0ria<\/li>\n<li>Institut Escola L&#8217;Arrabassada 1r ESO<\/li>\n<li>Institut Andreu Nin 1r ESO<\/li>\n<li>Zer Ebre Escola Sant Agust\u00ed i Escola 1 d Abril Infantil i Prim\u00e0ria<\/li>\n<li>Escola Antoni Roig 5\u00e8\u00a0 prim\u00e0ria<\/li>\n<li>Institut Vall d&#8217;Ar\u00fas 4t ESO\u00a0 \u00a0 \u00a0 \u00a0 \u00a0 \u00a0 \u00a0 \u00a0 \u00a0 \u00a0 \u00a0 \u00a0 \u00a0 \u00a0 \u00a0 \u00a0 \u00a0 \u00a0 \u00a0 \u00a0 \u00a0 \u00a0 \u00a0 \u00a0 \u00a0 \u00a0 \u00a0 \u00a0 \u00a0 \u00a0 \u00a0 \u00a0 \u00a0 \u00a0 \u00a0 \u00a0 \u00a0 \u00a0 \u00a0 \u00a0 \u00a0 \u00a0 \u00a0 \u00a0 \ud83d\udc4f<\/li>\n<\/ul>\n<p>I ciutadans en fam\u00edlia o en grup que ja han tastat aquesta edici\u00f3. \ud83d\ude0e<\/p>\n<p>Per als centres educatius que encara no us heu inscrit, volem animar-vos a fer-ho ara mateix. Encara hi ha temps per aprofitar aquesta oportunitat \u00fanica i oferir als vostres estudiants una experi\u00e8ncia d&#8217;aprenentatge \u00fanica i memorable.<\/p>\n<p>No deixeu passar #mEduTarraco23, <a href=\"https:\/\/docs.google.com\/forms\/d\/e\/1FAIpQLSdAeomD7xjr1-4WSZYQAZDdZ8psYT4JNGnKFNnFydofSD5LqQ\/viewform\"><strong>inscriviu-vos<\/strong><\/a> ara mateix i descobriu la fascinant Tarragona dins del Projecte de georeferenciaci\u00f3 ludificat mEduTarraco.<\/p>\n<p>&nbsp;<\/p>\n<\/div>\n<\/div>\n<\/div>\n<div class=\"flex justify-between lg:block\"><a href=\"https:\/\/projectes.xtec.cat\/met\/wp-content\/uploads\/usu1743\/2023\/04\/IMG-20230417-WA0008-1.jpg\"><img loading=\"lazy\" decoding=\"async\" class=\"alignnone size-large wp-image-9582\" src=\"https:\/\/projectes.xtec.cat\/met\/wp-content\/uploads\/usu1743\/2023\/04\/IMG-20230417-WA0008-1-1024x768.jpg\" alt=\"\" width=\"1024\" height=\"768\" srcset=\"https:\/\/projectes.xtec.cat\/met\/wp-content\/uploads\/usu1743\/2023\/04\/IMG-20230417-WA0008-1-1024x768.jpg 1024w, https:\/\/projectes.xtec.cat\/met\/wp-content\/uploads\/usu1743\/2023\/04\/IMG-20230417-WA0008-1-300x225.jpg 300w, https:\/\/projectes.xtec.cat\/met\/wp-content\/uploads\/usu1743\/2023\/04\/IMG-20230417-WA0008-1-768x576.jpg 768w, https:\/\/projectes.xtec.cat\/met\/wp-content\/uploads\/usu1743\/2023\/04\/IMG-20230417-WA0008-1-1536x1152.jpg 1536w, https:\/\/projectes.xtec.cat\/met\/wp-content\/uploads\/usu1743\/2023\/04\/IMG-20230417-WA0008-1-200x150.jpg 200w, https:\/\/projectes.xtec.cat\/met\/wp-content\/uploads\/usu1743\/2023\/04\/IMG-20230417-WA0008-1.jpg 2048w\" sizes=\"auto, (max-width: 1024px) 100vw, 1024px\" \/><\/a><\/div>\n<\/div>\n<\/div>\n<\/div>\n<\/div>\n<p><button class=\"cursor-pointer absolute right-6 bottom-[124px] md:bottom-[120px] z-10 rounded-full border border-gray-200 bg-gray-50 text-gray-600 dark:border-white\/10 dark:bg-white\/10 dark:text-gray-200\"><\/button><\/div>\n<\/div>\n<\/div>\n","protected":false},"excerpt":{"rendered":"<p>S\u00ed, ens ho heu sol.licitat i ja ho podem confirmar\ud83c\udf86\ud83c\udf87:<br \/>\nmEduTarraco s&#8217;allargar\u00e0 m\u00e9s enll\u00e0 dels mesos de febrer, mar\u00e7 i abril, i estar\u00e0 obert tamb\u00e9 durant el mes de maig. Aix\u00f2 significa que els centres educatius i ciutadans tindran m\u00e9s temps per inscriure&#8217;s i participar en&hellip;  <a href=\"https:\/\/projectes.xtec.cat\/met\/portada\/allargat-periode-de-participacio\/\" title=\"Read ALLARGAT PER\u00cdODE DE PARTICIPACI\u00d3!\">Llegeix m\u00e9s\u00bb<\/a><\/p>\n","protected":false},"author":12,"featured_media":9593,"comment_status":"open","ping_status":"closed","sticky":false,"template":"","format":"standard","meta":{"_bbp_topic_count":0,"_bbp_reply_count":0,"_bbp_total_topic_count":0,"_bbp_total_reply_count":0,"_bbp_voice_count":0,"_bbp_anonymous_reply_count":0,"_bbp_topic_count_hidden":0,"_bbp_reply_count_hidden":0,"_bbp_forum_subforum_count":0,"footnotes":""},"categories":[66,29],"tags":[],"class_list":["post-9588","post","type-post","status-publish","format-standard","has-post-thumbnail","hentry","category-dinamitzacio","category-portada"],"post_mailing_queue_ids":[],"_links":{"self":[{"href":"https:\/\/projectes.xtec.cat\/met\/wp-json\/wp\/v2\/posts\/9588","targetHints":{"allow":["GET"]}}],"collection":[{"href":"https:\/\/projectes.xtec.cat\/met\/wp-json\/wp\/v2\/posts"}],"about":[{"href":"https:\/\/projectes.xtec.cat\/met\/wp-json\/wp\/v2\/types\/post"}],"author":[{"embeddable":true,"href":"https:\/\/projectes.xtec.cat\/met\/wp-json\/wp\/v2\/users\/12"}],"replies":[{"embeddable":true,"href":"https:\/\/projectes.xtec.cat\/met\/wp-json\/wp\/v2\/comments?post=9588"}],"version-history":[{"count":1,"href":"https:\/\/projectes.xtec.cat\/met\/wp-json\/wp\/v2\/posts\/9588\/revisions"}],"predecessor-version":[{"id":9594,"href":"https:\/\/projectes.xtec.cat\/met\/wp-json\/wp\/v2\/posts\/9588\/revisions\/9594"}],"wp:featuredmedia":[{"embeddable":true,"href":"https:\/\/projectes.xtec.cat\/met\/wp-json\/wp\/v2\/media\/9593"}],"wp:attachment":[{"href":"https:\/\/projectes.xtec.cat\/met\/wp-json\/wp\/v2\/media?parent=9588"}],"wp:term":[{"taxonomy":"category","embeddable":true,"href":"https:\/\/projectes.xtec.cat\/met\/wp-json\/wp\/v2\/categories?post=9588"},{"taxonomy":"post_tag","embeddable":true,"href":"https:\/\/projectes.xtec.cat\/met\/wp-json\/wp\/v2\/tags?post=9588"}],"curies":[{"name":"wp","href":"https:\/\/api.w.org\/{rel}","templated":true}]}}