{"id":9920,"date":"2024-05-29T17:24:59","date_gmt":"2024-05-29T15:24:59","guid":{"rendered":"https:\/\/projectes.xtec.cat\/met\/?p=9920"},"modified":"2024-06-01T09:51:08","modified_gmt":"2024-06-01T07:51:08","slug":"jornada-ludico-festiva-medutarraco-medieval","status":"publish","type":"post","link":"https:\/\/projectes.xtec.cat\/met\/portada\/jornada-ludico-festiva-medutarraco-medieval\/","title":{"rendered":"JORNADA L\u00daDICO FESTIVA MEDUTARRACO MEDIEVAL"},"content":{"rendered":"<p>Avui 29 de maig ens hem reunit a l&#8217;Antiga Audi\u00e8ncia per celebrar plegats l&#8217;\u00e8xit d&#8217;un projecte que s&#8217;inici\u00e0 a l&#8217;octubre de 2023 i que aquest mat\u00ed ha vist la llum.<\/p>\n<p>mEduTarraco Medieval neix del treball i comprom\u00eds de docents i alumnat de 9 centres educatius :<\/p>\n<ul>\n<li>IE Mare de D\u00e9u del Portal, Batea.<\/li>\n<li>Ins Collblanc, La Canonja<\/li>\n<li>L&#8217;Estonnac-l&#8217;Ensenyan\u00e7a, Tarragona.<\/li>\n<li>Ins Antoni de Mart\u00ed i Franqu\u00e8s, Tarragona.<\/li>\n<li>Ins Jaume I, Salou.<\/li>\n<li>IE l&#8217;Arrabassada, Tarragona.<\/li>\n<li>Ins Roda de Ber\u00e0, Tarragona.<\/li>\n<\/ul>\n<p>Durant l&#8217;acte dirigit per en Pitu Mart\u00ednez de l&#8217;\u00e0rea de Cultura Digital del Departament d&#8217;Educaci\u00f3 de Barcelona, hi vam comptar amb l&#8217;assist\u00e8ncia de la Directora de l&#8217;IMET, Sra. Cl\u00e0udia Aznar, del,Sr. Bernardo \u00c1lvarez , Conseller d&#8217;Esports, Educaci\u00f3 i Turisme de l&#8217;Ajuntament de Tarragona; del Director de serveis territorials del Departament d&#8217;Educaci\u00f3 de Tarragona, sr. Joan Manel Aud\u00ed i\u00a0 de ll&#8217;empresa Itinerarium responsable amb GSMA de l&#8217;app MHM i CRP del Tarragon\u00e8s.<\/p>\n<p><a href=\"https:\/\/drive.google.com\/file\/d\/1wBv_9vmJlhQugAGw8Nfy97SHEa6IzcFC\/view?usp=drivesdk\">Presentaci\u00f3<\/a> utilitzada durant la Jornada<\/p>\n<p><a href=\"https:\/\/projectes.xtec.cat\/met\/wp-content\/uploads\/usu1743\/2024\/05\/20240529_100616-scaled.jpg\"><img loading=\"lazy\" decoding=\"async\" class=\"alignnone wp-image-9921\" src=\"https:\/\/projectes.xtec.cat\/met\/wp-content\/uploads\/usu1743\/2024\/05\/20240529_100616-768x1024.jpg\" alt=\"\" width=\"310\" height=\"414\" srcset=\"https:\/\/projectes.xtec.cat\/met\/wp-content\/uploads\/usu1743\/2024\/05\/20240529_100616-768x1024.jpg 768w, https:\/\/projectes.xtec.cat\/met\/wp-content\/uploads\/usu1743\/2024\/05\/20240529_100616-225x300.jpg 225w, https:\/\/projectes.xtec.cat\/met\/wp-content\/uploads\/usu1743\/2024\/05\/20240529_100616-1152x1536.jpg 1152w, https:\/\/projectes.xtec.cat\/met\/wp-content\/uploads\/usu1743\/2024\/05\/20240529_100616-1536x2048.jpg 1536w, https:\/\/projectes.xtec.cat\/met\/wp-content\/uploads\/usu1743\/2024\/05\/20240529_100616-scaled.jpg 1920w\" sizes=\"auto, (max-width: 310px) 100vw, 310px\" \/><\/a><a href=\"https:\/\/projectes.xtec.cat\/met\/wp-content\/uploads\/usu1743\/2024\/05\/IMG_20240529_100602_244.webp\"><img loading=\"lazy\" decoding=\"async\" class=\"alignnone wp-image-9922\" src=\"https:\/\/projectes.xtec.cat\/met\/wp-content\/uploads\/usu1743\/2024\/05\/IMG_20240529_100602_244-1024x1024.webp\" alt=\"\" width=\"411\" height=\"411\" srcset=\"https:\/\/projectes.xtec.cat\/met\/wp-content\/uploads\/usu1743\/2024\/05\/IMG_20240529_100602_244-1024x1024.webp 1024w, https:\/\/projectes.xtec.cat\/met\/wp-content\/uploads\/usu1743\/2024\/05\/IMG_20240529_100602_244-300x300.webp 300w, https:\/\/projectes.xtec.cat\/met\/wp-content\/uploads\/usu1743\/2024\/05\/IMG_20240529_100602_244-150x150.webp 150w, https:\/\/projectes.xtec.cat\/met\/wp-content\/uploads\/usu1743\/2024\/05\/IMG_20240529_100602_244-768x768.webp 768w, https:\/\/projectes.xtec.cat\/met\/wp-content\/uploads\/usu1743\/2024\/05\/IMG_20240529_100602_244.webp 1440w\" sizes=\"auto, (max-width: 411px) 100vw, 411px\" \/><\/a><\/p>\n<p>Vam con\u00e8ixer el video guanyador corresponent a <strong>l&#8217;IE Mare de D\u00e9u del Portal de Batea<\/strong>. Enhorabona!<\/p>\n<p><a href=\"https:\/\/projectes.xtec.cat\/met\/wp-content\/uploads\/usu1743\/2024\/05\/20240529_101829-scaled.jpg\"><img loading=\"lazy\" decoding=\"async\" class=\"alignnone wp-image-9925\" src=\"https:\/\/projectes.xtec.cat\/met\/wp-content\/uploads\/usu1743\/2024\/05\/20240529_101829-1024x768.jpg\" alt=\"\" width=\"630\" height=\"473\" srcset=\"https:\/\/projectes.xtec.cat\/met\/wp-content\/uploads\/usu1743\/2024\/05\/20240529_101829-1024x768.jpg 1024w, https:\/\/projectes.xtec.cat\/met\/wp-content\/uploads\/usu1743\/2024\/05\/20240529_101829-300x225.jpg 300w, https:\/\/projectes.xtec.cat\/met\/wp-content\/uploads\/usu1743\/2024\/05\/20240529_101829-768x576.jpg 768w, https:\/\/projectes.xtec.cat\/met\/wp-content\/uploads\/usu1743\/2024\/05\/20240529_101829-1536x1152.jpg 1536w, https:\/\/projectes.xtec.cat\/met\/wp-content\/uploads\/usu1743\/2024\/05\/20240529_101829-2048x1536.jpg 2048w, https:\/\/projectes.xtec.cat\/met\/wp-content\/uploads\/usu1743\/2024\/05\/20240529_101829-200x150.jpg 200w\" sizes=\"auto, (max-width: 630px) 100vw, 630px\" \/><\/a><\/p>\n<p>Finalment, vam poder aprofitar el mat\u00ed per comprovar i disfrutar aprenent sobre Tarragona medieval a trav\u00e9s de mEduTarraco Medieval, el joc de georeferenciaci\u00f3 de 26 punts creat per aquests centres educatius.<\/p>\n<p>Al final del mat\u00ed el ranking de punts sobrepassava els 3000 punts i mantenia les seg\u00fcents posicions:<\/p>\n<p><a href=\"https:\/\/projectes.xtec.cat\/met\/wp-content\/uploads\/usu1743\/2024\/05\/Screenshot_20240529_153734.jpg\"><img loading=\"lazy\" decoding=\"async\" class=\"wp-image-9929 aligncenter\" src=\"https:\/\/projectes.xtec.cat\/met\/wp-content\/uploads\/usu1743\/2024\/05\/Screenshot_20240529_153734-473x1024.jpg\" alt=\"\" width=\"308\" height=\"667\" srcset=\"https:\/\/projectes.xtec.cat\/met\/wp-content\/uploads\/usu1743\/2024\/05\/Screenshot_20240529_153734-473x1024.jpg 473w, https:\/\/projectes.xtec.cat\/met\/wp-content\/uploads\/usu1743\/2024\/05\/Screenshot_20240529_153734-138x300.jpg 138w, https:\/\/projectes.xtec.cat\/met\/wp-content\/uploads\/usu1743\/2024\/05\/Screenshot_20240529_153734-768x1664.jpg 768w, https:\/\/projectes.xtec.cat\/met\/wp-content\/uploads\/usu1743\/2024\/05\/Screenshot_20240529_153734-709x1536.jpg 709w, https:\/\/projectes.xtec.cat\/met\/wp-content\/uploads\/usu1743\/2024\/05\/Screenshot_20240529_153734-945x2048.jpg 945w, https:\/\/projectes.xtec.cat\/met\/wp-content\/uploads\/usu1743\/2024\/05\/Screenshot_20240529_153734.jpg 1080w\" sizes=\"auto, (max-width: 308px) 100vw, 308px\" \/><\/a><\/p>\n<p>Felicitats al Col.legi l&#8217;Estonnac Ensenyan\u00e7a !<\/p>\n<p>D&#8217;aquest esdeveniment, mitjans de comunicaci\u00f3 com Radio Tarragona, M\u00e9s Tarragona i Diari de Tarragona en van fer-se ress\u00f3 i van acudir a cobrir la not\u00edcia. Podeu escoltar l&#8217;entrevista aqu\u00ed:<\/p>\n<p><a href=\"https:\/\/www.tarragonaradio.cat\/?s=medutarraco+medieval\">https:\/\/www.tarragonaradio.cat\/?s=medutarraco+medieval<\/a><\/p>\n<p>https:\/\/alacarta.tarragonaradio.cat\/embed\/podcast?id=tarragonaradio_podcast_37415<\/p>\n<p>I a la premsa:<\/p>\n<p><a href=\"https:\/\/projectes.xtec.cat\/met\/wp-content\/uploads\/usu1743\/2024\/05\/IMG-20240530-WA0002.jpg\"><img loading=\"lazy\" decoding=\"async\" class=\"alignnone size-large wp-image-9935\" src=\"https:\/\/projectes.xtec.cat\/met\/wp-content\/uploads\/usu1743\/2024\/05\/IMG-20240530-WA0002-768x1024.jpg\" alt=\"\" width=\"768\" height=\"1024\" srcset=\"https:\/\/projectes.xtec.cat\/met\/wp-content\/uploads\/usu1743\/2024\/05\/IMG-20240530-WA0002-768x1024.jpg 768w, https:\/\/projectes.xtec.cat\/met\/wp-content\/uploads\/usu1743\/2024\/05\/IMG-20240530-WA0002-225x300.jpg 225w, https:\/\/projectes.xtec.cat\/met\/wp-content\/uploads\/usu1743\/2024\/05\/IMG-20240530-WA0002-1152x1536.jpg 1152w, https:\/\/projectes.xtec.cat\/met\/wp-content\/uploads\/usu1743\/2024\/05\/IMG-20240530-WA0002.jpg 1200w\" sizes=\"auto, (max-width: 768px) 100vw, 768px\" \/><\/a> <a href=\"https:\/\/projectes.xtec.cat\/met\/wp-content\/uploads\/usu1743\/2024\/05\/IMG-20240530-WA0001.jpg\"><img loading=\"lazy\" decoding=\"async\" class=\"alignnone size-large wp-image-9936\" src=\"https:\/\/projectes.xtec.cat\/met\/wp-content\/uploads\/usu1743\/2024\/05\/IMG-20240530-WA0001-768x1024.jpg\" alt=\"\" width=\"768\" height=\"1024\" srcset=\"https:\/\/projectes.xtec.cat\/met\/wp-content\/uploads\/usu1743\/2024\/05\/IMG-20240530-WA0001-768x1024.jpg 768w, https:\/\/projectes.xtec.cat\/met\/wp-content\/uploads\/usu1743\/2024\/05\/IMG-20240530-WA0001-225x300.jpg 225w, https:\/\/projectes.xtec.cat\/met\/wp-content\/uploads\/usu1743\/2024\/05\/IMG-20240530-WA0001-1152x1536.jpg 1152w, https:\/\/projectes.xtec.cat\/met\/wp-content\/uploads\/usu1743\/2024\/05\/IMG-20240530-WA0001.jpg 1200w\" sizes=\"auto, (max-width: 768px) 100vw, 768px\" \/><\/a><\/p>\n<p>L&#8217;alumnat assistent va sortir amb una motxilla amb petits obsequis. Aqu\u00ed us deixem imatges de la Jornada.<\/p>\n<p><img loading=\"lazy\" decoding=\"async\" class=\"size-large wp-image-9923 aligncenter\" src=\"https:\/\/projectes.xtec.cat\/met\/wp-content\/uploads\/usu1743\/2024\/05\/IMG-20240529-WA0056-768x1024.jpg\" alt=\"\" width=\"768\" height=\"1024\" srcset=\"https:\/\/projectes.xtec.cat\/met\/wp-content\/uploads\/usu1743\/2024\/05\/IMG-20240529-WA0056-768x1024.jpg 768w, https:\/\/projectes.xtec.cat\/met\/wp-content\/uploads\/usu1743\/2024\/05\/IMG-20240529-WA0056-225x300.jpg 225w, https:\/\/projectes.xtec.cat\/met\/wp-content\/uploads\/usu1743\/2024\/05\/IMG-20240529-WA0056-1152x1536.jpg 1152w, https:\/\/projectes.xtec.cat\/met\/wp-content\/uploads\/usu1743\/2024\/05\/IMG-20240529-WA0056.jpg 1200w\" sizes=\"auto, (max-width: 768px) 100vw, 768px\" \/><\/p>\n<p><a href=\"https:\/\/projectes.xtec.cat\/met\/wp-content\/uploads\/usu1743\/2024\/05\/20240529_102129-scaled.jpg\"><img loading=\"lazy\" decoding=\"async\" class=\"wp-image-9926 alignleft\" src=\"https:\/\/projectes.xtec.cat\/met\/wp-content\/uploads\/usu1743\/2024\/05\/20240529_102129-768x1024.jpg\" alt=\"\" width=\"334\" height=\"446\" srcset=\"https:\/\/projectes.xtec.cat\/met\/wp-content\/uploads\/usu1743\/2024\/05\/20240529_102129-768x1024.jpg 768w, https:\/\/projectes.xtec.cat\/met\/wp-content\/uploads\/usu1743\/2024\/05\/20240529_102129-225x300.jpg 225w, https:\/\/projectes.xtec.cat\/met\/wp-content\/uploads\/usu1743\/2024\/05\/20240529_102129-1152x1536.jpg 1152w, https:\/\/projectes.xtec.cat\/met\/wp-content\/uploads\/usu1743\/2024\/05\/20240529_102129-1536x2048.jpg 1536w, https:\/\/projectes.xtec.cat\/met\/wp-content\/uploads\/usu1743\/2024\/05\/20240529_102129-scaled.jpg 1920w\" sizes=\"auto, (max-width: 334px) 100vw, 334px\" \/><\/a><\/p>\n<p><a href=\"https:\/\/projectes.xtec.cat\/met\/wp-content\/uploads\/usu1743\/2024\/05\/111.jpg\"><img loading=\"lazy\" decoding=\"async\" class=\"wp-image-9931 aligncenter\" src=\"https:\/\/projectes.xtec.cat\/met\/wp-content\/uploads\/usu1743\/2024\/05\/111.jpg\" alt=\"\" width=\"466\" height=\"292\" srcset=\"https:\/\/projectes.xtec.cat\/met\/wp-content\/uploads\/usu1743\/2024\/05\/111.jpg 688w, https:\/\/projectes.xtec.cat\/met\/wp-content\/uploads\/usu1743\/2024\/05\/111-300x188.jpg 300w\" sizes=\"auto, (max-width: 466px) 100vw, 466px\" \/><\/a><a href=\"https:\/\/projectes.xtec.cat\/met\/wp-content\/uploads\/usu1743\/2024\/05\/IMG-20240529-WA0054.jpg\"><img loading=\"lazy\" decoding=\"async\" class=\"alignnone size-large wp-image-9927\" src=\"https:\/\/projectes.xtec.cat\/met\/wp-content\/uploads\/usu1743\/2024\/05\/IMG-20240529-WA0054-1024x768.jpg\" alt=\"\" width=\"1024\" height=\"768\" srcset=\"https:\/\/projectes.xtec.cat\/met\/wp-content\/uploads\/usu1743\/2024\/05\/IMG-20240529-WA0054-1024x768.jpg 1024w, https:\/\/projectes.xtec.cat\/met\/wp-content\/uploads\/usu1743\/2024\/05\/IMG-20240529-WA0054-300x225.jpg 300w, https:\/\/projectes.xtec.cat\/met\/wp-content\/uploads\/usu1743\/2024\/05\/IMG-20240529-WA0054-768x576.jpg 768w, https:\/\/projectes.xtec.cat\/met\/wp-content\/uploads\/usu1743\/2024\/05\/IMG-20240529-WA0054-1536x1152.jpg 1536w, https:\/\/projectes.xtec.cat\/met\/wp-content\/uploads\/usu1743\/2024\/05\/IMG-20240529-WA0054-200x150.jpg 200w, https:\/\/projectes.xtec.cat\/met\/wp-content\/uploads\/usu1743\/2024\/05\/IMG-20240529-WA0054.jpg 1600w\" sizes=\"auto, (max-width: 1024px) 100vw, 1024px\" \/><\/a> <a href=\"https:\/\/projectes.xtec.cat\/met\/wp-content\/uploads\/usu1743\/2024\/05\/IMG_20240529_122407_678.webp\"><img loading=\"lazy\" decoding=\"async\" class=\"wp-image-9928 aligncenter\" src=\"https:\/\/projectes.xtec.cat\/met\/wp-content\/uploads\/usu1743\/2024\/05\/IMG_20240529_122407_678-819x1024.webp\" alt=\"\" width=\"512\" height=\"640\" srcset=\"https:\/\/projectes.xtec.cat\/met\/wp-content\/uploads\/usu1743\/2024\/05\/IMG_20240529_122407_678-819x1024.webp 819w, https:\/\/projectes.xtec.cat\/met\/wp-content\/uploads\/usu1743\/2024\/05\/IMG_20240529_122407_678-240x300.webp 240w, https:\/\/projectes.xtec.cat\/met\/wp-content\/uploads\/usu1743\/2024\/05\/IMG_20240529_122407_678-768x960.webp 768w, https:\/\/projectes.xtec.cat\/met\/wp-content\/uploads\/usu1743\/2024\/05\/IMG_20240529_122407_678.webp 1152w\" sizes=\"auto, (max-width: 512px) 100vw, 512px\" \/><\/a><\/p>\n<p>&nbsp;<\/p>\n<p>&nbsp;<\/p>\n<p>&nbsp;<\/p>\n","protected":false},"excerpt":{"rendered":"<p>Avui 29 de maig ens hem reunit a l&#8217;Antiga Audi\u00e8ncia per celebrar plegats l&#8217;\u00e8xit d&#8217;un projecte que s&#8217;inici\u00e0 a l&#8217;octubre de 2023 i que aquest mat\u00ed ha vist la llum.<br \/>\nmEduTarraco Medieval neix del treball i comprom\u00eds de docents i alumnat de 9 centres educatius :<\/p>\n<ul>\n<li>IE&hellip;  <a href=\"https:\/\/projectes.xtec.cat\/met\/portada\/jornada-ludico-festiva-medutarraco-medieval\/\" title=\"Read JORNADA L\u00daDICO FESTIVA MEDUTARRACO MEDIEVAL\">Llegeix m\u00e9s\u00bb<\/a><br \/>\n","protected":false},"author":12,"featured_media":9928,"comment_status":"open","ping_status":"closed","sticky":false,"template":"","format":"standard","meta":{"_bbp_topic_count":0,"_bbp_reply_count":0,"_bbp_total_topic_count":0,"_bbp_total_reply_count":0,"_bbp_voice_count":0,"_bbp_anonymous_reply_count":0,"_bbp_topic_count_hidden":0,"_bbp_reply_count_hidden":0,"_bbp_forum_subforum_count":0,"footnotes":""},"categories":[301,29],"tags":[],"class_list":["post-9920","post","type-post","status-publish","format-standard","has-post-thumbnail","hentry","category-medieval","category-portada"],"post_mailing_queue_ids":[],"_links":{"self":[{"href":"https:\/\/projectes.xtec.cat\/met\/wp-json\/wp\/v2\/posts\/9920","targetHints":{"allow":["GET"]}}],"collection":[{"href":"https:\/\/projectes.xtec.cat\/met\/wp-json\/wp\/v2\/posts"}],"about":[{"href":"https:\/\/projectes.xtec.cat\/met\/wp-json\/wp\/v2\/types\/post"}],"author":[{"embeddable":true,"href":"https:\/\/projectes.xtec.cat\/met\/wp-json\/wp\/v2\/users\/12"}],"replies":[{"embeddable":true,"href":"https:\/\/projectes.xtec.cat\/met\/wp-json\/wp\/v2\/comments?post=9920"}],"version-history":[{"count":4,"href":"https:\/\/projectes.xtec.cat\/met\/wp-json\/wp\/v2\/posts\/9920\/revisions"}],"predecessor-version":[{"id":9937,"href":"https:\/\/projectes.xtec.cat\/met\/wp-json\/wp\/v2\/posts\/9920\/revisions\/9937"}],"wp:featuredmedia":[{"embeddable":true,"href":"https:\/\/projectes.xtec.cat\/met\/wp-json\/wp\/v2\/media\/9928"}],"wp:attachment":[{"href":"https:\/\/projectes.xtec.cat\/met\/wp-json\/wp\/v2\/media?parent=9920"}],"wp:term":[{"taxonomy":"category","embeddable":true,"href":"https:\/\/projectes.xtec.cat\/met\/wp-json\/wp\/v2\/categories?post=9920"},{"taxonomy":"post_tag","embeddable":true,"href":"https:\/\/projectes.xtec.cat\/met\/wp-json\/wp\/v2\/tags?post=9920"}],"curies":[{"name":"wp","href":"https:\/\/api.w.org\/{rel}","templated":true}]}}