{"id":9946,"date":"2024-10-26T21:47:11","date_gmt":"2024-10-26T19:47:11","guid":{"rendered":"https:\/\/projectes.xtec.cat\/met\/?p=9946"},"modified":"2025-01-15T20:39:57","modified_gmt":"2025-01-15T19:39:57","slug":"el-curs-24-25-amb-medutarraco","status":"publish","type":"post","link":"https:\/\/projectes.xtec.cat\/met\/portada\/el-curs-24-25-amb-medutarraco\/","title":{"rendered":"EL CURS 24-25 AMB MEDUTARRACO!"},"content":{"rendered":"<p>L&#8217;equip organitzador del projecte ja ha tingut les seves primeres trobades per poder oferir-vos, aquest curs 2024-2025, mEduTarraco en totes les seves modalitats.<\/p>\n<p>mEduTarraco treballa en col\u00b7laboraci\u00f3 amb el Departament d&#8217;Educaci\u00f3, l&#8217;IMET de l&#8217;Ajuntament de Tarragona, la URV, mSchools, Itinerarium i enguany ja s&#8217;han mantingut contactes amb la prestigiosa <strong><a href=\"https:\/\/ciberespiral.org\/associacio\/\">Associaci\u00f3 Espiral<\/a><\/strong>.<\/p>\n<p><a href=\"https:\/\/projectes.xtec.cat\/met\/wp-content\/uploads\/usu1743\/2024\/10\/0.jpg\"><img loading=\"lazy\" decoding=\"async\" class=\"size-full wp-image-9951 aligncenter\" src=\"https:\/\/projectes.xtec.cat\/met\/wp-content\/uploads\/usu1743\/2024\/10\/0.jpg\" alt=\"\" width=\"634\" height=\"240\" srcset=\"https:\/\/projectes.xtec.cat\/met\/wp-content\/uploads\/usu1743\/2024\/10\/0.jpg 634w, https:\/\/projectes.xtec.cat\/met\/wp-content\/uploads\/usu1743\/2024\/10\/0-300x114.jpg 300w\" sizes=\"auto, (max-width: 634px) 100vw, 634px\" \/><\/a><\/p>\n<p>Properament, els centres educatius rebran una carta informativa que inclour\u00e0 el formulari d&#8217;inscripci\u00f3 per aquest curs 2024-2025.\u00a0 En aquest formulari es podr\u00e0 seleccionar la modalitat de mEduTarraco en la que es voldr\u00e0 participar: mEduTarraco Medieval i\/o mEduTarraco25.<\/p>\n<p><strong>mEduTarraco25 i mEduTarraco Medieval<\/strong> obriran els seus escenaris durant els mesos de <strong>febrer, mar\u00e7 i abril.<\/strong><\/p>\n<p><strong>mEduTarraco25<\/strong> consta de 3 itineraris per con\u00e8ixer els llocs m\u00e9s emblem\u00e0tics de Tarragona mitjan\u00e7ant un joc col.laboratiu, internivells, multicisciplinar, inclusiu i gratu\u00eft, que permet aprendre recorrent els carrers de la ciutat.<\/p>\n<p><a href=\"https:\/\/projectes.xtec.cat\/met\/wp-content\/uploads\/usu1743\/2024\/10\/1.jpg\"><img loading=\"lazy\" decoding=\"async\" class=\"alignnone wp-image-9947\" src=\"https:\/\/projectes.xtec.cat\/met\/wp-content\/uploads\/usu1743\/2024\/10\/1.jpg\" alt=\"\" width=\"200\" height=\"208\" srcset=\"https:\/\/projectes.xtec.cat\/met\/wp-content\/uploads\/usu1743\/2024\/10\/1.jpg 347w, https:\/\/projectes.xtec.cat\/met\/wp-content\/uploads\/usu1743\/2024\/10\/1-289x300.jpg 289w\" sizes=\"auto, (max-width: 200px) 100vw, 200px\" \/><\/a> <a href=\"https:\/\/projectes.xtec.cat\/met\/wp-content\/uploads\/usu1743\/2024\/10\/2.jpg\"><img loading=\"lazy\" decoding=\"async\" class=\"alignnone wp-image-9948\" src=\"https:\/\/projectes.xtec.cat\/met\/wp-content\/uploads\/usu1743\/2024\/10\/2.jpg\" alt=\"\" width=\"229\" height=\"207\" srcset=\"https:\/\/projectes.xtec.cat\/met\/wp-content\/uploads\/usu1743\/2024\/10\/2.jpg 355w, https:\/\/projectes.xtec.cat\/met\/wp-content\/uploads\/usu1743\/2024\/10\/2-300x271.jpg 300w\" sizes=\"auto, (max-width: 229px) 100vw, 229px\" \/><\/a> <a href=\"https:\/\/projectes.xtec.cat\/met\/wp-content\/uploads\/usu1743\/2024\/10\/3.jpg\"><img loading=\"lazy\" decoding=\"async\" class=\"alignnone wp-image-9949\" src=\"https:\/\/projectes.xtec.cat\/met\/wp-content\/uploads\/usu1743\/2024\/10\/3.jpg\" alt=\"\" width=\"251\" height=\"205\" srcset=\"https:\/\/projectes.xtec.cat\/met\/wp-content\/uploads\/usu1743\/2024\/10\/3.jpg 502w, https:\/\/projectes.xtec.cat\/met\/wp-content\/uploads\/usu1743\/2024\/10\/3-300x246.jpg 300w\" sizes=\"auto, (max-width: 251px) 100vw, 251px\" \/> \u00a0<\/a><a href=\"https:\/\/projectes.xtec.cat\/met\/wp-content\/uploads\/usu1743\/2024\/10\/Screenshot_20241026_201158-1.jpg\"><img loading=\"lazy\" decoding=\"async\" class=\"wp-image-9950 alignnone\" src=\"https:\/\/projectes.xtec.cat\/met\/wp-content\/uploads\/usu1743\/2024\/10\/Screenshot_20241026_201158-1-473x1024.jpg\" alt=\"\" width=\"94\" height=\"204\" srcset=\"https:\/\/projectes.xtec.cat\/met\/wp-content\/uploads\/usu1743\/2024\/10\/Screenshot_20241026_201158-1-473x1024.jpg 473w, https:\/\/projectes.xtec.cat\/met\/wp-content\/uploads\/usu1743\/2024\/10\/Screenshot_20241026_201158-1-138x300.jpg 138w, https:\/\/projectes.xtec.cat\/met\/wp-content\/uploads\/usu1743\/2024\/10\/Screenshot_20241026_201158-1-768x1664.jpg 768w, https:\/\/projectes.xtec.cat\/met\/wp-content\/uploads\/usu1743\/2024\/10\/Screenshot_20241026_201158-1-709x1536.jpg 709w, https:\/\/projectes.xtec.cat\/met\/wp-content\/uploads\/usu1743\/2024\/10\/Screenshot_20241026_201158-1-945x2048.jpg 945w, https:\/\/projectes.xtec.cat\/met\/wp-content\/uploads\/usu1743\/2024\/10\/Screenshot_20241026_201158-1.jpg 1080w\" sizes=\"auto, (max-width: 94px) 100vw, 94px\" \/><\/a><\/p>\n<p><strong>mEduTarraco Medieval<\/strong> representa el projecte que ha afavorit millor l&#8217;objectiu de la nostra proposta, creant un itinerari on l&#8217;alumnat sigui el centre i \u00e0nima creadora del projecte.<\/p>\n<p><img loading=\"lazy\" decoding=\"async\" class=\"wp-image-9952 alignleft\" src=\"https:\/\/projectes.xtec.cat\/met\/wp-content\/uploads\/usu1743\/2024\/10\/med.jpg\" alt=\"\" width=\"287\" height=\"344\" srcset=\"https:\/\/projectes.xtec.cat\/met\/wp-content\/uploads\/usu1743\/2024\/10\/med.jpg 324w, https:\/\/projectes.xtec.cat\/met\/wp-content\/uploads\/usu1743\/2024\/10\/med-250x300.jpg 250w\" sizes=\"auto, (max-width: 287px) 100vw, 287px\" \/><\/p>\n<p>Aquest nou joc de georeferenciaci\u00f3 va n\u00e9ixer durant el passat curs 2023-2024, gr\u00e0cies a la col\u00b7laboraci\u00f3 de docents de diferents centres que han participat a la formaci\u00f3 que mEduTarraco els hi va oferir, inclosa la certificaci\u00f3 dins el Pla de Formaci\u00f3 de Zona del CRP del Tarragon\u00e8s. Docents que l&#8217;han portat a l&#8217;aula perqu\u00e8, mitjan\u00e7ant el treball en xarxa, la creaci\u00f3 d&#8217;aquest nou itinerari fos realitat. L&#8217;alumnat ha aprofundit i conegut millor el passat medieval de Tarragona i han esdevingut autors i autores dels punts d&#8217;inter\u00e8s i de les preguntes competencials que es fan sobre cadascun dels 25 punts.<\/p>\n<p>mEduTarraco Medieval <strong>neix de l&#8217;alumnat\u00a0 per a l&#8217;alumnat<\/strong> i aquest curs 2024-2025 podreu jugar-hi tots els centres educatius que desitgeu.<\/p>\n<p>Us sorpendr\u00e0!<\/p>\n<p>I ja us avancem que, despr\u00e9s de Setmana Santa, us presentarem la novetat per al curs vinent, en la que ja hi estem treballant: <strong>un nou itinerari<\/strong> que se sumar\u00e0 als que ja tenim actius.<\/p>\n<p>Tot \u00e9s posible gr\u00e0cies a les entitats i administracions que ens donen suport i a vosaltres, que ens encoratgeu amb les bones valoracions que feu d&#8217;aquest projecte des de ja fa tantes edicions.<\/p>\n<p>Seguim!<\/p>\n","protected":false},"excerpt":{"rendered":"<p>L&#8217;equip organitzador del projecte ja ha tingut les seves primeres trobades per poder oferir-vos, aquest curs 2024-2025, mEduTarraco en totes les seves modalitats.<br \/>\nmEduTarraco treballa en col\u00b7laboraci\u00f3 amb el Departament d&#8217;Educaci\u00f3, l&#8217;IMET de l&#8217;Ajuntament de Tarragona, la URV, mSchools, Itinerarium i enguany ja s&#8217;han mantingut contactes&hellip;  <a href=\"https:\/\/projectes.xtec.cat\/met\/portada\/el-curs-24-25-amb-medutarraco\/\" title=\"Read EL CURS 24-25 AMB MEDUTARRACO!\">Llegeix m\u00e9s\u00bb<\/a><\/p>\n","protected":false},"author":12,"featured_media":9969,"comment_status":"open","ping_status":"closed","sticky":false,"template":"","format":"standard","meta":{"_bbp_topic_count":0,"_bbp_reply_count":0,"_bbp_total_topic_count":0,"_bbp_total_reply_count":0,"_bbp_voice_count":0,"_bbp_anonymous_reply_count":0,"_bbp_topic_count_hidden":0,"_bbp_reply_count_hidden":0,"_bbp_forum_subforum_count":0,"footnotes":""},"categories":[301,29],"tags":[],"class_list":["post-9946","post","type-post","status-publish","format-standard","has-post-thumbnail","hentry","category-medieval","category-portada"],"post_mailing_queue_ids":[],"_links":{"self":[{"href":"https:\/\/projectes.xtec.cat\/met\/wp-json\/wp\/v2\/posts\/9946","targetHints":{"allow":["GET"]}}],"collection":[{"href":"https:\/\/projectes.xtec.cat\/met\/wp-json\/wp\/v2\/posts"}],"about":[{"href":"https:\/\/projectes.xtec.cat\/met\/wp-json\/wp\/v2\/types\/post"}],"author":[{"embeddable":true,"href":"https:\/\/projectes.xtec.cat\/met\/wp-json\/wp\/v2\/users\/12"}],"replies":[{"embeddable":true,"href":"https:\/\/projectes.xtec.cat\/met\/wp-json\/wp\/v2\/comments?post=9946"}],"version-history":[{"count":7,"href":"https:\/\/projectes.xtec.cat\/met\/wp-json\/wp\/v2\/posts\/9946\/revisions"}],"predecessor-version":[{"id":10024,"href":"https:\/\/projectes.xtec.cat\/met\/wp-json\/wp\/v2\/posts\/9946\/revisions\/10024"}],"wp:featuredmedia":[{"embeddable":true,"href":"https:\/\/projectes.xtec.cat\/met\/wp-json\/wp\/v2\/media\/9969"}],"wp:attachment":[{"href":"https:\/\/projectes.xtec.cat\/met\/wp-json\/wp\/v2\/media?parent=9946"}],"wp:term":[{"taxonomy":"category","embeddable":true,"href":"https:\/\/projectes.xtec.cat\/met\/wp-json\/wp\/v2\/categories?post=9946"},{"taxonomy":"post_tag","embeddable":true,"href":"https:\/\/projectes.xtec.cat\/met\/wp-json\/wp\/v2\/tags?post=9946"}],"curies":[{"name":"wp","href":"https:\/\/api.w.org\/{rel}","templated":true}]}}