{"id":8473,"date":"2023-11-12T09:53:19","date_gmt":"2023-11-12T08:53:19","guid":{"rendered":"https:\/\/projectes.xtec.cat\/mex-mataro\/?p=8473"},"modified":"2023-11-12T09:48:07","modified_gmt":"2023-11-12T08:48:07","slug":"equip-base-jornades-sobre-el-treball-en-xarxa-i-el-benestar-emocional-docent","status":"publish","type":"post","link":"https:\/\/projectes.xtec.cat\/mex-mataro\/general\/equip-base-jornades-sobre-el-treball-en-xarxa-i-el-benestar-emocional-docent\/","title":{"rendered":"Equip Base: JORNADES SOBRE EL TREBALL EN XARXA I EL BENESTAR EMOCIONAL DOCENT"},"content":{"rendered":"<p><span style=\"font-weight: 400;\">A la segona reuni\u00f3 de l\u2019equip Base de la MEX es van tr<\/span><span style=\"font-weight: 400;\">actar dos punts principalment: la valoraci\u00f3 de la Jornada \u201cLa pot\u00e8ncia de la xarxa\u201d i\u00a0 l\u2019estat de les Jornades sobre Benestar emocional docent previstes per aquest mes de novembre.\u00a0<a style=\"color: #2795b6;\" href=\"https:\/\/projectes.xtec.cat\/mex-mataro\/wp-content\/uploads\/usu2290\/2023\/11\/Twister-of-learning-competences-in-primary-school-3.png\"><img loading=\"lazy\" decoding=\"async\" class=\"wp-image-8475 alignright\" src=\"https:\/\/projectes.xtec.cat\/mex-mataro\/wp-content\/uploads\/usu2290\/2023\/11\/Twister-of-learning-competences-in-primary-school-3-1024x1024.png\" alt=\"\" width=\"339\" height=\"339\" srcset=\"https:\/\/projectes.xtec.cat\/mex-mataro\/wp-content\/uploads\/usu2290\/2023\/11\/Twister-of-learning-competences-in-primary-school-3-1024x1024.png 1024w, https:\/\/projectes.xtec.cat\/mex-mataro\/wp-content\/uploads\/usu2290\/2023\/11\/Twister-of-learning-competences-in-primary-school-3-300x300.png 300w, https:\/\/projectes.xtec.cat\/mex-mataro\/wp-content\/uploads\/usu2290\/2023\/11\/Twister-of-learning-competences-in-primary-school-3-150x150.png 150w, https:\/\/projectes.xtec.cat\/mex-mataro\/wp-content\/uploads\/usu2290\/2023\/11\/Twister-of-learning-competences-in-primary-school-3-768x768.png 768w, https:\/\/projectes.xtec.cat\/mex-mataro\/wp-content\/uploads\/usu2290\/2023\/11\/Twister-of-learning-competences-in-primary-school-3.png 1080w\" sizes=\"auto, (max-width: 339px) 100vw, 339px\" \/><\/a><\/span><\/p>\n<p>&nbsp;<\/p>\n<p>&nbsp;<\/p>\n<p><span style=\"font-weight: 400;\">Com sabeu, dijous dia 2 de novembre, es va convocar a tots els Directors i Directores dels centres educatius de la ciutat a una Jornada espec\u00edfica per tractar el tema del treball en xarxa, dividida en tres parts. Una primera amb una breu presentaci\u00f3 de l\u2019origen de la MEX, els seus membres i l\u2019estat actual de les diferents l\u00ednies de treball. La segona amb la confer\u00e8ncia de la Neus Lorenzo -Vicepresidenta de Recerca de la Societat Catalana de Pedagogia (IEC), docent a la Universitat d&#8217;Andorra (UdA) i formadora referent del Departament d&#8217;Educaci\u00f3 en el projecte internacional Erasmus+ coordinat per la UAB, entre d\u2019altres-, i una tercera amb 3 tallers simultanis i rotatius enfocats a la posada en pr\u00e0ctica i la reflexi\u00f3 de la import\u00e0ncia, la necessitat i l\u2019enriquiment de treballar en xarxa. Per aquest motiu, precisament, es va demanar que els Equips Directius assistissin a la jornada acompanyats d\u2019algun membre del seu Claustre que pogu\u00e9s fer, posteriorment, un trasllat de la jornada a la resta del professorat.<\/span><\/p>\n<p><span style=\"font-weight: 400;\">Des de la MEX s\u2019ha fet una primera an\u00e0lisi d\u2019aquest acte que es complementar\u00e0 amb la informaci\u00f3 recollida al Formulari que s\u2019ha fet arribar a tots els assistents, en el qual han de valorar tant la confer\u00e8ncia com els tallers. A m\u00e9s a m\u00e9s, s\u2019ha aprofitat l\u2019ocasi\u00f3 per demanar opini\u00f3 sobre la MEX i s\u2019ha incl\u00f2s el Formulari d\u2019inscripci\u00f3 a la xarxa.<\/span><\/p>\n<p><span style=\"font-weight: 400;\">Respecte a les properes \u201cJornades de Benestar emocional docent\u201d es va acordar que se\u2019n faria m\u00e9s difusi\u00f3 per tal de poder arribar al major nombre de docents possible. Les jornades estan dividides en dos dies durant els quals hi haur\u00e0 confer\u00e8ncies a c\u00e0rrec d\u2019especialistes en la mat\u00e8ria i uns tallers vivencials on poder posar en pr\u00e0ctica alguns dels conceptes treballats, ja que estan pensades per ajudar els i les docents a tenir eines i recursos per poder vetllar pel seu benestar emocional.<\/span><\/p>\n<p><span style=\"font-weight: 400;\">Per acabar, l\u2019Equip base de la MEX va acordar les properes actuacions a fer i de les que us anirem informant properament.<\/span><\/p>\n","protected":false},"excerpt":{"rendered":"<p>A la segona reuni\u00f3 de l\u2019equip Base de la MEX es van tractar dos punts principalment: la valoraci\u00f3 de la [&hellip;]<\/p>\n","protected":false},"author":1,"featured_media":0,"comment_status":"open","ping_status":"closed","sticky":false,"template":"","format":"standard","meta":{"_bbp_topic_count":0,"_bbp_reply_count":0,"_bbp_total_topic_count":0,"_bbp_total_reply_count":0,"_bbp_voice_count":0,"_bbp_anonymous_reply_count":0,"_bbp_topic_count_hidden":0,"_bbp_reply_count_hidden":0,"_bbp_forum_subforum_count":0,"site-sidebar-layout":"default","site-content-layout":"","ast-site-content-layout":"","site-content-style":"default","site-sidebar-style":"default","ast-global-header-display":"","ast-banner-title-visibility":"","ast-main-header-display":"","ast-hfb-above-header-display":"","ast-hfb-below-header-display":"","ast-hfb-mobile-header-display":"","site-post-title":"","ast-breadcrumbs-content":"","ast-featured-img":"","footer-sml-layout":"","theme-transparent-header-meta":"","adv-header-id-meta":"","stick-header-meta":"","header-above-stick-meta":"","header-main-stick-meta":"","header-below-stick-meta":"","astra-migrate-meta-layouts":"default","ast-page-background-enabled":"default","ast-page-background-meta":{"desktop":{"background-color":"var(--ast-global-color-4)","background-image":"","background-repeat":"repeat","background-position":"center center","background-size":"auto","background-attachment":"scroll","background-type":"","background-media":"","overlay-type":"","overlay-color":"","overlay-opacity":"","overlay-gradient":""},"tablet":{"background-color":"","background-image":"","background-repeat":"repeat","background-position":"center center","background-size":"auto","background-attachment":"scroll","background-type":"","background-media":"","overlay-type":"","overlay-color":"","overlay-opacity":"","overlay-gradient":""},"mobile":{"background-color":"","background-image":"","background-repeat":"repeat","background-position":"center center","background-size":"auto","background-attachment":"scroll","background-type":"","background-media":"","overlay-type":"","overlay-color":"","overlay-opacity":"","overlay-gradient":""}},"ast-content-background-meta":{"desktop":{"background-color":"var(--ast-global-color-5)","background-image":"","background-repeat":"repeat","background-position":"center center","background-size":"auto","background-attachment":"scroll","background-type":"","background-media":"","overlay-type":"","overlay-color":"","overlay-opacity":"","overlay-gradient":""},"tablet":{"background-color":"var(--ast-global-color-5)","background-image":"","background-repeat":"repeat","background-position":"center center","background-size":"auto","background-attachment":"scroll","background-type":"","background-media":"","overlay-type":"","overlay-color":"","overlay-opacity":"","overlay-gradient":""},"mobile":{"background-color":"var(--ast-global-color-5)","background-image":"","background-repeat":"repeat","background-position":"center center","background-size":"auto","background-attachment":"scroll","background-type":"","background-media":"","overlay-type":"","overlay-color":"","overlay-opacity":"","overlay-gradient":""}},"footnotes":""},"categories":[291,1,29],"tags":[],"class_list":["post-8473","post","type-post","status-publish","format-standard","hentry","category-equip-base","category-general","category-portada"],"post_mailing_queue_ids":[],"_links":{"self":[{"href":"https:\/\/projectes.xtec.cat\/mex-mataro\/wp-json\/wp\/v2\/posts\/8473","targetHints":{"allow":["GET"]}}],"collection":[{"href":"https:\/\/projectes.xtec.cat\/mex-mataro\/wp-json\/wp\/v2\/posts"}],"about":[{"href":"https:\/\/projectes.xtec.cat\/mex-mataro\/wp-json\/wp\/v2\/types\/post"}],"author":[{"embeddable":true,"href":"https:\/\/projectes.xtec.cat\/mex-mataro\/wp-json\/wp\/v2\/users\/1"}],"replies":[{"embeddable":true,"href":"https:\/\/projectes.xtec.cat\/mex-mataro\/wp-json\/wp\/v2\/comments?post=8473"}],"version-history":[{"count":3,"href":"https:\/\/projectes.xtec.cat\/mex-mataro\/wp-json\/wp\/v2\/posts\/8473\/revisions"}],"predecessor-version":[{"id":8485,"href":"https:\/\/projectes.xtec.cat\/mex-mataro\/wp-json\/wp\/v2\/posts\/8473\/revisions\/8485"}],"wp:attachment":[{"href":"https:\/\/projectes.xtec.cat\/mex-mataro\/wp-json\/wp\/v2\/media?parent=8473"}],"wp:term":[{"taxonomy":"category","embeddable":true,"href":"https:\/\/projectes.xtec.cat\/mex-mataro\/wp-json\/wp\/v2\/categories?post=8473"},{"taxonomy":"post_tag","embeddable":true,"href":"https:\/\/projectes.xtec.cat\/mex-mataro\/wp-json\/wp\/v2\/tags?post=8473"}],"curies":[{"name":"wp","href":"https:\/\/api.w.org\/{rel}","templated":true}]}}