{"id":8654,"date":"2025-04-29T11:45:24","date_gmt":"2025-04-29T09:45:24","guid":{"rendered":"https:\/\/projectes.xtec.cat\/mex-mataro\/?p=8654"},"modified":"2026-01-28T13:35:14","modified_gmt":"2026-01-28T12:35:14","slug":"el-mercat-de-la-mex-de-ll2-laprenentatge-per-projectes-un-aprenentatge-amb-sentit","status":"publish","type":"post","link":"https:\/\/projectes.xtec.cat\/mex-mataro\/general\/el-mercat-de-la-mex-de-ll2-laprenentatge-per-projectes-un-aprenentatge-amb-sentit\/","title":{"rendered":"El Mercat de la MEX de l&#8217;L2: L&#8217;aprenentatge per projectes. Un aprenentatge amb sentit"},"content":{"rendered":"\n<h2 class=\"wp-block-heading has-white-color has-black-background-color has-text-color has-background has-link-color has-medium-font-size wp-elements-2e0547ebe3b3e2207ed677d720962687\">Escola Josep Manuel Peram\u00e0s<\/h2>\n\n\n\n<figure class=\"wp-block-image alignleft size-large is-resized\"><a href=\"https:\/\/projectes.xtec.cat\/mex-mataro\/wp-content\/uploads\/usu2290\/2025\/04\/logo.png\"><img loading=\"lazy\" decoding=\"async\" width=\"1024\" height=\"810\" src=\"https:\/\/projectes.xtec.cat\/mex-mataro\/wp-content\/uploads\/usu2290\/2025\/04\/logo-1024x810.png\" alt=\"\" class=\"wp-image-8655\" style=\"width:240px;height:auto\" srcset=\"https:\/\/projectes.xtec.cat\/mex-mataro\/wp-content\/uploads\/usu2290\/2025\/04\/logo-1024x810.png 1024w, https:\/\/projectes.xtec.cat\/mex-mataro\/wp-content\/uploads\/usu2290\/2025\/04\/logo-300x237.png 300w, https:\/\/projectes.xtec.cat\/mex-mataro\/wp-content\/uploads\/usu2290\/2025\/04\/logo-768x607.png 768w, https:\/\/projectes.xtec.cat\/mex-mataro\/wp-content\/uploads\/usu2290\/2025\/04\/logo.png 1076w\" sizes=\"auto, (max-width: 1024px) 100vw, 1024px\" \/><\/a><\/figure>\n\n\n\n<p>El passat <strong>17 de mar\u00e7<\/strong>, la comunitat educativa de l&#8217;<strong>Escola Josep Manuel Peram\u00e0s<\/strong> va viure una jornada molt especial en el marc del <strong>Mercat de la MEX de l&#8217;L2<\/strong>, dedicada a reflexionar i compartir bones pr\u00e0ctiques sobre una metodologia fonamental: <strong>l&#8217;aprenentatge per projectes<\/strong>.<\/p>\n\n\n\n<p>Sota el lema <em>&#8220;Un aprenentatge amb sentit&#8221;<\/em>, l&#8217;objectiu de la trobada va ser crear un espai d&#8217;intercanvi i reflexi\u00f3 entorn del disseny de projectes a l&#8217;aula. Es va posar l&#8217;accent en com promoure un <strong>aprenentatge profund i significatiu<\/strong> per a l&#8217;alumnat, a partir d&#8217;activitats reals, motivadores i contextualitzades, fruit del proc\u00e9s de transformaci\u00f3 educativa que estan experimentant a trav\u00e9s del Programa d&#8217;Innovaci\u00f3 FAIG. <\/p>\n\n\n\n<p>La jornada va comptar amb la participaci\u00f3 de nombrosos <strong>docents interessats a repensar i millorar la seva pr\u00e0ctica pedag\u00f2gica<\/strong> mitjan\u00e7ant la metodologia basada en projectes. A m\u00e9s, va esdevenir una magn\u00edfica oportunitat per <strong>compartir experi\u00e8ncies<\/strong>, <strong>debatre idees<\/strong> i <strong>inspirar-se m\u00fatuament<\/strong>.<\/p>\n\n\n\n<p>L&#8217;esdeveniment va posar en valor el poder transformador de l&#8217;aprenentatge actiu i col\u00b7laboratiu, deixant const\u00e0ncia de la import\u00e0ncia de generar pr\u00e0ctiques educatives amb sentit i connectades amb l&#8217;entorn dels infants.<\/p>\n\n\n\n<p><strong>Gr\u00e0cies a totes i tots els participants per fer-ho possible!<\/strong><\/p>\n","protected":false},"excerpt":{"rendered":"<p>Escola Josep Manuel Peram\u00e0s El passat 17 de mar\u00e7, la comunitat educativa de l&#8217;Escola Josep Manuel Peram\u00e0s va viure una [&hellip;]<\/p>\n","protected":false},"author":1,"featured_media":8661,"comment_status":"open","ping_status":"open","sticky":false,"template":"","format":"standard","meta":{"_bbp_topic_count":0,"_bbp_reply_count":0,"_bbp_total_topic_count":0,"_bbp_total_reply_count":0,"_bbp_voice_count":0,"_bbp_anonymous_reply_count":0,"_bbp_topic_count_hidden":0,"_bbp_reply_count_hidden":0,"_bbp_forum_subforum_count":0,"site-sidebar-layout":"default","site-content-layout":"","ast-site-content-layout":"default","site-content-style":"default","site-sidebar-style":"default","ast-global-header-display":"","ast-banner-title-visibility":"","ast-main-header-display":"","ast-hfb-above-header-display":"","ast-hfb-below-header-display":"","ast-hfb-mobile-header-display":"","site-post-title":"","ast-breadcrumbs-content":"","ast-featured-img":"","footer-sml-layout":"","theme-transparent-header-meta":"","adv-header-id-meta":"","stick-header-meta":"","header-above-stick-meta":"","header-main-stick-meta":"","header-below-stick-meta":"","astra-migrate-meta-layouts":"set","ast-page-background-enabled":"default","ast-page-background-meta":{"desktop":{"background-color":"var(--ast-global-color-4)","background-image":"","background-repeat":"repeat","background-position":"center center","background-size":"auto","background-attachment":"scroll","background-type":"","background-media":"","overlay-type":"","overlay-color":"","overlay-opacity":"","overlay-gradient":""},"tablet":{"background-color":"","background-image":"","background-repeat":"repeat","background-position":"center center","background-size":"auto","background-attachment":"scroll","background-type":"","background-media":"","overlay-type":"","overlay-color":"","overlay-opacity":"","overlay-gradient":""},"mobile":{"background-color":"","background-image":"","background-repeat":"repeat","background-position":"center center","background-size":"auto","background-attachment":"scroll","background-type":"","background-media":"","overlay-type":"","overlay-color":"","overlay-opacity":"","overlay-gradient":""}},"ast-content-background-meta":{"desktop":{"background-color":"var(--ast-global-color-5)","background-image":"","background-repeat":"repeat","background-position":"center center","background-size":"auto","background-attachment":"scroll","background-type":"","background-media":"","overlay-type":"","overlay-color":"","overlay-opacity":"","overlay-gradient":""},"tablet":{"background-color":"var(--ast-global-color-5)","background-image":"","background-repeat":"repeat","background-position":"center center","background-size":"auto","background-attachment":"scroll","background-type":"","background-media":"","overlay-type":"","overlay-color":"","overlay-opacity":"","overlay-gradient":""},"mobile":{"background-color":"var(--ast-global-color-5)","background-image":"","background-repeat":"repeat","background-position":"center center","background-size":"auto","background-attachment":"scroll","background-type":"","background-media":"","overlay-type":"","overlay-color":"","overlay-opacity":"","overlay-gradient":""}},"footnotes":""},"categories":[1,288,302,29],"tags":[],"class_list":["post-8654","post","type-post","status-publish","format-standard","has-post-thumbnail","hentry","category-general","category-linia-2","category-mercat-de-la-mex","category-portada"],"post_mailing_queue_ids":[],"_links":{"self":[{"href":"https:\/\/projectes.xtec.cat\/mex-mataro\/wp-json\/wp\/v2\/posts\/8654","targetHints":{"allow":["GET"]}}],"collection":[{"href":"https:\/\/projectes.xtec.cat\/mex-mataro\/wp-json\/wp\/v2\/posts"}],"about":[{"href":"https:\/\/projectes.xtec.cat\/mex-mataro\/wp-json\/wp\/v2\/types\/post"}],"author":[{"embeddable":true,"href":"https:\/\/projectes.xtec.cat\/mex-mataro\/wp-json\/wp\/v2\/users\/1"}],"replies":[{"embeddable":true,"href":"https:\/\/projectes.xtec.cat\/mex-mataro\/wp-json\/wp\/v2\/comments?post=8654"}],"version-history":[{"count":2,"href":"https:\/\/projectes.xtec.cat\/mex-mataro\/wp-json\/wp\/v2\/posts\/8654\/revisions"}],"predecessor-version":[{"id":8659,"href":"https:\/\/projectes.xtec.cat\/mex-mataro\/wp-json\/wp\/v2\/posts\/8654\/revisions\/8659"}],"wp:featuredmedia":[{"embeddable":true,"href":"https:\/\/projectes.xtec.cat\/mex-mataro\/wp-json\/wp\/v2\/media\/8661"}],"wp:attachment":[{"href":"https:\/\/projectes.xtec.cat\/mex-mataro\/wp-json\/wp\/v2\/media?parent=8654"}],"wp:term":[{"taxonomy":"category","embeddable":true,"href":"https:\/\/projectes.xtec.cat\/mex-mataro\/wp-json\/wp\/v2\/categories?post=8654"},{"taxonomy":"post_tag","embeddable":true,"href":"https:\/\/projectes.xtec.cat\/mex-mataro\/wp-json\/wp\/v2\/tags?post=8654"}],"curies":[{"name":"wp","href":"https:\/\/api.w.org\/{rel}","templated":true}]}}