{"id":8743,"date":"2026-01-28T13:58:55","date_gmt":"2026-01-28T12:58:55","guid":{"rendered":"https:\/\/projectes.xtec.cat\/mex-mataro\/?p=8743"},"modified":"2026-01-30T10:26:17","modified_gmt":"2026-01-30T09:26:17","slug":"jornades-dintercanvi-i-noves-propostes-del-grup-l2-de-la-mex","status":"publish","type":"post","link":"https:\/\/projectes.xtec.cat\/mex-mataro\/general\/jornades-dintercanvi-i-noves-propostes-del-grup-l2-de-la-mex\/","title":{"rendered":"Jornades d\u2019intercanvi i noves propostes del grup L2 de la MEX"},"content":{"rendered":"\n<figure class=\"wp-block-image alignleft size-full is-resized\"><a href=\"https:\/\/projectes.xtec.cat\/mex-mataro\/wp-content\/uploads\/usu2290\/2026\/01\/mercat-de-la-mex-2026-1.jpg\"><img loading=\"lazy\" decoding=\"async\" width=\"1024\" height=\"1024\" src=\"https:\/\/projectes.xtec.cat\/mex-mataro\/wp-content\/uploads\/usu2290\/2026\/01\/mercat-de-la-mex-2026-1.jpg\" alt=\"\" class=\"wp-image-8747\" style=\"width:212px;height:auto\" srcset=\"https:\/\/projectes.xtec.cat\/mex-mataro\/wp-content\/uploads\/usu2290\/2026\/01\/mercat-de-la-mex-2026-1.jpg 1024w, https:\/\/projectes.xtec.cat\/mex-mataro\/wp-content\/uploads\/usu2290\/2026\/01\/mercat-de-la-mex-2026-1-300x300.jpg 300w, https:\/\/projectes.xtec.cat\/mex-mataro\/wp-content\/uploads\/usu2290\/2026\/01\/mercat-de-la-mex-2026-1-150x150.jpg 150w, https:\/\/projectes.xtec.cat\/mex-mataro\/wp-content\/uploads\/usu2290\/2026\/01\/mercat-de-la-mex-2026-1-768x768.jpg 768w\" sizes=\"auto, (max-width: 1024px) 100vw, 1024px\" \/><\/a><\/figure>\n\n\n\n<p>Des del <strong>grup de treball de l\u2019L2 de la MEX<\/strong> es continuen impulsant jornades d\u2019intercanvi i altres activitats amb l\u2019objectiu de facilitar als i a les professionals de l\u2019educaci\u00f3 la millora de les actuacions a les aules.<\/p>\n\n\n\n<p>Fruit de les aportacions fetes per direccions i docents de diferents centres educatius durant la darrera trobada biennal de la MEX, aquest curs us presentem <strong>dues propostes destacades<\/strong> que esperem que siguin del vostre inter\u00e8s.<\/p>\n\n\n\n<p><\/p>\n\n\n\n<h3 class=\"wp-block-heading has-white-color has-ast-global-color-0-background-color has-text-color has-background has-link-color wp-elements-4cbd8cb34dcd1c5ec86a06e39cc5a085\">Xerrada sobre la participaci\u00f3 de les fam\u00edlies a l\u2019escola<\/h3>\n\n\n\n<p>Una de les inquietuds que va sorgir amb m\u00e9s for\u00e7a va ser la necessitat d\u2019aprofundir en la relaci\u00f3 i la participaci\u00f3 de les fam\u00edlies als centres educatius.<\/p>\n\n\n\n<p>En aquest marc, us convidem a la xerrada <strong>\u201cComprendre les incomprensions entre docents i fam\u00edlies\u201d<\/strong>, a c\u00e0rrec de <strong>Jordi Collet<\/strong>, que tindr\u00e0 lloc el <strong>14 d\u2019abril a les 17.30 h<\/strong>. <strong>Reserveu la data!<\/strong> Properament us farem arribar el formulari d\u2019inscripci\u00f3.<\/p>\n\n\n\n<h3 class=\"wp-block-heading has-white-color has-ast-global-color-0-background-color has-text-color has-background has-link-color wp-elements-f6c330ff41a30253636eecfac4e988f9\">El Mercat de la MEX: intercanvi de pr\u00e0ctiques docents<\/h3>\n\n\n\n<p>D\u2019altra banda, despr\u00e9s de l\u2019\u00e8xit de l\u2019edici\u00f3 anterior, us demanem novament la vostra col\u00b7laboraci\u00f3 per continuar enriquint <strong>El Mercat de la MEX<\/strong>, un espai d\u2019intercanvi de pr\u00e0ctiques docents entre els centres de Matar\u00f3.<\/p>\n\n\n\n<p>Aquest curs, el mercat se centrar\u00e0 especialment en <strong>l\u2019atenci\u00f3 a la diversitat<\/strong>. En una primera fase, volem recollir aquelles pr\u00e0ctiques que us agradaria compartir amb altres centres de la ciutat i que es puguin explicar mitjan\u00e7ant una visita al vostre centre (aula d\u2019acollida, SIEI, pr\u00e0ctiques de codoc\u00e8ncia, projectes singulars, etc.).<\/p>\n\n\n\n<p>Tot i aix\u00ed, si alg\u00fa vol oferir una experi\u00e8ncia relacionada amb una altra tem\u00e0tica, ser\u00e0 igualment benvinguda.<\/p>\n\n\n\n<p>M\u00e9s endavant, rebreu les indicacions per poder visitar les diferents experi\u00e8ncies proposades. El Mercat de la MEX \u00e9s una oportunitat per fer xarxa, compartir coneixement i cr\u00e9ixer a partir d\u2019experi\u00e8ncies reals.<\/p>\n\n\n\n<p>Si creieu que podeu compartir una experi\u00e8ncia del vostre centre, nom\u00e9s cal que ompliu el <a href=\"https:\/\/forms.gle\/4rQMR82x7PpHwGQP7\" target=\"_blank\" rel=\"noreferrer noopener\"><strong>formulari<\/strong><\/a> corresponent <strong>abans del 30 de gener<\/strong>.<\/p>\n\n\n\n<p><\/p>\n\n\n\n<p><\/p>\n","protected":false},"excerpt":{"rendered":"<p>Des del grup de treball de l\u2019L2 de la MEX es continuen impulsant jornades d\u2019intercanvi i altres activitats amb l\u2019objectiu [&hellip;]<\/p>\n","protected":false},"author":1,"featured_media":8749,"comment_status":"open","ping_status":"open","sticky":false,"template":"","format":"standard","meta":{"_bbp_topic_count":0,"_bbp_reply_count":0,"_bbp_total_topic_count":0,"_bbp_total_reply_count":0,"_bbp_voice_count":0,"_bbp_anonymous_reply_count":0,"_bbp_topic_count_hidden":0,"_bbp_reply_count_hidden":0,"_bbp_forum_subforum_count":0,"site-sidebar-layout":"default","site-content-layout":"","ast-site-content-layout":"default","site-content-style":"default","site-sidebar-style":"default","ast-global-header-display":"","ast-banner-title-visibility":"","ast-main-header-display":"","ast-hfb-above-header-display":"","ast-hfb-below-header-display":"","ast-hfb-mobile-header-display":"","site-post-title":"","ast-breadcrumbs-content":"","ast-featured-img":"","footer-sml-layout":"","theme-transparent-header-meta":"","adv-header-id-meta":"","stick-header-meta":"","header-above-stick-meta":"","header-main-stick-meta":"","header-below-stick-meta":"","astra-migrate-meta-layouts":"set","ast-page-background-enabled":"default","ast-page-background-meta":{"desktop":{"background-color":"var(--ast-global-color-4)","background-image":"","background-repeat":"repeat","background-position":"center center","background-size":"auto","background-attachment":"scroll","background-type":"","background-media":"","overlay-type":"","overlay-color":"","overlay-opacity":"","overlay-gradient":""},"tablet":{"background-color":"","background-image":"","background-repeat":"repeat","background-position":"center center","background-size":"auto","background-attachment":"scroll","background-type":"","background-media":"","overlay-type":"","overlay-color":"","overlay-opacity":"","overlay-gradient":""},"mobile":{"background-color":"","background-image":"","background-repeat":"repeat","background-position":"center center","background-size":"auto","background-attachment":"scroll","background-type":"","background-media":"","overlay-type":"","overlay-color":"","overlay-opacity":"","overlay-gradient":""}},"ast-content-background-meta":{"desktop":{"background-color":"var(--ast-global-color-5)","background-image":"","background-repeat":"repeat","background-position":"center center","background-size":"auto","background-attachment":"scroll","background-type":"","background-media":"","overlay-type":"","overlay-color":"","overlay-opacity":"","overlay-gradient":""},"tablet":{"background-color":"var(--ast-global-color-5)","background-image":"","background-repeat":"repeat","background-position":"center center","background-size":"auto","background-attachment":"scroll","background-type":"","background-media":"","overlay-type":"","overlay-color":"","overlay-opacity":"","overlay-gradient":""},"mobile":{"background-color":"var(--ast-global-color-5)","background-image":"","background-repeat":"repeat","background-position":"center center","background-size":"auto","background-attachment":"scroll","background-type":"","background-media":"","overlay-type":"","overlay-color":"","overlay-opacity":"","overlay-gradient":""}},"footnotes":""},"categories":[1,288,302,29],"tags":[],"class_list":["post-8743","post","type-post","status-publish","format-standard","has-post-thumbnail","hentry","category-general","category-linia-2","category-mercat-de-la-mex","category-portada"],"post_mailing_queue_ids":[],"_links":{"self":[{"href":"https:\/\/projectes.xtec.cat\/mex-mataro\/wp-json\/wp\/v2\/posts\/8743","targetHints":{"allow":["GET"]}}],"collection":[{"href":"https:\/\/projectes.xtec.cat\/mex-mataro\/wp-json\/wp\/v2\/posts"}],"about":[{"href":"https:\/\/projectes.xtec.cat\/mex-mataro\/wp-json\/wp\/v2\/types\/post"}],"author":[{"embeddable":true,"href":"https:\/\/projectes.xtec.cat\/mex-mataro\/wp-json\/wp\/v2\/users\/1"}],"replies":[{"embeddable":true,"href":"https:\/\/projectes.xtec.cat\/mex-mataro\/wp-json\/wp\/v2\/comments?post=8743"}],"version-history":[{"count":2,"href":"https:\/\/projectes.xtec.cat\/mex-mataro\/wp-json\/wp\/v2\/posts\/8743\/revisions"}],"predecessor-version":[{"id":8748,"href":"https:\/\/projectes.xtec.cat\/mex-mataro\/wp-json\/wp\/v2\/posts\/8743\/revisions\/8748"}],"wp:featuredmedia":[{"embeddable":true,"href":"https:\/\/projectes.xtec.cat\/mex-mataro\/wp-json\/wp\/v2\/media\/8749"}],"wp:attachment":[{"href":"https:\/\/projectes.xtec.cat\/mex-mataro\/wp-json\/wp\/v2\/media?parent=8743"}],"wp:term":[{"taxonomy":"category","embeddable":true,"href":"https:\/\/projectes.xtec.cat\/mex-mataro\/wp-json\/wp\/v2\/categories?post=8743"},{"taxonomy":"post_tag","embeddable":true,"href":"https:\/\/projectes.xtec.cat\/mex-mataro\/wp-json\/wp\/v2\/tags?post=8743"}],"curies":[{"name":"wp","href":"https:\/\/api.w.org\/{rel}","templated":true}]}}