{"id":14145,"date":"2024-01-25T13:00:47","date_gmt":"2024-01-25T12:00:47","guid":{"rendered":"https:\/\/projectes.xtec.cat\/mobilitatfp\/?p=14145"},"modified":"2024-01-25T15:07:56","modified_gmt":"2024-01-25T14:07:56","slug":"resultats-del-projecte-show-vet","status":"publish","type":"post","link":"https:\/\/projectes.xtec.cat\/mobilitatfp\/portada\/resultats-del-projecte-show-vet\/","title":{"rendered":"Resultats del Projecte SHOW-VET"},"content":{"rendered":"<p>Avui hem portat a terme, conjuntament amb<a href=\"https:\/\/projectes.xtec.cat\/impulsfp\/\"><strong>\u00a0Impuls FP<\/strong><\/a>, un\u00a0<em>mutiplier event <\/em>al qual han assistit docents de 10 centres de Formaci\u00f3 Professional (i una vintena en l\u00ednia) per con\u00e8ixer de primera m\u00e0 els resultats del <a href=\"https:\/\/showvetproject.eu\/en\/\"><strong>Projecte SHOW-VET<\/strong><\/a>. L&#8217;acte ha estat seguit telem\u00e0ticament per una vintena de persones.<\/p>\n<p>Durant els darrers dos anys, els socis del Projecte han treballat per elaborar un model d\u2019aprenentatge amb el qual les institucions educatives puguin dotar el professorat d&#8217;FP amb eines i recursos per a l\u2019ensenyament-aprenentatge en l\u00ednia i a dist\u00e0ncia. Aquest model inclou:<\/p>\n<ul>\n<li>Nou material d\u2019ensenyament-aprenentatge en l\u00ednia<\/li>\n<li>Pilotatge del material d\u2019ensenyament- aprenentatge en l\u00ednia en grups internacionals<\/li>\n<li>Una guia del docent que constar\u00e0 de tres seccions:\n<ul>\n<li>M\u00e8todes pedag\u00f2gics<\/li>\n<li>Material de formaci\u00f3 del professorat per a la formaci\u00f3 de mentors<\/li>\n<li>Enquestes per determinar les necessitats i avaluar l\u2019impacte del projecte<\/li>\n<\/ul>\n<\/li>\n<\/ul>\n<p><a href=\"https:\/\/projectes.xtec.cat\/mobilitatfp\/wp-content\/uploads\/usu1833\/2024\/01\/multiplier-scaled.jpg\"><img loading=\"lazy\" decoding=\"async\" class=\"alignnone size-large wp-image-14146\" src=\"https:\/\/projectes.xtec.cat\/mobilitatfp\/wp-content\/uploads\/usu1833\/2024\/01\/multiplier-577x1024.jpg\" alt=\"\" width=\"577\" height=\"1024\" srcset=\"https:\/\/projectes.xtec.cat\/mobilitatfp\/wp-content\/uploads\/usu1833\/2024\/01\/multiplier-577x1024.jpg 577w, https:\/\/projectes.xtec.cat\/mobilitatfp\/wp-content\/uploads\/usu1833\/2024\/01\/multiplier-169x300.jpg 169w, https:\/\/projectes.xtec.cat\/mobilitatfp\/wp-content\/uploads\/usu1833\/2024\/01\/multiplier-768x1363.jpg 768w, https:\/\/projectes.xtec.cat\/mobilitatfp\/wp-content\/uploads\/usu1833\/2024\/01\/multiplier-865x1536.jpg 865w, https:\/\/projectes.xtec.cat\/mobilitatfp\/wp-content\/uploads\/usu1833\/2024\/01\/multiplier-1154x2048.jpg 1154w, https:\/\/projectes.xtec.cat\/mobilitatfp\/wp-content\/uploads\/usu1833\/2024\/01\/multiplier-scaled.jpg 1442w\" sizes=\"auto, (max-width: 577px) 100vw, 577px\" \/><\/a><\/p>\n","protected":false},"excerpt":{"rendered":"<p>Avui hem portat a terme, conjuntament amb<a href=\"https:\/\/projectes.xtec.cat\/impulsfp\/\">\u00a0Impuls FP<\/a>, un\u00a0mutiplier event al qual han assistit docents de 10 centres de Formaci\u00f3 Professional (i una vintena en l\u00ednia) per con\u00e8ixer de primera m\u00e0 els resultats del <a href=\"https:\/\/showvetproject.eu\/en\/\">Projecte SHOW-VET<\/a>. L&#8217;acte ha estat seguit telem\u00e0ticament per una&hellip;  <a href=\"https:\/\/projectes.xtec.cat\/mobilitatfp\/portada\/resultats-del-projecte-show-vet\/\" title=\"Read Resultats del Projecte SHOW-VET\">Llegeix m\u00e9s\u00bb<\/a><\/p>\n","protected":false},"author":35,"featured_media":0,"comment_status":"open","ping_status":"closed","sticky":false,"template":"","format":"standard","meta":{"_bbp_topic_count":0,"_bbp_reply_count":0,"_bbp_total_topic_count":0,"_bbp_total_reply_count":0,"_bbp_voice_count":0,"_bbp_anonymous_reply_count":0,"_bbp_topic_count_hidden":0,"_bbp_reply_count_hidden":0,"_bbp_forum_subforum_count":0,"footnotes":""},"categories":[354,382,29,413],"tags":[],"class_list":["post-14145","post","type-post","status-publish","format-standard","hentry","category-cooperacio","category-experiencies","category-portada","category-projectes"],"post_mailing_queue_ids":[],"_links":{"self":[{"href":"https:\/\/projectes.xtec.cat\/mobilitatfp\/wp-json\/wp\/v2\/posts\/14145","targetHints":{"allow":["GET"]}}],"collection":[{"href":"https:\/\/projectes.xtec.cat\/mobilitatfp\/wp-json\/wp\/v2\/posts"}],"about":[{"href":"https:\/\/projectes.xtec.cat\/mobilitatfp\/wp-json\/wp\/v2\/types\/post"}],"author":[{"embeddable":true,"href":"https:\/\/projectes.xtec.cat\/mobilitatfp\/wp-json\/wp\/v2\/users\/35"}],"replies":[{"embeddable":true,"href":"https:\/\/projectes.xtec.cat\/mobilitatfp\/wp-json\/wp\/v2\/comments?post=14145"}],"version-history":[{"count":6,"href":"https:\/\/projectes.xtec.cat\/mobilitatfp\/wp-json\/wp\/v2\/posts\/14145\/revisions"}],"predecessor-version":[{"id":14155,"href":"https:\/\/projectes.xtec.cat\/mobilitatfp\/wp-json\/wp\/v2\/posts\/14145\/revisions\/14155"}],"wp:attachment":[{"href":"https:\/\/projectes.xtec.cat\/mobilitatfp\/wp-json\/wp\/v2\/media?parent=14145"}],"wp:term":[{"taxonomy":"category","embeddable":true,"href":"https:\/\/projectes.xtec.cat\/mobilitatfp\/wp-json\/wp\/v2\/categories?post=14145"},{"taxonomy":"post_tag","embeddable":true,"href":"https:\/\/projectes.xtec.cat\/mobilitatfp\/wp-json\/wp\/v2\/tags?post=14145"}],"curies":[{"name":"wp","href":"https:\/\/api.w.org\/{rel}","templated":true}]}}