{"id":14189,"date":"2024-03-08T15:21:31","date_gmt":"2024-03-08T14:21:31","guid":{"rendered":"https:\/\/projectes.xtec.cat\/mobilitatfp\/?p=14189"},"modified":"2024-03-08T15:21:31","modified_gmt":"2024-03-08T14:21:31","slug":"reunio-del-nvt-a-catalunya","status":"publish","type":"post","link":"https:\/\/projectes.xtec.cat\/mobilitatfp\/portada\/reunio-del-nvt-a-catalunya\/","title":{"rendered":"Reuni\u00f3 del NVT a Catalunya"},"content":{"rendered":"<p>Aquesta setmana ha tingut lloc a l&#8217;Escola d&#8217;Hoteleria i Turisme de Barcelona una nova reuni\u00f3 del <a href=\"http:\/\/sepie.es\/iniciativas\/nvt\/\"><strong>National VET Team<\/strong><\/a> per tal de compartir experi\u00e8ncies i bones pr\u00e0ctiques. Hi han assistit els nostres hom\u00f2legs de totes les Comunitats Aut\u00f2nomes i, a la jornada inaugural, vam comptar amb la pres\u00e8ncia del senyor Alfonso Gentil, director del SEPIE.<\/p>\n<p><a href=\"https:\/\/projectes.xtec.cat\/mobilitatfp\/wp-content\/uploads\/usu1833\/2024\/03\/1709903335799.jpg\"><img loading=\"lazy\" decoding=\"async\" class=\"alignnone size-large wp-image-14190\" src=\"https:\/\/projectes.xtec.cat\/mobilitatfp\/wp-content\/uploads\/usu1833\/2024\/03\/1709903335799-1024x817.jpg\" alt=\"\" width=\"1024\" height=\"817\" srcset=\"https:\/\/projectes.xtec.cat\/mobilitatfp\/wp-content\/uploads\/usu1833\/2024\/03\/1709903335799-1024x817.jpg 1024w, https:\/\/projectes.xtec.cat\/mobilitatfp\/wp-content\/uploads\/usu1833\/2024\/03\/1709903335799-300x239.jpg 300w, https:\/\/projectes.xtec.cat\/mobilitatfp\/wp-content\/uploads\/usu1833\/2024\/03\/1709903335799-768x613.jpg 768w, https:\/\/projectes.xtec.cat\/mobilitatfp\/wp-content\/uploads\/usu1833\/2024\/03\/1709903335799-1536x1226.jpg 1536w, https:\/\/projectes.xtec.cat\/mobilitatfp\/wp-content\/uploads\/usu1833\/2024\/03\/1709903335799.jpg 1872w\" sizes=\"auto, (max-width: 1024px) 100vw, 1024px\" \/><\/a><\/p>\n","protected":false},"excerpt":{"rendered":"<p>Aquesta setmana ha tingut lloc a l&#8217;Escola d&#8217;Hoteleria i Turisme de Barcelona una nova reuni\u00f3 del <a href=\"http:\/\/sepie.es\/iniciativas\/nvt\/\">National VET Team<\/a> per tal de compartir experi\u00e8ncies i bones pr\u00e0ctiques. Hi han assistit els nostres hom\u00f2legs de totes les Comunitats Aut\u00f2nomes i, a la jornada inaugural, vam&hellip;  <a href=\"https:\/\/projectes.xtec.cat\/mobilitatfp\/portada\/reunio-del-nvt-a-catalunya\/\" title=\"Read Reuni\u00f3 del NVT a Catalunya\">Llegeix m\u00e9s\u00bb<\/a><\/p>\n","protected":false},"author":35,"featured_media":0,"comment_status":"open","ping_status":"closed","sticky":false,"template":"","format":"standard","meta":{"_bbp_topic_count":0,"_bbp_reply_count":0,"_bbp_total_topic_count":0,"_bbp_total_reply_count":0,"_bbp_voice_count":0,"_bbp_anonymous_reply_count":0,"_bbp_topic_count_hidden":0,"_bbp_reply_count_hidden":0,"_bbp_forum_subforum_count":0,"footnotes":""},"categories":[354,382,29],"tags":[],"class_list":["post-14189","post","type-post","status-publish","format-standard","hentry","category-cooperacio","category-experiencies","category-portada"],"post_mailing_queue_ids":[],"_links":{"self":[{"href":"https:\/\/projectes.xtec.cat\/mobilitatfp\/wp-json\/wp\/v2\/posts\/14189","targetHints":{"allow":["GET"]}}],"collection":[{"href":"https:\/\/projectes.xtec.cat\/mobilitatfp\/wp-json\/wp\/v2\/posts"}],"about":[{"href":"https:\/\/projectes.xtec.cat\/mobilitatfp\/wp-json\/wp\/v2\/types\/post"}],"author":[{"embeddable":true,"href":"https:\/\/projectes.xtec.cat\/mobilitatfp\/wp-json\/wp\/v2\/users\/35"}],"replies":[{"embeddable":true,"href":"https:\/\/projectes.xtec.cat\/mobilitatfp\/wp-json\/wp\/v2\/comments?post=14189"}],"version-history":[{"count":1,"href":"https:\/\/projectes.xtec.cat\/mobilitatfp\/wp-json\/wp\/v2\/posts\/14189\/revisions"}],"predecessor-version":[{"id":14191,"href":"https:\/\/projectes.xtec.cat\/mobilitatfp\/wp-json\/wp\/v2\/posts\/14189\/revisions\/14191"}],"wp:attachment":[{"href":"https:\/\/projectes.xtec.cat\/mobilitatfp\/wp-json\/wp\/v2\/media?parent=14189"}],"wp:term":[{"taxonomy":"category","embeddable":true,"href":"https:\/\/projectes.xtec.cat\/mobilitatfp\/wp-json\/wp\/v2\/categories?post=14189"},{"taxonomy":"post_tag","embeddable":true,"href":"https:\/\/projectes.xtec.cat\/mobilitatfp\/wp-json\/wp\/v2\/tags?post=14189"}],"curies":[{"name":"wp","href":"https:\/\/api.w.org\/{rel}","templated":true}]}}