{"id":14193,"date":"2024-03-18T11:30:08","date_gmt":"2024-03-18T10:30:08","guid":{"rendered":"https:\/\/projectes.xtec.cat\/mobilitatfp\/?p=14193"},"modified":"2024-03-18T11:30:54","modified_gmt":"2024-03-18T10:30:54","slug":"reunio-del-projecte-exceed-a-italia","status":"publish","type":"post","link":"https:\/\/projectes.xtec.cat\/mobilitatfp\/general\/reunio-del-projecte-exceed-a-italia\/","title":{"rendered":"Reuni\u00f3 del Projecte EXCEED a It\u00e0lia"},"content":{"rendered":"<p>Acabem de tornar de la regi\u00f3 d&#8217;Emilia-Romagna, on vam participar en una reuni\u00f3 dels membres de la junta directiva del <a href=\"https:\/\/exceed-cove.eu\/\" target=\"_blank\" rel=\"noopener\" data-cke-saved-href=\"https:\/\/exceed-cove.eu\/\"><strong>Projecte EXCEED<\/strong><\/a>. A banda d&#8217;assistir a diferents presentacions a c\u00e0rrec d&#8217;experts italians i europeus, vam visitar l&#8217;antiga f\u00e0brica <a href=\"https:\/\/parcoinnovazione.it\/en\" target=\"_blank\" rel=\"noopener\" data-cke-saved-href=\"https:\/\/parcoinnovazione.it\/en\"><strong>Reggiane<\/strong><\/a> (reconvertida en un <em>hub<\/em> empresarial) i el centre per a la innovaci\u00f3 <a href=\"https:\/\/www.fondazionerei.it\/\" target=\"_blank\" rel=\"noopener\" data-cke-saved-href=\"https:\/\/www.fondazionerei.it\/\"><strong>Fondazione REI<\/strong><\/a>.<\/p>\n<p><a href=\"https:\/\/projectes.xtec.cat\/mobilitatfp\/wp-content\/uploads\/usu1833\/2024\/03\/IMG_20240314_155253-scaled.jpg\"><img loading=\"lazy\" decoding=\"async\" class=\"alignnone size-large wp-image-14196\" src=\"https:\/\/projectes.xtec.cat\/mobilitatfp\/wp-content\/uploads\/usu1833\/2024\/03\/IMG_20240314_155253-1024x577.jpg\" alt=\"\" width=\"1024\" height=\"577\" srcset=\"https:\/\/projectes.xtec.cat\/mobilitatfp\/wp-content\/uploads\/usu1833\/2024\/03\/IMG_20240314_155253-1024x577.jpg 1024w, https:\/\/projectes.xtec.cat\/mobilitatfp\/wp-content\/uploads\/usu1833\/2024\/03\/IMG_20240314_155253-300x169.jpg 300w, https:\/\/projectes.xtec.cat\/mobilitatfp\/wp-content\/uploads\/usu1833\/2024\/03\/IMG_20240314_155253-768x432.jpg 768w, https:\/\/projectes.xtec.cat\/mobilitatfp\/wp-content\/uploads\/usu1833\/2024\/03\/IMG_20240314_155253-1536x865.jpg 1536w, https:\/\/projectes.xtec.cat\/mobilitatfp\/wp-content\/uploads\/usu1833\/2024\/03\/IMG_20240314_155253-2048x1153.jpg 2048w\" sizes=\"auto, (max-width: 1024px) 100vw, 1024px\" \/><\/a><\/p>\n","protected":false},"excerpt":{"rendered":"<p>Acabem de tornar de la regi\u00f3 d&#8217;Emilia-Romagna, on vam participar en una reuni\u00f3 dels membres de la junta directiva del <a href=\"https:\/\/exceed-cove.eu\/\" target=\"_blank\" rel=\"noopener\" data-cke-saved-href=\"https:\/\/exceed-cove.eu\/\">Projecte EXCEED<\/a>. A banda d&#8217;assistir a diferents presentacions a c\u00e0rrec d&#8217;experts italians i europeus, vam visitar l&#8217;antiga f\u00e0brica <a href=\"https:\/\/parcoinnovazione.it\/en\" target=\"_blank\"&hellip;  <a href=\"https:\/\/projectes.xtec.cat\/mobilitatfp\/general\/reunio-del-projecte-exceed-a-italia\/\" title=\"Read Reuni\u00f3 del Projecte EXCEED a It\u00e0lia\">Llegeix m\u00e9s\u00bb<\/a><\/p>\n","protected":false},"author":35,"featured_media":0,"comment_status":"open","ping_status":"closed","sticky":false,"template":"","format":"standard","meta":{"_bbp_topic_count":0,"_bbp_reply_count":0,"_bbp_total_topic_count":0,"_bbp_total_reply_count":0,"_bbp_voice_count":0,"_bbp_anonymous_reply_count":0,"_bbp_topic_count_hidden":0,"_bbp_reply_count_hidden":0,"_bbp_forum_subforum_count":0,"footnotes":""},"categories":[354,382,1,29,413],"tags":[],"class_list":["post-14193","post","type-post","status-publish","format-standard","hentry","category-cooperacio","category-experiencies","category-general","category-portada","category-projectes"],"post_mailing_queue_ids":[],"_links":{"self":[{"href":"https:\/\/projectes.xtec.cat\/mobilitatfp\/wp-json\/wp\/v2\/posts\/14193","targetHints":{"allow":["GET"]}}],"collection":[{"href":"https:\/\/projectes.xtec.cat\/mobilitatfp\/wp-json\/wp\/v2\/posts"}],"about":[{"href":"https:\/\/projectes.xtec.cat\/mobilitatfp\/wp-json\/wp\/v2\/types\/post"}],"author":[{"embeddable":true,"href":"https:\/\/projectes.xtec.cat\/mobilitatfp\/wp-json\/wp\/v2\/users\/35"}],"replies":[{"embeddable":true,"href":"https:\/\/projectes.xtec.cat\/mobilitatfp\/wp-json\/wp\/v2\/comments?post=14193"}],"version-history":[{"count":2,"href":"https:\/\/projectes.xtec.cat\/mobilitatfp\/wp-json\/wp\/v2\/posts\/14193\/revisions"}],"predecessor-version":[{"id":14198,"href":"https:\/\/projectes.xtec.cat\/mobilitatfp\/wp-json\/wp\/v2\/posts\/14193\/revisions\/14198"}],"wp:attachment":[{"href":"https:\/\/projectes.xtec.cat\/mobilitatfp\/wp-json\/wp\/v2\/media?parent=14193"}],"wp:term":[{"taxonomy":"category","embeddable":true,"href":"https:\/\/projectes.xtec.cat\/mobilitatfp\/wp-json\/wp\/v2\/categories?post=14193"},{"taxonomy":"post_tag","embeddable":true,"href":"https:\/\/projectes.xtec.cat\/mobilitatfp\/wp-json\/wp\/v2\/tags?post=14193"}],"curies":[{"name":"wp","href":"https:\/\/api.w.org\/{rel}","templated":true}]}}