{"id":14200,"date":"2024-04-05T16:29:51","date_gmt":"2024-04-05T14:29:51","guid":{"rendered":"https:\/\/projectes.xtec.cat\/mobilitatfp\/?p=14200"},"modified":"2024-04-05T16:39:19","modified_gmt":"2024-04-05T14:39:19","slug":"general-assembly-on-mobility-of-apprentices","status":"publish","type":"post","link":"https:\/\/projectes.xtec.cat\/mobilitatfp\/portada\/general-assembly-on-mobility-of-apprentices\/","title":{"rendered":"Assemblea d&#8217;EuroApp Mobility"},"content":{"rendered":"<p>Aquesta setmana hem assistit a l&#8217;Assemblea General d&#8217;<strong><a href=\"https:\/\/www.euroappmobility.eu\/fr\/\">EuroApp Mobility<\/a><\/strong> que ha tingut lloc a Brussel\u00b7les. La primera jornada, el 3 d&#8217;abril, va consistir en una s\u00e8rie de taules rodones sobre la figura del coordinador\/a de mobilitat als diferents pa\u00efsos participants. Nosaltres vam intervenir-hi, juntament amb en Marc Batlle, coordinador de mobilitat de l&#8217;INS Torre Vicens i coordinador territorial d&#8217;una de les xarxes del Programa MobilitatFP, a la sessi\u00f3 intitulada <em>Mobility Officers and Coordinators: a Profession to be Recognised and Developed<\/em>. Les nostres presentacions van posar de relleu el paper que els coordinadors i coordinadores desenvolupen als centres catalans i les accions que la Direcci\u00f3 General d&#8217;FP du a terme per donar-los suport.<\/p>\n<p><a href=\"https:\/\/projectes.xtec.cat\/mobilitatfp\/wp-content\/uploads\/usu1833\/2024\/04\/IMG_1220-scaled.jpeg\"><img loading=\"lazy\" decoding=\"async\" class=\"alignnone size-large wp-image-14204\" src=\"https:\/\/projectes.xtec.cat\/mobilitatfp\/wp-content\/uploads\/usu1833\/2024\/04\/IMG_1220-1024x820.jpeg\" alt=\"\" width=\"1024\" height=\"820\" srcset=\"https:\/\/projectes.xtec.cat\/mobilitatfp\/wp-content\/uploads\/usu1833\/2024\/04\/IMG_1220-1024x820.jpeg 1024w, https:\/\/projectes.xtec.cat\/mobilitatfp\/wp-content\/uploads\/usu1833\/2024\/04\/IMG_1220-300x240.jpeg 300w, https:\/\/projectes.xtec.cat\/mobilitatfp\/wp-content\/uploads\/usu1833\/2024\/04\/IMG_1220-768x615.jpeg 768w, https:\/\/projectes.xtec.cat\/mobilitatfp\/wp-content\/uploads\/usu1833\/2024\/04\/IMG_1220-1536x1230.jpeg 1536w, https:\/\/projectes.xtec.cat\/mobilitatfp\/wp-content\/uploads\/usu1833\/2024\/04\/IMG_1220-2048x1639.jpeg 2048w\" sizes=\"auto, (max-width: 1024px) 100vw, 1024px\" \/><\/a><\/p>\n<p>L&#8217;endem\u00e0, la jornada va tenir un car\u00e0cter m\u00e9s institucional amb les pon\u00e8ncies de diferents parlamentaris, senadors, comissaris i empresaris, els quals van posar de manifest els obstacles pol\u00edtics, econ\u00f2mics i socials que s&#8217;han de superar a l&#8217;hora de tirar endavant les mobilitats dels estudiants europeus.<\/p>\n<p><a href=\"https:\/\/projectes.xtec.cat\/mobilitatfp\/wp-content\/uploads\/usu1833\/2024\/04\/IMG_20240404_092458-scaled.jpg\"><img loading=\"lazy\" decoding=\"async\" class=\"alignnone size-large wp-image-14206\" src=\"https:\/\/projectes.xtec.cat\/mobilitatfp\/wp-content\/uploads\/usu1833\/2024\/04\/IMG_20240404_092458-1024x577.jpg\" alt=\"\" width=\"1024\" height=\"577\" srcset=\"https:\/\/projectes.xtec.cat\/mobilitatfp\/wp-content\/uploads\/usu1833\/2024\/04\/IMG_20240404_092458-1024x577.jpg 1024w, https:\/\/projectes.xtec.cat\/mobilitatfp\/wp-content\/uploads\/usu1833\/2024\/04\/IMG_20240404_092458-300x169.jpg 300w, https:\/\/projectes.xtec.cat\/mobilitatfp\/wp-content\/uploads\/usu1833\/2024\/04\/IMG_20240404_092458-768x432.jpg 768w, https:\/\/projectes.xtec.cat\/mobilitatfp\/wp-content\/uploads\/usu1833\/2024\/04\/IMG_20240404_092458-1536x865.jpg 1536w, https:\/\/projectes.xtec.cat\/mobilitatfp\/wp-content\/uploads\/usu1833\/2024\/04\/IMG_20240404_092458-2048x1153.jpg 2048w\" sizes=\"auto, (max-width: 1024px) 100vw, 1024px\" \/><\/a><\/p>\n","protected":false},"excerpt":{"rendered":"<p>Aquesta setmana hem assistit a l&#8217;Assemblea General d&#8217;<a href=\"https:\/\/www.euroappmobility.eu\/fr\/\">EuroApp Mobility<\/a> que ha tingut lloc a Brussel\u00b7les. La primera jornada, el 3 d&#8217;abril, va consistir en una s\u00e8rie de taules rodones sobre la figura del coordinador\/a de mobilitat als diferents pa\u00efsos participants. Nosaltres vam intervenir-hi, juntament&hellip;  <a href=\"https:\/\/projectes.xtec.cat\/mobilitatfp\/portada\/general-assembly-on-mobility-of-apprentices\/\" title=\"Read Assemblea d&#8217;EuroApp Mobility\">Llegeix m\u00e9s\u00bb<\/a><\/p>\n","protected":false},"author":35,"featured_media":0,"comment_status":"open","ping_status":"closed","sticky":false,"template":"","format":"standard","meta":{"_bbp_topic_count":0,"_bbp_reply_count":0,"_bbp_total_topic_count":0,"_bbp_total_reply_count":0,"_bbp_voice_count":0,"_bbp_anonymous_reply_count":0,"_bbp_topic_count_hidden":0,"_bbp_reply_count_hidden":0,"_bbp_forum_subforum_count":0,"footnotes":""},"categories":[354,382,29],"tags":[],"class_list":["post-14200","post","type-post","status-publish","format-standard","hentry","category-cooperacio","category-experiencies","category-portada"],"post_mailing_queue_ids":[],"_links":{"self":[{"href":"https:\/\/projectes.xtec.cat\/mobilitatfp\/wp-json\/wp\/v2\/posts\/14200","targetHints":{"allow":["GET"]}}],"collection":[{"href":"https:\/\/projectes.xtec.cat\/mobilitatfp\/wp-json\/wp\/v2\/posts"}],"about":[{"href":"https:\/\/projectes.xtec.cat\/mobilitatfp\/wp-json\/wp\/v2\/types\/post"}],"author":[{"embeddable":true,"href":"https:\/\/projectes.xtec.cat\/mobilitatfp\/wp-json\/wp\/v2\/users\/35"}],"replies":[{"embeddable":true,"href":"https:\/\/projectes.xtec.cat\/mobilitatfp\/wp-json\/wp\/v2\/comments?post=14200"}],"version-history":[{"count":5,"href":"https:\/\/projectes.xtec.cat\/mobilitatfp\/wp-json\/wp\/v2\/posts\/14200\/revisions"}],"predecessor-version":[{"id":14209,"href":"https:\/\/projectes.xtec.cat\/mobilitatfp\/wp-json\/wp\/v2\/posts\/14200\/revisions\/14209"}],"wp:attachment":[{"href":"https:\/\/projectes.xtec.cat\/mobilitatfp\/wp-json\/wp\/v2\/media?parent=14200"}],"wp:term":[{"taxonomy":"category","embeddable":true,"href":"https:\/\/projectes.xtec.cat\/mobilitatfp\/wp-json\/wp\/v2\/categories?post=14200"},{"taxonomy":"post_tag","embeddable":true,"href":"https:\/\/projectes.xtec.cat\/mobilitatfp\/wp-json\/wp\/v2\/tags?post=14200"}],"curies":[{"name":"wp","href":"https:\/\/api.w.org\/{rel}","templated":true}]}}