{"id":14210,"date":"2024-04-16T15:00:08","date_gmt":"2024-04-16T13:00:08","guid":{"rendered":"https:\/\/projectes.xtec.cat\/mobilitatfp\/?p=14210"},"modified":"2024-04-16T15:06:35","modified_gmt":"2024-04-16T13:06:35","slug":"aprenent-de-pastisseria","status":"publish","type":"post","link":"https:\/\/projectes.xtec.cat\/mobilitatfp\/portada\/aprenent-de-pastisseria\/","title":{"rendered":"Aprenent de pastisseria"},"content":{"rendered":"<p>Un institut franc\u00e8s ens demana ajuda per trobar un restaurant a Catalunya perqu\u00e8 un dels seus aprenents de pastisseria hi faci una estada de pr\u00e0ctiques de 2 mesos (agost i setembre). L&#8217;alumne t\u00e9 experi\u00e8ncia en empreses del sector i parla castell\u00e0 (B1) i angl\u00e8s (A2). Si voleu col\u00b7laborar-hi i, de retruc, aconseguir un soci per als projectes del vostre centre, envieu-nos un mail a mobilitatfp.educacio@gencat.cat amb l\u2019assumpte \u201cPastisser franc\u00e8s\u201d abans del 26 d&#8217;abril.<\/p>\n<p><img decoding=\"async\" src=\"https:\/\/cdn.pixabay.com\/photo\/2013\/08\/07\/11\/36\/cream-170439_1280.jpg\" alt=\"Crema, Adornado, Manga Pastelera\" \/><\/p>\n","protected":false},"excerpt":{"rendered":"<p>Un institut franc\u00e8s ens demana ajuda per trobar un restaurant a Catalunya perqu\u00e8 un dels seus aprenents de pastisseria hi faci una estada de pr\u00e0ctiques de 2 mesos (agost i setembre). L&#8217;alumne t\u00e9 experi\u00e8ncia en empreses del sector i parla castell\u00e0 (B1) i angl\u00e8s (A2).&hellip;  <a href=\"https:\/\/projectes.xtec.cat\/mobilitatfp\/portada\/aprenent-de-pastisseria\/\" title=\"Read Aprenent de pastisseria\">Llegeix m\u00e9s\u00bb<\/a><\/p>\n","protected":false},"author":35,"featured_media":0,"comment_status":"open","ping_status":"closed","sticky":false,"template":"","format":"standard","meta":{"_bbp_topic_count":0,"_bbp_reply_count":0,"_bbp_total_topic_count":0,"_bbp_total_reply_count":0,"_bbp_voice_count":0,"_bbp_anonymous_reply_count":0,"_bbp_topic_count_hidden":0,"_bbp_reply_count_hidden":0,"_bbp_forum_subforum_count":0,"footnotes":""},"categories":[354,382,29],"tags":[],"class_list":["post-14210","post","type-post","status-publish","format-standard","hentry","category-cooperacio","category-experiencies","category-portada"],"post_mailing_queue_ids":[],"_links":{"self":[{"href":"https:\/\/projectes.xtec.cat\/mobilitatfp\/wp-json\/wp\/v2\/posts\/14210","targetHints":{"allow":["GET"]}}],"collection":[{"href":"https:\/\/projectes.xtec.cat\/mobilitatfp\/wp-json\/wp\/v2\/posts"}],"about":[{"href":"https:\/\/projectes.xtec.cat\/mobilitatfp\/wp-json\/wp\/v2\/types\/post"}],"author":[{"embeddable":true,"href":"https:\/\/projectes.xtec.cat\/mobilitatfp\/wp-json\/wp\/v2\/users\/35"}],"replies":[{"embeddable":true,"href":"https:\/\/projectes.xtec.cat\/mobilitatfp\/wp-json\/wp\/v2\/comments?post=14210"}],"version-history":[{"count":2,"href":"https:\/\/projectes.xtec.cat\/mobilitatfp\/wp-json\/wp\/v2\/posts\/14210\/revisions"}],"predecessor-version":[{"id":14212,"href":"https:\/\/projectes.xtec.cat\/mobilitatfp\/wp-json\/wp\/v2\/posts\/14210\/revisions\/14212"}],"wp:attachment":[{"href":"https:\/\/projectes.xtec.cat\/mobilitatfp\/wp-json\/wp\/v2\/media?parent=14210"}],"wp:term":[{"taxonomy":"category","embeddable":true,"href":"https:\/\/projectes.xtec.cat\/mobilitatfp\/wp-json\/wp\/v2\/categories?post=14210"},{"taxonomy":"post_tag","embeddable":true,"href":"https:\/\/projectes.xtec.cat\/mobilitatfp\/wp-json\/wp\/v2\/tags?post=14210"}],"curies":[{"name":"wp","href":"https:\/\/api.w.org\/{rel}","templated":true}]}}