{"id":14229,"date":"2024-05-14T11:57:51","date_gmt":"2024-05-14T09:57:51","guid":{"rendered":"https:\/\/projectes.xtec.cat\/mobilitatfp\/?p=14229"},"modified":"2024-05-14T11:58:51","modified_gmt":"2024-05-14T09:58:51","slug":"visita-de-professorat-alemany-2","status":"publish","type":"post","link":"https:\/\/projectes.xtec.cat\/mobilitatfp\/portada\/visita-de-professorat-alemany-2\/","title":{"rendered":"Visita de professorat alemany"},"content":{"rendered":"<p><span class=\"css-901oao css-16my406 r-poiln3 r-bcqeeo r-qvutc0\">Una delegaci\u00f3 de professorat de l&#8217;estat alemany de Baden-W\u00fcrtemberg ha visitat avui el Departament d&#8217;Educaci\u00f3. T\u00e8cnics del Servei de Programes i Projectes i d&#8217;Ordenaci\u00f3 els han explicat, en sengles presentacions,<\/span>\u00a0el nostre sistema educatiu i la nova llei d&#8217;FP.<\/p>\n<p><a href=\"https:\/\/projectes.xtec.cat\/mobilitatfp\/wp-content\/uploads\/usu1833\/2024\/05\/alemanys-scaled.jpg\"><img loading=\"lazy\" decoding=\"async\" class=\"alignnone size-large wp-image-14230\" src=\"https:\/\/projectes.xtec.cat\/mobilitatfp\/wp-content\/uploads\/usu1833\/2024\/05\/alemanys-1024x577.jpg\" alt=\"\" width=\"1024\" height=\"577\" srcset=\"https:\/\/projectes.xtec.cat\/mobilitatfp\/wp-content\/uploads\/usu1833\/2024\/05\/alemanys-1024x577.jpg 1024w, https:\/\/projectes.xtec.cat\/mobilitatfp\/wp-content\/uploads\/usu1833\/2024\/05\/alemanys-300x169.jpg 300w, https:\/\/projectes.xtec.cat\/mobilitatfp\/wp-content\/uploads\/usu1833\/2024\/05\/alemanys-768x432.jpg 768w, https:\/\/projectes.xtec.cat\/mobilitatfp\/wp-content\/uploads\/usu1833\/2024\/05\/alemanys-1536x865.jpg 1536w, https:\/\/projectes.xtec.cat\/mobilitatfp\/wp-content\/uploads\/usu1833\/2024\/05\/alemanys-2048x1153.jpg 2048w\" sizes=\"auto, (max-width: 1024px) 100vw, 1024px\" \/><\/a><\/p>\n","protected":false},"excerpt":{"rendered":"<p>Una delegaci\u00f3 de professorat de l&#8217;estat alemany de Baden-W\u00fcrtemberg ha visitat avui el Departament d&#8217;Educaci\u00f3. T\u00e8cnics del Servei de Programes i Projectes i d&#8217;Ordenaci\u00f3 els han explicat, en sengles presentacions,\u00a0el nostre sistema educatiu i la nova llei d&#8217;FP.<br \/>\n<a href=\"https:\/\/projectes.xtec.cat\/mobilitatfp\/wp-content\/uploads\/usu1833\/2024\/05\/alemanys-scaled.jpg\"><\/a><\/p>\n","protected":false},"author":35,"featured_media":0,"comment_status":"open","ping_status":"closed","sticky":false,"template":"","format":"standard","meta":{"_bbp_topic_count":0,"_bbp_reply_count":0,"_bbp_total_topic_count":0,"_bbp_total_reply_count":0,"_bbp_voice_count":0,"_bbp_anonymous_reply_count":0,"_bbp_topic_count_hidden":0,"_bbp_reply_count_hidden":0,"_bbp_forum_subforum_count":0,"footnotes":""},"categories":[354,382,29],"tags":[],"class_list":["post-14229","post","type-post","status-publish","format-standard","hentry","category-cooperacio","category-experiencies","category-portada"],"post_mailing_queue_ids":[],"_links":{"self":[{"href":"https:\/\/projectes.xtec.cat\/mobilitatfp\/wp-json\/wp\/v2\/posts\/14229","targetHints":{"allow":["GET"]}}],"collection":[{"href":"https:\/\/projectes.xtec.cat\/mobilitatfp\/wp-json\/wp\/v2\/posts"}],"about":[{"href":"https:\/\/projectes.xtec.cat\/mobilitatfp\/wp-json\/wp\/v2\/types\/post"}],"author":[{"embeddable":true,"href":"https:\/\/projectes.xtec.cat\/mobilitatfp\/wp-json\/wp\/v2\/users\/35"}],"replies":[{"embeddable":true,"href":"https:\/\/projectes.xtec.cat\/mobilitatfp\/wp-json\/wp\/v2\/comments?post=14229"}],"version-history":[{"count":2,"href":"https:\/\/projectes.xtec.cat\/mobilitatfp\/wp-json\/wp\/v2\/posts\/14229\/revisions"}],"predecessor-version":[{"id":14232,"href":"https:\/\/projectes.xtec.cat\/mobilitatfp\/wp-json\/wp\/v2\/posts\/14229\/revisions\/14232"}],"wp:attachment":[{"href":"https:\/\/projectes.xtec.cat\/mobilitatfp\/wp-json\/wp\/v2\/media?parent=14229"}],"wp:term":[{"taxonomy":"category","embeddable":true,"href":"https:\/\/projectes.xtec.cat\/mobilitatfp\/wp-json\/wp\/v2\/categories?post=14229"},{"taxonomy":"post_tag","embeddable":true,"href":"https:\/\/projectes.xtec.cat\/mobilitatfp\/wp-json\/wp\/v2\/tags?post=14229"}],"curies":[{"name":"wp","href":"https:\/\/api.w.org\/{rel}","templated":true}]}}