{"id":14273,"date":"2024-06-28T07:49:53","date_gmt":"2024-06-28T05:49:53","guid":{"rendered":"https:\/\/projectes.xtec.cat\/mobilitatfp\/?p=14273"},"modified":"2024-07-04T10:39:59","modified_gmt":"2024-07-04T08:39:59","slug":"jornada-de-cloenda-5","status":"publish","type":"post","link":"https:\/\/projectes.xtec.cat\/mobilitatfp\/portada\/jornada-de-cloenda-5\/","title":{"rendered":"Jornada de cloenda"},"content":{"rendered":"<p><a href=\"https:\/\/projectes.xtec.cat\/mobilitatfp\/wp-content\/uploads\/usu1833\/2024\/06\/1719506562471-scaled.jpg\"><img loading=\"lazy\" decoding=\"async\" class=\"alignnone size-large wp-image-14275\" src=\"https:\/\/projectes.xtec.cat\/mobilitatfp\/wp-content\/uploads\/usu1833\/2024\/06\/1719506562471-1024x577.jpg\" alt=\"\" width=\"1024\" height=\"577\" srcset=\"https:\/\/projectes.xtec.cat\/mobilitatfp\/wp-content\/uploads\/usu1833\/2024\/06\/1719506562471-1024x577.jpg 1024w, https:\/\/projectes.xtec.cat\/mobilitatfp\/wp-content\/uploads\/usu1833\/2024\/06\/1719506562471-300x169.jpg 300w, https:\/\/projectes.xtec.cat\/mobilitatfp\/wp-content\/uploads\/usu1833\/2024\/06\/1719506562471-768x432.jpg 768w, https:\/\/projectes.xtec.cat\/mobilitatfp\/wp-content\/uploads\/usu1833\/2024\/06\/1719506562471-1536x865.jpg 1536w, https:\/\/projectes.xtec.cat\/mobilitatfp\/wp-content\/uploads\/usu1833\/2024\/06\/1719506562471-2048x1153.jpg 2048w\" sizes=\"auto, (max-width: 1024px) 100vw, 1024px\" \/><\/a><\/p>\n<p>Ahir es va celebrar a Girona la <a href=\"https:\/\/triaeducativa.gencat.cat\/ca\/viver-fp\/jornada-cloenda-programes-projectes-fp\/\"><strong>Jornada de cloenda dels Programes i Projectes d&#8217;FP<\/strong><\/a> d&#8217;aquest curs. Despr\u00e9s dels parlaments inicials a c\u00e0rrec de les autoritats i d&#8217;una confer\u00e8ncia de <a href=\"https:\/\/jordiadell.com\/es\/jordi-adell-herrera\/\"><strong>Jordi Adell<\/strong><\/a>, les diferents unitats de la Direcci\u00f3 General d&#8217;FP es van distribuir per sales per fer balan\u00e7 de la feina feta i la feina a fer.<\/p>\n<p><a href=\"https:\/\/projectes.xtec.cat\/mobilitatfp\/wp-content\/uploads\/usu1833\/2024\/06\/1719506562462-scaled.jpg\"><img loading=\"lazy\" decoding=\"async\" class=\"alignnone size-large wp-image-14274\" src=\"https:\/\/projectes.xtec.cat\/mobilitatfp\/wp-content\/uploads\/usu1833\/2024\/06\/1719506562462-1024x577.jpg\" alt=\"\" width=\"1024\" height=\"577\" srcset=\"https:\/\/projectes.xtec.cat\/mobilitatfp\/wp-content\/uploads\/usu1833\/2024\/06\/1719506562462-1024x577.jpg 1024w, https:\/\/projectes.xtec.cat\/mobilitatfp\/wp-content\/uploads\/usu1833\/2024\/06\/1719506562462-300x169.jpg 300w, https:\/\/projectes.xtec.cat\/mobilitatfp\/wp-content\/uploads\/usu1833\/2024\/06\/1719506562462-768x432.jpg 768w, https:\/\/projectes.xtec.cat\/mobilitatfp\/wp-content\/uploads\/usu1833\/2024\/06\/1719506562462-1536x865.jpg 1536w, https:\/\/projectes.xtec.cat\/mobilitatfp\/wp-content\/uploads\/usu1833\/2024\/06\/1719506562462-2048x1153.jpg 2048w\" sizes=\"auto, (max-width: 1024px) 100vw, 1024px\" \/><\/a><\/p>\n<p>En el nostre cas, els temes tractats van ser els seg\u00fcents:<\/p>\n<ul style=\"font-weight: 400;\">\n<li data-charcodes=\"167\" data-font=\"Wingdings,Sans-Serif\" data-buautonum=\"8\" data-margin=\"720\" data-aria-posinset=\"2\" data-aria-level=\"3\"><span data-scheme-color=\"@000000,,\" data-usefontface=\"false\" data-contrast=\"none\">Informe del curs 23-24<\/span><\/li>\n<li data-charcodes=\"167\" data-font=\"Wingdings,Sans-Serif\" data-buautonum=\"8\" data-margin=\"720\" data-aria-posinset=\"2\" data-aria-level=\"3\"><span data-scheme-color=\"@000000,,\" data-usefontface=\"false\" data-contrast=\"none\">Novetats i reptes de cara al curs 24-25<\/span>\u200b<\/li>\n<li data-charcodes=\"167\" data-font=\"Wingdings,Sans-Serif\" data-buautonum=\"8\" data-margin=\"720\" data-aria-posinset=\"3\" data-aria-level=\"3\"><span data-scheme-color=\"@000000,,\" data-usefontface=\"false\" data-contrast=\"none\">Consorcis de mobilitat\u00a0<\/span>\u200b<\/li>\n<li data-charcodes=\"167\" data-font=\"Wingdings,Sans-Serif\" data-buautonum=\"8\" data-margin=\"720\" data-aria-posinset=\"4\" data-aria-level=\"3\"><span data-scheme-color=\"@000000,,\" data-usefontface=\"false\" data-contrast=\"none\">Projectes internacionals del Programa MobilitatFP<\/span>\u200b<\/li>\n<li data-charcodes=\"167\" data-font=\"Wingdings,Sans-Serif\" data-buautonum=\"8\" data-margin=\"720\" data-aria-posinset=\"5\" data-aria-level=\"3\"><span data-scheme-color=\"@000000,,\" data-usefontface=\"false\" data-contrast=\"none\">iqCampus<\/span><span data-scheme-color=\"@000000,,\" data-usefontface=\"false\" data-contrast=\"none\"> 2024<\/span>\u200b<\/li>\n<li data-charcodes=\"167\" data-font=\"Wingdings,Sans-Serif\" data-buautonum=\"8\" data-margin=\"720\" data-aria-posinset=\"6\" data-aria-level=\"3\"><span data-scheme-color=\"@000000,,\" data-usefontface=\"false\" data-contrast=\"none\">Concurs de v\u00eddeo \u201cExperi\u00e8ncies formatives a <\/span><span data-scheme-color=\"@000000,,\" data-usefontface=\"false\" data-contrast=\"none\">l&#8217;estranger\u201d<\/span>\u200b<\/li>\n<\/ul>\n","protected":false},"excerpt":{"rendered":"<p><a href=\"https:\/\/projectes.xtec.cat\/mobilitatfp\/wp-content\/uploads\/usu1833\/2024\/06\/1719506562471-scaled.jpg\"><\/a><br \/>\nAhir es va celebrar a Girona la <a href=\"https:\/\/triaeducativa.gencat.cat\/ca\/viver-fp\/jornada-cloenda-programes-projectes-fp\/\">Jornada de cloenda dels Programes i Projectes d&#8217;FP<\/a> d&#8217;aquest curs. Despr\u00e9s dels parlaments inicials a c\u00e0rrec de les autoritats i d&#8217;una confer\u00e8ncia de <a href=\"https:\/\/jordiadell.com\/es\/jordi-adell-herrera\/\">Jordi Adell<\/a>, les diferents unitats de la Direcci\u00f3 General d&#8217;FP es van&hellip;  <a href=\"https:\/\/projectes.xtec.cat\/mobilitatfp\/portada\/jornada-de-cloenda-5\/\" title=\"Read Jornada de cloenda\">Llegeix m\u00e9s\u00bb<\/a><\/p>\n","protected":false},"author":35,"featured_media":0,"comment_status":"open","ping_status":"closed","sticky":false,"template":"","format":"standard","meta":{"_bbp_topic_count":0,"_bbp_reply_count":0,"_bbp_total_topic_count":0,"_bbp_total_reply_count":0,"_bbp_voice_count":0,"_bbp_anonymous_reply_count":0,"_bbp_topic_count_hidden":0,"_bbp_reply_count_hidden":0,"_bbp_forum_subforum_count":0,"footnotes":""},"categories":[382,29,413],"tags":[],"class_list":["post-14273","post","type-post","status-publish","format-standard","hentry","category-experiencies","category-portada","category-projectes"],"post_mailing_queue_ids":[],"_links":{"self":[{"href":"https:\/\/projectes.xtec.cat\/mobilitatfp\/wp-json\/wp\/v2\/posts\/14273","targetHints":{"allow":["GET"]}}],"collection":[{"href":"https:\/\/projectes.xtec.cat\/mobilitatfp\/wp-json\/wp\/v2\/posts"}],"about":[{"href":"https:\/\/projectes.xtec.cat\/mobilitatfp\/wp-json\/wp\/v2\/types\/post"}],"author":[{"embeddable":true,"href":"https:\/\/projectes.xtec.cat\/mobilitatfp\/wp-json\/wp\/v2\/users\/35"}],"replies":[{"embeddable":true,"href":"https:\/\/projectes.xtec.cat\/mobilitatfp\/wp-json\/wp\/v2\/comments?post=14273"}],"version-history":[{"count":3,"href":"https:\/\/projectes.xtec.cat\/mobilitatfp\/wp-json\/wp\/v2\/posts\/14273\/revisions"}],"predecessor-version":[{"id":14302,"href":"https:\/\/projectes.xtec.cat\/mobilitatfp\/wp-json\/wp\/v2\/posts\/14273\/revisions\/14302"}],"wp:attachment":[{"href":"https:\/\/projectes.xtec.cat\/mobilitatfp\/wp-json\/wp\/v2\/media?parent=14273"}],"wp:term":[{"taxonomy":"category","embeddable":true,"href":"https:\/\/projectes.xtec.cat\/mobilitatfp\/wp-json\/wp\/v2\/categories?post=14273"},{"taxonomy":"post_tag","embeddable":true,"href":"https:\/\/projectes.xtec.cat\/mobilitatfp\/wp-json\/wp\/v2\/tags?post=14273"}],"curies":[{"name":"wp","href":"https:\/\/api.w.org\/{rel}","templated":true}]}}