{"id":14324,"date":"2024-09-30T13:47:44","date_gmt":"2024-09-30T11:47:44","guid":{"rendered":"https:\/\/projectes.xtec.cat\/mobilitatfp\/?p=14324"},"modified":"2024-09-30T13:50:11","modified_gmt":"2024-09-30T11:50:11","slug":"collaboracio-amb-un-centre-frances-familia-professional-estetica","status":"publish","type":"post","link":"https:\/\/projectes.xtec.cat\/mobilitatfp\/portada\/collaboracio-amb-un-centre-frances-familia-professional-estetica\/","title":{"rendered":"Col\u00b7laboraci\u00f3 amb un centre franc\u00e8s (fam\u00edlia professional Est\u00e8tica)"},"content":{"rendered":"<p>\ud83d\udd0d <strong>Busquem socis Erasmus+ per a una mobilitat d&#8217;aprenents francesos en Est\u00e8tica<\/strong> \u2728<\/p>\n<p>\ud83d\udcc5 <strong>Dates de la mobilitat:<\/strong> L&#8217;estada ser\u00e0 de <strong>dues setmanes<\/strong>, preferiblement de l&#8217;<strong>1 al 15 de febrer <\/strong>(les dates es poden adaptar).<\/p>\n<p>\ud83d\udc69\u200d\ud83c\udf93 <strong>Fam\u00edlia professional:<\/strong> Est\u00e8tica<br \/>\nDemanda: Se cerquen pr\u00e0ctiques per un grup de <strong>13 aprenents<\/strong> d&#8217;<strong>est\u00e8tica<\/strong> en el seu 4t any de formaci\u00f3 Dual (<strong>nivell 4 del EQF<\/strong>), amb edats compreses entre els <strong>18 i 24 anys<\/strong>.<\/p>\n<p>\ud83c\udfeb <strong>Programa de la mobilitat:<\/strong><\/p>\n<ul>\n<li>Sessions a l&#8217;escola per compartir classes amb estudiants d&#8217;est\u00e8tica, per comparar t\u00e8cniques.<\/li>\n<li>La resta del temps ser\u00e0 a una empresa per realitzar pr\u00e0ctiques.<\/li>\n<\/ul>\n<p>\ud83d\udc65 <strong>Acompanyament:<\/strong> El grup estar\u00e0 acompanyat en tot moment per una professora i una coordinadora de mobilitat. Tenen coneixements d&#8217;angl\u00e8s (nivells B1 a C1) i una mica d&#8217;espanyol, ja que estan oferint-los classes per preparar-se.<\/p>\n<p>\ud83c\udf89 <strong>Qu\u00e8 ofereixen:<\/strong> Els encantaria <strong>acollir estudiants d&#8217;aqu\u00ed<\/strong>\u00a0a canvi o fins i tot <strong>personal docent<\/strong>!<\/p>\n<p>\ud83d\udd17 M\u00e9s informaci\u00f3 sobre el seu centre <a href=\"https:\/\/www.campusdesmetiers37.fr\/metiers\/je-choisis-mon-metier\/metiers-de-la-beaute-et-bien-etre\/esthetique-cosmetique\/\" target=\"_new\" rel=\"noopener\">aqu\u00ed<\/a>.<\/p>\n<p>\u2709\ufe0f Si esteu interessats a col\u00b7laborar i trobar un soci per als projectes <strong>KA1<\/strong> del vostre centre, envieu-nos un correu a <strong><a rel=\"noopener\">mobilitatfp.educacio@gencat.cat<\/a><\/strong> amb l\u2019assumpte <strong>\u201cEstada centre franc\u00e8s (est\u00e8tica)\u201d<\/strong> abans del <strong>20 d&#8217;octubre<\/strong> i empleneu el seg\u00fcent <a href=\"https:\/\/forms.gle\/DbeBYDAYvK2vuZ118\">formulari<\/a>.<\/p>\n<p>Gr\u00e0cies i esperem la vostra col\u00b7laboraci\u00f3! \ud83d\ude0a<\/p>\n","protected":false},"excerpt":{"rendered":"<p>\ud83d\udd0d Busquem socis Erasmus+ per a una mobilitat d&#8217;aprenents francesos en Est\u00e8tica \u2728<br \/>\n\ud83d\udcc5 Dates de la mobilitat: L&#8217;estada ser\u00e0 de dues setmanes, preferiblement de l&#8217;1 al 15 de febrer (les dates es poden adaptar).<br \/>\n\ud83d\udc69\u200d\ud83c\udf93 Fam\u00edlia professional: Est\u00e8tica<br \/>\nDemanda: Se cerquen pr\u00e0ctiques per un grup de 13&hellip;  <a href=\"https:\/\/projectes.xtec.cat\/mobilitatfp\/portada\/collaboracio-amb-un-centre-frances-familia-professional-estetica\/\" title=\"Read Col\u00b7laboraci\u00f3 amb un centre franc\u00e8s (fam\u00edlia professional Est\u00e8tica)\">Llegeix m\u00e9s\u00bb<\/a><\/p>\n","protected":false},"author":35,"featured_media":0,"comment_status":"open","ping_status":"closed","sticky":false,"template":"","format":"standard","meta":{"_bbp_topic_count":0,"_bbp_reply_count":0,"_bbp_total_topic_count":0,"_bbp_total_reply_count":0,"_bbp_voice_count":0,"_bbp_anonymous_reply_count":0,"_bbp_topic_count_hidden":0,"_bbp_reply_count_hidden":0,"_bbp_forum_subforum_count":0,"footnotes":""},"categories":[354,382,29],"tags":[],"class_list":["post-14324","post","type-post","status-publish","format-standard","hentry","category-cooperacio","category-experiencies","category-portada"],"post_mailing_queue_ids":[],"_links":{"self":[{"href":"https:\/\/projectes.xtec.cat\/mobilitatfp\/wp-json\/wp\/v2\/posts\/14324","targetHints":{"allow":["GET"]}}],"collection":[{"href":"https:\/\/projectes.xtec.cat\/mobilitatfp\/wp-json\/wp\/v2\/posts"}],"about":[{"href":"https:\/\/projectes.xtec.cat\/mobilitatfp\/wp-json\/wp\/v2\/types\/post"}],"author":[{"embeddable":true,"href":"https:\/\/projectes.xtec.cat\/mobilitatfp\/wp-json\/wp\/v2\/users\/35"}],"replies":[{"embeddable":true,"href":"https:\/\/projectes.xtec.cat\/mobilitatfp\/wp-json\/wp\/v2\/comments?post=14324"}],"version-history":[{"count":1,"href":"https:\/\/projectes.xtec.cat\/mobilitatfp\/wp-json\/wp\/v2\/posts\/14324\/revisions"}],"predecessor-version":[{"id":14325,"href":"https:\/\/projectes.xtec.cat\/mobilitatfp\/wp-json\/wp\/v2\/posts\/14324\/revisions\/14325"}],"wp:attachment":[{"href":"https:\/\/projectes.xtec.cat\/mobilitatfp\/wp-json\/wp\/v2\/media?parent=14324"}],"wp:term":[{"taxonomy":"category","embeddable":true,"href":"https:\/\/projectes.xtec.cat\/mobilitatfp\/wp-json\/wp\/v2\/categories?post=14324"},{"taxonomy":"post_tag","embeddable":true,"href":"https:\/\/projectes.xtec.cat\/mobilitatfp\/wp-json\/wp\/v2\/tags?post=14324"}],"curies":[{"name":"wp","href":"https:\/\/api.w.org\/{rel}","templated":true}]}}