{"id":14331,"date":"2024-10-07T10:13:42","date_gmt":"2024-10-07T08:13:42","guid":{"rendered":"https:\/\/projectes.xtec.cat\/mobilitatfp\/?p=14331"},"modified":"2024-10-07T11:37:25","modified_gmt":"2024-10-07T09:37:25","slug":"collaboracio-amb-un-centre-austriac-familia-professional-turisme","status":"publish","type":"post","link":"https:\/\/projectes.xtec.cat\/mobilitatfp\/portada\/collaboracio-amb-un-centre-austriac-familia-professional-turisme\/","title":{"rendered":"Col\u00b7laboraci\u00f3 amb un centre austr\u00edac (fam\u00edlia professional Turisme)"},"content":{"rendered":"<p><a href=\"https:\/\/projectes.xtec.cat\/mobilitatfp\/wp-content\/uploads\/usu1833\/2024\/10\/Sense-titol-1350-x-900-px.png\"><img loading=\"lazy\" decoding=\"async\" class=\"size-full wp-image-14332 aligncenter\" src=\"https:\/\/projectes.xtec.cat\/mobilitatfp\/wp-content\/uploads\/usu1833\/2024\/10\/Sense-titol-1350-x-900-px.png\" alt=\"\" width=\"675\" height=\"450\" srcset=\"https:\/\/projectes.xtec.cat\/mobilitatfp\/wp-content\/uploads\/usu1833\/2024\/10\/Sense-titol-1350-x-900-px.png 675w, https:\/\/projectes.xtec.cat\/mobilitatfp\/wp-content\/uploads\/usu1833\/2024\/10\/Sense-titol-1350-x-900-px-300x200.png 300w\" sizes=\"auto, (max-width: 675px) 100vw, 675px\" \/><\/a><\/p>\n<p>Un centre austr\u00edac especialitzat en turisme busca col\u00b7laboraci\u00f3 amb centres d&#8217;FP catalans. Sol\u00b7liciten:<\/p>\n<ul>\n<li style=\"list-style-type: none;\">\n<ul>\n<li><strong>Jobshadowing<\/strong> d&#8217;1 o 2 professors austr\u00edacs a Catalunya durant <strong>1 setmana<\/strong>.<\/li>\n<li><strong>Intercanvi d&#8217;estudiants<\/strong>: 4 a 6 alumnes austr\u00edacs (16-19 anys) durant <strong>2 setmanes<\/strong>.<\/li>\n<\/ul>\n<\/li>\n<\/ul>\n<p><strong>Per\u00edode:<\/strong> Primavera-Estiu 2025.<\/p>\n<p>Tamb\u00e9 hi ha la possibilitat d&#8217;organitzar intercanvis en sentit invers, per al vostre professorat i alumnat a \u00c0ustria.<\/p>\n<p>Si esteu interessats, envieu un correu a <strong><a rel=\"noopener\">mobilitatfp.educacio<span class=\"atwho-query\">@ge<\/span>ncat.cat<\/a><\/strong><span style=\"color: #000000;\"> amb l&#8217;assumpte &#8220;Estada centre austr\u00edac (Turisme) abans del <strong>26 d&#8217;octubre<\/strong>.<\/span><\/p>\n","protected":false},"excerpt":{"rendered":"<p><a href=\"https:\/\/projectes.xtec.cat\/mobilitatfp\/wp-content\/uploads\/usu1833\/2024\/10\/Sense-titol-1350-x-900-px.png\"><\/a><br \/>\nUn centre austr\u00edac especialitzat en turisme busca col\u00b7laboraci\u00f3 amb centres d&#8217;FP catalans. Sol\u00b7liciten:<\/p>\n<ul>\n<li style=\"list-style-type: none;\">\n<ul>\n<li>Jobshadowing d&#8217;1 o 2 professors austr\u00edacs a Catalunya durant 1 setmana.<\/li>\n<li>Intercanvi d&#8217;estudiants: 4 a 6 alumnes austr\u00edacs (16-19 anys) durant 2 setmanes.<\/li>\n<\/ul>\n<\/li>\n<\/ul>\n<p>Per\u00edode: Primavera-Estiu 2025.<br \/>\nTamb\u00e9 hi ha la possibilitat d&#8217;organitzar intercanvis&hellip;  <a href=\"https:\/\/projectes.xtec.cat\/mobilitatfp\/portada\/collaboracio-amb-un-centre-austriac-familia-professional-turisme\/\" title=\"Read Col\u00b7laboraci\u00f3 amb un centre austr\u00edac (fam\u00edlia professional Turisme)\">Llegeix m\u00e9s\u00bb<\/a><\/p>\n","protected":false},"author":35,"featured_media":14332,"comment_status":"open","ping_status":"closed","sticky":false,"template":"","format":"standard","meta":{"_bbp_topic_count":0,"_bbp_reply_count":0,"_bbp_total_topic_count":0,"_bbp_total_reply_count":0,"_bbp_voice_count":0,"_bbp_anonymous_reply_count":0,"_bbp_topic_count_hidden":0,"_bbp_reply_count_hidden":0,"_bbp_forum_subforum_count":0,"footnotes":""},"categories":[29],"tags":[],"class_list":["post-14331","post","type-post","status-publish","format-standard","has-post-thumbnail","hentry","category-portada"],"post_mailing_queue_ids":[],"_links":{"self":[{"href":"https:\/\/projectes.xtec.cat\/mobilitatfp\/wp-json\/wp\/v2\/posts\/14331","targetHints":{"allow":["GET"]}}],"collection":[{"href":"https:\/\/projectes.xtec.cat\/mobilitatfp\/wp-json\/wp\/v2\/posts"}],"about":[{"href":"https:\/\/projectes.xtec.cat\/mobilitatfp\/wp-json\/wp\/v2\/types\/post"}],"author":[{"embeddable":true,"href":"https:\/\/projectes.xtec.cat\/mobilitatfp\/wp-json\/wp\/v2\/users\/35"}],"replies":[{"embeddable":true,"href":"https:\/\/projectes.xtec.cat\/mobilitatfp\/wp-json\/wp\/v2\/comments?post=14331"}],"version-history":[{"count":4,"href":"https:\/\/projectes.xtec.cat\/mobilitatfp\/wp-json\/wp\/v2\/posts\/14331\/revisions"}],"predecessor-version":[{"id":14336,"href":"https:\/\/projectes.xtec.cat\/mobilitatfp\/wp-json\/wp\/v2\/posts\/14331\/revisions\/14336"}],"wp:featuredmedia":[{"embeddable":true,"href":"https:\/\/projectes.xtec.cat\/mobilitatfp\/wp-json\/wp\/v2\/media\/14332"}],"wp:attachment":[{"href":"https:\/\/projectes.xtec.cat\/mobilitatfp\/wp-json\/wp\/v2\/media?parent=14331"}],"wp:term":[{"taxonomy":"category","embeddable":true,"href":"https:\/\/projectes.xtec.cat\/mobilitatfp\/wp-json\/wp\/v2\/categories?post=14331"},{"taxonomy":"post_tag","embeddable":true,"href":"https:\/\/projectes.xtec.cat\/mobilitatfp\/wp-json\/wp\/v2\/tags?post=14331"}],"curies":[{"name":"wp","href":"https:\/\/api.w.org\/{rel}","templated":true}]}}