{"id":14344,"date":"2024-10-14T08:55:08","date_gmt":"2024-10-14T06:55:08","guid":{"rendered":"https:\/\/projectes.xtec.cat\/mobilitatfp\/?p=14344"},"modified":"2024-10-14T09:16:57","modified_gmt":"2024-10-14T07:16:57","slug":"erasmusdays-2024-in-vet-hed-in-catalonia","status":"publish","type":"post","link":"https:\/\/projectes.xtec.cat\/mobilitatfp\/portada\/erasmusdays-2024-in-vet-hed-in-catalonia\/","title":{"rendered":"ErasmusDays 2024 in VET &#038; HED in Catalonia"},"content":{"rendered":"<div class=\"flex max-w-full flex-col flex-grow\">\n<div class=\"min-h-8 text-message flex w-full flex-col items-end gap-2 whitespace-normal break-words [.text-message+&amp;]:mt-5\" dir=\"auto\" data-message-author-role=\"assistant\" data-message-id=\"39720261-36b9-4cd6-81f2-41216b8f80f6\" data-message-model-slug=\"gpt-4o\">\n<div class=\"flex w-full flex-col gap-1 empty:hidden first:pt-[3px]\">\n<div class=\"markdown prose w-full break-words dark:prose-invert light\">\n<p>Els <strong>ErasmusDays 2024 in VET &amp; HED in Catalonia<\/strong>, celebrats entre el <strong>14 i el 19 d&#8217;octubre de 2024<\/strong>, s\u00f3n un conjunt d&#8217;esdeveniments dedicats a destacar l&#8217;impacte del programa Erasmus+ en els sectors de la <strong>Formaci\u00f3 Professional (VET, Vocational Education and Training)<\/strong> i l&#8217;<strong>Educaci\u00f3 Superior (HED, Higher Education)<\/strong> a Catalunya. Durant aquesta setmana, s&#8217;organitzen diverses activitats com tallers, seminaris i confer\u00e8ncies per compartir experi\u00e8ncies, fomentar la mobilitat internacional i enfortir la cooperaci\u00f3 entre institucions educatives i professionals dins del marc del programa Erasmus+.<\/p>\n<p>Consulta tots els esdeveniments celebrats a Catalunya en l&#8217;\u00e0mbit de la Formaci\u00f3 Professional.<\/p>\n<\/div>\n<\/div>\n<\/div>\n<\/div>\n<div class=\"mb-2 flex gap-3 empty:hidden -ml-2\">\n<div class=\"items-center justify-start rounded-xl p-1 flex\">\n<div class=\"flex items-center\">\n<div class=\"flex items-center pb-0\"><\/div>\n<\/div>\n<\/div>\n<\/div>\n<p><iframe loading=\"lazy\" src=\"https:\/\/www.google.com\/maps\/d\/embed?mid=1f9htnm1GZmjqHFsWqT0SpUJFN4fQM_0&amp;ehbc=2E312F\" width=\"640\" height=\"480\"><\/iframe><\/p>\n","protected":false},"excerpt":{"rendered":"<p>Els ErasmusDays 2024 in VET &amp; HED in Catalonia, celebrats entre el 14 i el 19 d&#8217;octubre de 2024, s\u00f3n un conjunt d&#8217;esdeveniments dedicats a destacar l&#8217;impacte del programa Erasmus+ en els sectors de la Formaci\u00f3 Professional (VET, Vocational Education and Training) i l&#8217;Educaci\u00f3 Superior&hellip;  <a href=\"https:\/\/projectes.xtec.cat\/mobilitatfp\/portada\/erasmusdays-2024-in-vet-hed-in-catalonia\/\" title=\"Read ErasmusDays 2024 in VET &#038; HED in Catalonia\">Llegeix m\u00e9s\u00bb<\/a><\/p>\n","protected":false},"author":35,"featured_media":14347,"comment_status":"open","ping_status":"closed","sticky":false,"template":"","format":"standard","meta":{"_bbp_topic_count":0,"_bbp_reply_count":0,"_bbp_total_topic_count":0,"_bbp_total_reply_count":0,"_bbp_voice_count":0,"_bbp_anonymous_reply_count":0,"_bbp_topic_count_hidden":0,"_bbp_reply_count_hidden":0,"_bbp_forum_subforum_count":0,"footnotes":""},"categories":[29],"tags":[],"class_list":["post-14344","post","type-post","status-publish","format-standard","has-post-thumbnail","hentry","category-portada"],"post_mailing_queue_ids":[],"_links":{"self":[{"href":"https:\/\/projectes.xtec.cat\/mobilitatfp\/wp-json\/wp\/v2\/posts\/14344","targetHints":{"allow":["GET"]}}],"collection":[{"href":"https:\/\/projectes.xtec.cat\/mobilitatfp\/wp-json\/wp\/v2\/posts"}],"about":[{"href":"https:\/\/projectes.xtec.cat\/mobilitatfp\/wp-json\/wp\/v2\/types\/post"}],"author":[{"embeddable":true,"href":"https:\/\/projectes.xtec.cat\/mobilitatfp\/wp-json\/wp\/v2\/users\/35"}],"replies":[{"embeddable":true,"href":"https:\/\/projectes.xtec.cat\/mobilitatfp\/wp-json\/wp\/v2\/comments?post=14344"}],"version-history":[{"count":5,"href":"https:\/\/projectes.xtec.cat\/mobilitatfp\/wp-json\/wp\/v2\/posts\/14344\/revisions"}],"predecessor-version":[{"id":14348,"href":"https:\/\/projectes.xtec.cat\/mobilitatfp\/wp-json\/wp\/v2\/posts\/14344\/revisions\/14348"}],"wp:featuredmedia":[{"embeddable":true,"href":"https:\/\/projectes.xtec.cat\/mobilitatfp\/wp-json\/wp\/v2\/media\/14347"}],"wp:attachment":[{"href":"https:\/\/projectes.xtec.cat\/mobilitatfp\/wp-json\/wp\/v2\/media?parent=14344"}],"wp:term":[{"taxonomy":"category","embeddable":true,"href":"https:\/\/projectes.xtec.cat\/mobilitatfp\/wp-json\/wp\/v2\/categories?post=14344"},{"taxonomy":"post_tag","embeddable":true,"href":"https:\/\/projectes.xtec.cat\/mobilitatfp\/wp-json\/wp\/v2\/tags?post=14344"}],"curies":[{"name":"wp","href":"https:\/\/api.w.org\/{rel}","templated":true}]}}