{"id":14366,"date":"2024-11-29T11:17:09","date_gmt":"2024-11-29T10:17:09","guid":{"rendered":"https:\/\/projectes.xtec.cat\/mobilitatfp\/?p=14366"},"modified":"2024-11-29T11:18:14","modified_gmt":"2024-11-29T10:18:14","slug":"exceed-upskilling-programme-for-vet-professionals","status":"publish","type":"post","link":"https:\/\/projectes.xtec.cat\/mobilitatfp\/general\/exceed-upskilling-programme-for-vet-professionals\/","title":{"rendered":"EXCEED Upskilling Programme for VET Professionals"},"content":{"rendered":"<p><a href=\"https:\/\/exceed-cove.eu\/\">EXCEED \u2013 EXCELLENCE IN GREEN AND DIGITAL MANUFACTURING<\/a> \u00e9s un projecte europeu que connecta 6 centres d&#8217;excel\u00b7l\u00e8ncia professional de 5 pa\u00efsos amb l&#8217;objectiu de promoure la innovaci\u00f3 i la sostenibilitat en el sector de la manufactura avan\u00e7ada (AM). Aquesta xarxa treballa per enfortir la competitivitat sostenible del sector mitjan\u00e7ant la col\u00b7laboraci\u00f3, la formaci\u00f3 i el desenvolupament de compet\u00e8ncies clau en \u00e0rees com la digitalitzaci\u00f3 i l&#8217;eco-innovaci\u00f3. Els centres d&#8217;FP exerceixen un paper clau en aquest proc\u00e9s, preparant l&#8217;alumnat per als reptes presents i configurant una societat m\u00e9s verda i digital en el futur.<br \/>\nDintre el WP4 d&#8217;aquest projecte la setmana vinent s&#8217;inicia una s\u00e8rie de formacions en l\u00ednia, a les quals us convidem a participar.<\/p>\n<p><strong>EXCEED Upskilling Programme for VET Professionals<\/strong> \ud83c\udf93<br \/>\n\ud83d\udcc5 Inici: 6 de desembre de 2024<br \/>\nObjectius:<br \/>\n\ud83d\ude80 Innovar curr\u00edculums i m\u00e8todes d\u2019ensenyament\/formaci\u00f3 per donar suport a l\u2019eco-innovaci\u00f3 digital en el sector de la manufactura avan\u00e7ada (AM).<br \/>\n\ud83c\udf0d Promoure la internacionalitzaci\u00f3, la inclusi\u00f3, la sensibilitat de g\u00e8nere i l\u2019enfocament de compet\u00e8ncies transversals.<br \/>\n\ud83c\udfaf Per qu\u00e8 participar?<br \/>\nAquest programa no \u00e9s nom\u00e9s una oportunitat d&#8217;aprenentatge, sin\u00f3 tamb\u00e9 una plataforma per generar impacte real. Aprendr\u00e0s a dissenyar curr\u00edculums innovadors que:<br \/>\n\ud83c\udf3f Donin suport a la transici\u00f3 cap a una economia circular digital.<br \/>\n\ud83c\udf0d Abordin els reptes del canvi clim\u00e0tic i la sostenibilitat en el sector AM.<br \/>\n\ud83e\udd1d Fomentin la inclusivitat, la sensibilitat de g\u00e8nere i la internacionalitzaci\u00f3.<\/p>\n<p>El programa compta amb experts de renom com:<br \/>\nProf. Richard Pagett \u2013 Ecoinnovaci\u00f3 digital i economia circular.<br \/>\nValentina Grganovic \u2013 \u00das de la base de dades ESCO en formaci\u00f3 professional.<br \/>\nIsabel Ladr\u00f3n Arroyo \u2013 Microcredencials europees per a l&#8217;aprenentatge permanent.<br \/>\nKia Likitalo \u2013 Digitalitzaci\u00f3 de certificats i credencials d\u2019aprenentatge.<br \/>\nStelina Chatzichristou i Katerina Tzafikou (CEDEFOP) \u2013 Intel\u00b7lig\u00e8ncia de compet\u00e8ncies en el sector AM i impacte de la transici\u00f3 digital i verda.<br \/>\nDr. Gaia Del Negro \u2013 Desenvolupament de programes formatius per al desenvolupament professional continu.<br \/>\nProf. Ulf-Daniel Ehlers \u2013 El marc NextSkills per preparar professionals per al futur.<br \/>\nProf. Dirk Ifenthaler \u2013 Innovaci\u00f3 curricular i anal\u00edtiques d\u2019aprenentatge.<\/p>\n<p>\ud83d\udce2 Inscriu-te i marca la difer\u00e8ncia al teu centre d&#8217;FP! Tota la informaci\u00f3 aqu\u00ed: <a href=\"https:\/\/exceed-cove.eu\/event\/upskilling-programme-for-vet-professionals\/\">https:\/\/exceed-cove.eu\/event\/upskilling-programme-for-vet-professionals\/\u00a0<\/a><\/p>\n<p>&nbsp;<\/p>\n","protected":false},"excerpt":{"rendered":"<p><a href=\"https:\/\/exceed-cove.eu\/\">EXCEED \u2013 EXCELLENCE IN GREEN AND DIGITAL MANUFACTURING<\/a> \u00e9s un projecte europeu que connecta 6 centres d&#8217;excel\u00b7l\u00e8ncia professional de 5 pa\u00efsos amb l&#8217;objectiu de promoure la innovaci\u00f3 i la sostenibilitat en el sector de la manufactura avan\u00e7ada (AM). Aquesta xarxa treballa per enfortir la&hellip;  <a href=\"https:\/\/projectes.xtec.cat\/mobilitatfp\/general\/exceed-upskilling-programme-for-vet-professionals\/\" title=\"Read EXCEED Upskilling Programme for VET Professionals\">Llegeix m\u00e9s\u00bb<\/a><\/p>\n","protected":false},"author":35,"featured_media":0,"comment_status":"open","ping_status":"closed","sticky":false,"template":"","format":"standard","meta":{"_bbp_topic_count":0,"_bbp_reply_count":0,"_bbp_total_topic_count":0,"_bbp_total_reply_count":0,"_bbp_voice_count":0,"_bbp_anonymous_reply_count":0,"_bbp_topic_count_hidden":0,"_bbp_reply_count_hidden":0,"_bbp_forum_subforum_count":0,"footnotes":""},"categories":[154,1,29,413],"tags":[],"class_list":["post-14366","post","type-post","status-publish","format-standard","hentry","category-formacio","category-general","category-portada","category-projectes"],"post_mailing_queue_ids":[],"_links":{"self":[{"href":"https:\/\/projectes.xtec.cat\/mobilitatfp\/wp-json\/wp\/v2\/posts\/14366","targetHints":{"allow":["GET"]}}],"collection":[{"href":"https:\/\/projectes.xtec.cat\/mobilitatfp\/wp-json\/wp\/v2\/posts"}],"about":[{"href":"https:\/\/projectes.xtec.cat\/mobilitatfp\/wp-json\/wp\/v2\/types\/post"}],"author":[{"embeddable":true,"href":"https:\/\/projectes.xtec.cat\/mobilitatfp\/wp-json\/wp\/v2\/users\/35"}],"replies":[{"embeddable":true,"href":"https:\/\/projectes.xtec.cat\/mobilitatfp\/wp-json\/wp\/v2\/comments?post=14366"}],"version-history":[{"count":2,"href":"https:\/\/projectes.xtec.cat\/mobilitatfp\/wp-json\/wp\/v2\/posts\/14366\/revisions"}],"predecessor-version":[{"id":14368,"href":"https:\/\/projectes.xtec.cat\/mobilitatfp\/wp-json\/wp\/v2\/posts\/14366\/revisions\/14368"}],"wp:attachment":[{"href":"https:\/\/projectes.xtec.cat\/mobilitatfp\/wp-json\/wp\/v2\/media?parent=14366"}],"wp:term":[{"taxonomy":"category","embeddable":true,"href":"https:\/\/projectes.xtec.cat\/mobilitatfp\/wp-json\/wp\/v2\/categories?post=14366"},{"taxonomy":"post_tag","embeddable":true,"href":"https:\/\/projectes.xtec.cat\/mobilitatfp\/wp-json\/wp\/v2\/tags?post=14366"}],"curies":[{"name":"wp","href":"https:\/\/api.w.org\/{rel}","templated":true}]}}