{"id":14385,"date":"2024-12-20T09:06:27","date_gmt":"2024-12-20T08:06:27","guid":{"rendered":"https:\/\/projectes.xtec.cat\/mobilitatfp\/?p=14385"},"modified":"2024-12-20T09:10:01","modified_gmt":"2024-12-20T08:10:01","slug":"convocatoria-per-reconeixer-bones-practiques-erasmus","status":"publish","type":"post","link":"https:\/\/projectes.xtec.cat\/mobilitatfp\/portada\/convocatoria-per-reconeixer-bones-practiques-erasmus\/","title":{"rendered":"Convocat\u00f2ria per recon\u00e8ixer bones pr\u00e0ctiques Erasmus+ a l&#8217;FP: &#8220;Participaci\u00f3 en la vida democr\u00e0tica, valors comuns i comprom\u00eds c\u00edvic&#8221;"},"content":{"rendered":"<p><a href=\"https:\/\/projectes.xtec.cat\/mobilitatfp\/wp-content\/uploads\/usu1833\/2024\/12\/Disseny-sense-titol-1.png\"><img loading=\"lazy\" decoding=\"async\" class=\"wp-image-14386 alignleft\" src=\"https:\/\/projectes.xtec.cat\/mobilitatfp\/wp-content\/uploads\/usu1833\/2024\/12\/Disseny-sense-titol-1-1024x724.png\" alt=\"\" width=\"386\" height=\"273\" srcset=\"https:\/\/projectes.xtec.cat\/mobilitatfp\/wp-content\/uploads\/usu1833\/2024\/12\/Disseny-sense-titol-1-1024x724.png 1024w, https:\/\/projectes.xtec.cat\/mobilitatfp\/wp-content\/uploads\/usu1833\/2024\/12\/Disseny-sense-titol-1-300x212.png 300w, https:\/\/projectes.xtec.cat\/mobilitatfp\/wp-content\/uploads\/usu1833\/2024\/12\/Disseny-sense-titol-1-768x543.png 768w, https:\/\/projectes.xtec.cat\/mobilitatfp\/wp-content\/uploads\/usu1833\/2024\/12\/Disseny-sense-titol-1-1536x1086.png 1536w, https:\/\/projectes.xtec.cat\/mobilitatfp\/wp-content\/uploads\/usu1833\/2024\/12\/Disseny-sense-titol-1.png 2000w\" sizes=\"auto, (max-width: 386px) 100vw, 386px\" \/><\/a>Des del <strong>Departament d\u2019Educaci\u00f3 i Formaci\u00f3 Professional<\/strong>\u00a0us convidem a participar en una iniciativa impulsada pel <strong>National VET Team Espanya<\/strong> que t\u00e9 com a objectiu identificar i recon\u00e8ixer aquells projectes Erasmus+ que treballen de manera destacada la prioritat europea <strong>Participaci\u00f3 en la vida democr\u00e0tica, valors comuns i comprom\u00eds c\u00edvic<\/strong>.<\/p>\n<p>Aquesta acci\u00f3 busca posar en valor les bones pr\u00e0ctiques d\u2019aquells centres que promouen, de forma palpable i reconeguda, aquestes prioritats. Els projectes seleccionats podran ser considerats com a referents i participaran en les visites de contacte previstes pel National VET Team Espanya durant l\u2019any 2025.<\/p>\n<p>Si el vostre centre desenvolupa activitats o iniciatives que destaquen en aquest \u00e0mbit, us animem a participar enviant la vostra candidatura.<\/p>\n<p>\ud83d\udce9 <strong>Com participar<\/strong>: Per sol\u00b7licitar m\u00e9s informaci\u00f3 i presentar la vostra candidatura, escriviu-nos a <strong><a href=\"mailto:mobilitatfp.educacio@gencat.cat\" rel=\"noopener\">mobilitatfp.educacio@gencat.cat<\/a><\/strong>.<br \/>\n\ud83d\udcc5 <strong>Data l\u00edmit per presentar la sol\u00b7licitud<\/strong>: 20\/01\/2024<\/p>\n<p>Aprofitem l\u2019ocasi\u00f3 per agrair la vostra implicaci\u00f3 en els projectes Erasmus+ i per continuar treballant plegats en la promoci\u00f3 dels valors europeus!<\/p>\n","protected":false},"excerpt":{"rendered":"<p><a href=\"https:\/\/projectes.xtec.cat\/mobilitatfp\/wp-content\/uploads\/usu1833\/2024\/12\/Disseny-sense-titol-1.png\"><\/a>Des del Departament d\u2019Educaci\u00f3 i Formaci\u00f3 Professional\u00a0us convidem a participar en una iniciativa impulsada pel National VET Team Espanya que t\u00e9 com a objectiu identificar i recon\u00e8ixer aquells projectes Erasmus+ que treballen de manera destacada la prioritat europea Participaci\u00f3 en la vida democr\u00e0tica, valors&hellip;  <a href=\"https:\/\/projectes.xtec.cat\/mobilitatfp\/portada\/convocatoria-per-reconeixer-bones-practiques-erasmus\/\" title=\"Read Convocat\u00f2ria per recon\u00e8ixer bones pr\u00e0ctiques Erasmus+ a l&#8217;FP: &#8220;Participaci\u00f3 en la vida democr\u00e0tica, valors comuns i comprom\u00eds c\u00edvic&#8221;\">Llegeix m\u00e9s\u00bb<\/a><\/p>\n","protected":false},"author":35,"featured_media":14386,"comment_status":"open","ping_status":"closed","sticky":false,"template":"","format":"standard","meta":{"_bbp_topic_count":0,"_bbp_reply_count":0,"_bbp_total_topic_count":0,"_bbp_total_reply_count":0,"_bbp_voice_count":0,"_bbp_anonymous_reply_count":0,"_bbp_topic_count_hidden":0,"_bbp_reply_count_hidden":0,"_bbp_forum_subforum_count":0,"footnotes":""},"categories":[356,354,381,29,413],"tags":[],"class_list":["post-14385","post","type-post","status-publish","format-standard","has-post-thumbnail","hentry","category-convocatories","category-cooperacio","category-participa","category-portada","category-projectes"],"post_mailing_queue_ids":[],"_links":{"self":[{"href":"https:\/\/projectes.xtec.cat\/mobilitatfp\/wp-json\/wp\/v2\/posts\/14385","targetHints":{"allow":["GET"]}}],"collection":[{"href":"https:\/\/projectes.xtec.cat\/mobilitatfp\/wp-json\/wp\/v2\/posts"}],"about":[{"href":"https:\/\/projectes.xtec.cat\/mobilitatfp\/wp-json\/wp\/v2\/types\/post"}],"author":[{"embeddable":true,"href":"https:\/\/projectes.xtec.cat\/mobilitatfp\/wp-json\/wp\/v2\/users\/35"}],"replies":[{"embeddable":true,"href":"https:\/\/projectes.xtec.cat\/mobilitatfp\/wp-json\/wp\/v2\/comments?post=14385"}],"version-history":[{"count":4,"href":"https:\/\/projectes.xtec.cat\/mobilitatfp\/wp-json\/wp\/v2\/posts\/14385\/revisions"}],"predecessor-version":[{"id":14390,"href":"https:\/\/projectes.xtec.cat\/mobilitatfp\/wp-json\/wp\/v2\/posts\/14385\/revisions\/14390"}],"wp:featuredmedia":[{"embeddable":true,"href":"https:\/\/projectes.xtec.cat\/mobilitatfp\/wp-json\/wp\/v2\/media\/14386"}],"wp:attachment":[{"href":"https:\/\/projectes.xtec.cat\/mobilitatfp\/wp-json\/wp\/v2\/media?parent=14385"}],"wp:term":[{"taxonomy":"category","embeddable":true,"href":"https:\/\/projectes.xtec.cat\/mobilitatfp\/wp-json\/wp\/v2\/categories?post=14385"},{"taxonomy":"post_tag","embeddable":true,"href":"https:\/\/projectes.xtec.cat\/mobilitatfp\/wp-json\/wp\/v2\/tags?post=14385"}],"curies":[{"name":"wp","href":"https:\/\/api.w.org\/{rel}","templated":true}]}}