{"id":14401,"date":"2025-01-24T10:36:49","date_gmt":"2025-01-24T09:36:49","guid":{"rendered":"https:\/\/projectes.xtec.cat\/mobilitatfp\/?p=14401"},"modified":"2025-01-24T13:36:38","modified_gmt":"2025-01-24T12:36:38","slug":"convocatoria-per-destacar-projectes-erasmus-en-lambit-de-la-formacio-professional","status":"publish","type":"post","link":"https:\/\/projectes.xtec.cat\/mobilitatfp\/general\/convocatoria-per-destacar-projectes-erasmus-en-lambit-de-la-formacio-professional\/","title":{"rendered":"Convocat\u00f2ria per destacar projectes Erasmus+ en l\u2019\u00e0mbit de la Formaci\u00f3 Professional"},"content":{"rendered":"<p><a href=\"https:\/\/projectes.xtec.cat\/mobilitatfp\/wp-content\/uploads\/usu1833\/2025\/01\/VET-team.png\"><img loading=\"lazy\" decoding=\"async\" class=\"size-full wp-image-14402 aligncenter\" src=\"https:\/\/projectes.xtec.cat\/mobilitatfp\/wp-content\/uploads\/usu1833\/2025\/01\/VET-team.png\" alt=\"\" width=\"322\" height=\"157\" srcset=\"https:\/\/projectes.xtec.cat\/mobilitatfp\/wp-content\/uploads\/usu1833\/2025\/01\/VET-team.png 322w, https:\/\/projectes.xtec.cat\/mobilitatfp\/wp-content\/uploads\/usu1833\/2025\/01\/VET-team-300x146.png 300w\" sizes=\"auto, (max-width: 322px) 100vw, 322px\" \/><\/a><\/p>\n<p>Des del <em>National VET Team Espa\u00f1a<\/em> del SEPIE, ens fan arribar una iniciativa destinada a recon\u00e8ixer i posar en valor els projectes Erasmus+ que treballen de manera especial i rellevant la prioritat europea <strong>Participaci\u00f3 en la Vida Democr\u00e0tica, Valors Comuns i Comprom\u00eds C\u00edvic<\/strong>.<\/p>\n<p>Aquesta an\u00e0lisi no nom\u00e9s permetr\u00e0 identificar bones pr\u00e0ctiques, sin\u00f3 tamb\u00e9 seleccionar centres de refer\u00e8ncia que seran visitats durant les <em>visites de contacte<\/em> que el <em>National VET Team Espa\u00f1a<\/em> organitzar\u00e0 l\u2019any 2025. Aquestes visites donaran una gran visibilitat als centres seleccionats.<\/p>\n<p>Si voleu participar-hi, han elaborat un breu formulari en l\u00ednia perqu\u00e8 pugueu presentar el vostre centre i compartir les activitats o iniciatives concretes que dueu a terme en relaci\u00f3 amb aquesta prioritat.<\/p>\n<p>\u27a1\ufe0f <strong>Formulari de participaci\u00f3<\/strong>: <a href=\"https:\/\/sepie.erasmusplus.gob.es\/comunica\/2024\/nvt_participacion\/\" target=\"_new\" rel=\"noopener\">https:\/\/sepie.erasmusplus.gob.es\/comunica\/2024\/nvt_participacion\/<\/a><br \/>\n\ud83d\udcc5 <strong>Termini per completar el formulari<\/strong>: <span style=\"color: #000000;\">31\/01\/2024<\/span><\/p>\n<p>Per qualsevol dubte o consulta, podeu contactar amb ells a trav\u00e9s del correu electr\u00f2nic: <strong><a rel=\"noopener\">nationalvetteam@sepie.es<\/a><\/strong>.<\/p>\n<p>Us animem a participar i agra\u00efm per endavant el vostre inter\u00e8s en aquesta iniciativa!<\/p>\n","protected":false},"excerpt":{"rendered":"<p><a href=\"https:\/\/projectes.xtec.cat\/mobilitatfp\/wp-content\/uploads\/usu1833\/2025\/01\/VET-team.png\"><\/a><br \/>\nDes del National VET Team Espa\u00f1a del SEPIE, ens fan arribar una iniciativa destinada a recon\u00e8ixer i posar en valor els projectes Erasmus+ que treballen de manera especial i rellevant la prioritat europea Participaci\u00f3 en la Vida Democr\u00e0tica, Valors Comuns i Comprom\u00eds C\u00edvic.<br \/>\nAquesta an\u00e0lisi&hellip;  <a href=\"https:\/\/projectes.xtec.cat\/mobilitatfp\/general\/convocatoria-per-destacar-projectes-erasmus-en-lambit-de-la-formacio-professional\/\" title=\"Read Convocat\u00f2ria per destacar projectes Erasmus+ en l\u2019\u00e0mbit de la Formaci\u00f3 Professional\">Llegeix m\u00e9s\u00bb<\/a><\/p>\n","protected":false},"author":35,"featured_media":0,"comment_status":"open","ping_status":"closed","sticky":false,"template":"","format":"standard","meta":{"_bbp_topic_count":0,"_bbp_reply_count":0,"_bbp_total_topic_count":0,"_bbp_total_reply_count":0,"_bbp_voice_count":0,"_bbp_anonymous_reply_count":0,"_bbp_topic_count_hidden":0,"_bbp_reply_count_hidden":0,"_bbp_forum_subforum_count":0,"footnotes":""},"categories":[356,1,29],"tags":[],"class_list":["post-14401","post","type-post","status-publish","format-standard","hentry","category-convocatories","category-general","category-portada"],"post_mailing_queue_ids":[],"_links":{"self":[{"href":"https:\/\/projectes.xtec.cat\/mobilitatfp\/wp-json\/wp\/v2\/posts\/14401","targetHints":{"allow":["GET"]}}],"collection":[{"href":"https:\/\/projectes.xtec.cat\/mobilitatfp\/wp-json\/wp\/v2\/posts"}],"about":[{"href":"https:\/\/projectes.xtec.cat\/mobilitatfp\/wp-json\/wp\/v2\/types\/post"}],"author":[{"embeddable":true,"href":"https:\/\/projectes.xtec.cat\/mobilitatfp\/wp-json\/wp\/v2\/users\/35"}],"replies":[{"embeddable":true,"href":"https:\/\/projectes.xtec.cat\/mobilitatfp\/wp-json\/wp\/v2\/comments?post=14401"}],"version-history":[{"count":2,"href":"https:\/\/projectes.xtec.cat\/mobilitatfp\/wp-json\/wp\/v2\/posts\/14401\/revisions"}],"predecessor-version":[{"id":14404,"href":"https:\/\/projectes.xtec.cat\/mobilitatfp\/wp-json\/wp\/v2\/posts\/14401\/revisions\/14404"}],"wp:attachment":[{"href":"https:\/\/projectes.xtec.cat\/mobilitatfp\/wp-json\/wp\/v2\/media?parent=14401"}],"wp:term":[{"taxonomy":"category","embeddable":true,"href":"https:\/\/projectes.xtec.cat\/mobilitatfp\/wp-json\/wp\/v2\/categories?post=14401"},{"taxonomy":"post_tag","embeddable":true,"href":"https:\/\/projectes.xtec.cat\/mobilitatfp\/wp-json\/wp\/v2\/tags?post=14401"}],"curies":[{"name":"wp","href":"https:\/\/api.w.org\/{rel}","templated":true}]}}