{"id":14407,"date":"2025-01-31T11:10:11","date_gmt":"2025-01-31T10:10:11","guid":{"rendered":"https:\/\/projectes.xtec.cat\/mobilitatfp\/?p=14407"},"modified":"2025-01-31T11:14:44","modified_gmt":"2025-01-31T10:14:44","slug":"anfa-presenta-auto-skills-europe-driving-youth-mobility-a-paris","status":"publish","type":"post","link":"https:\/\/projectes.xtec.cat\/mobilitatfp\/portada\/anfa-presenta-auto-skills-europe-driving-youth-mobility-a-paris\/","title":{"rendered":"ANFA presenta &#8220;Auto Skills Europe: Driving Youth Mobility&#8221; a Par\u00eds"},"content":{"rendered":"<p>&nbsp;<\/p>\n<p><a href=\"https:\/\/projectes.xtec.cat\/mobilitatfp\/wp-content\/uploads\/usu1833\/2025\/01\/ANFA.png\"><img loading=\"lazy\" decoding=\"async\" class=\"wp-image-14408 aligncenter\" src=\"https:\/\/projectes.xtec.cat\/mobilitatfp\/wp-content\/uploads\/usu1833\/2025\/01\/ANFA.png\" alt=\"\" width=\"1013\" height=\"257\" \/><\/a><\/p>\n<p>ANFA organitza el seu primer esdeveniment europeu en el sector dels serveis d&#8217;automoci\u00f3: <strong>&#8220;Auto Skills Europe: Driving Youth Mobility&#8221;<\/strong>, un seminari que reunir\u00e0 organitzacions europees, centres de Formaci\u00f3 Professional (VET) i empreses del sector automoci\u00f3.<\/p>\n<p>\ud83d\udcc5 <strong>Dates i ubicaci\u00f3<\/strong><\/p>\n<ul>\n<li style=\"list-style-type: none;\">\n<ul>\n<li><strong>2 i 3 d\u2019abril de 2025<\/strong>: Activitats de <em>job shadowing<\/em> en centres de formaci\u00f3 en automoci\u00f3 a l\u2019\u00e0rea de Par\u00eds.<\/li>\n<li><strong>4 d\u2019abril de 2025<\/strong>: Seminari i sessions de networking a l\u2019<strong>Hotel Mercure<\/strong>, Boulogne-Billancourt, Fran\u00e7a.<\/li>\n<\/ul>\n<\/li>\n<\/ul>\n<p>\ud83c\udfaf <strong>Objectiu de l\u2019esdeveniment<\/strong><br \/>\nEl seminari oferir\u00e0 confer\u00e8ncies, taules rodones i un taller de cerca de socis, fomentant la cooperaci\u00f3 europea en la formaci\u00f3 d\u2019habilitats en automoci\u00f3.<\/p>\n<p>\ud83d\udc65 <strong>Qui hi pot assistir?<\/strong><br \/>\nCoordinadors de mobilitat, formadors i representants de centres de formaci\u00f3 i organitzacions europees del sector automoci\u00f3. Cada entitat pot inscriure fins a dues persones.<\/p>\n<p>\ud83d\udccc <strong>Inscripcions obertes fins al 28 de febrer de 2025<\/strong> a trav\u00e9s del seg\u00fcent enlla\u00e7:<br \/>\n\ud83d\udc49 <a href=\"https:\/\/sphinxdeclic.com\/tiny\/a\/50a215bs\" target=\"_new\" rel=\"noopener\">Formulari d&#8217;inscripci\u00f3<\/a><\/p>\n<p>Per a m\u00e9s informaci\u00f3, contacta amb <strong><a rel=\"noopener\">saeme@anfa-auto.fr<\/a><\/strong>.<\/p>\n<p>Ens veiem a Par\u00eds! \ud83d\ude97\u2728<\/p>\n","protected":false},"excerpt":{"rendered":"<p>&nbsp;<br \/>\n<a href=\"https:\/\/projectes.xtec.cat\/mobilitatfp\/wp-content\/uploads\/usu1833\/2025\/01\/ANFA.png\"><\/a><br \/>\nANFA organitza el seu primer esdeveniment europeu en el sector dels serveis d&#8217;automoci\u00f3: &#8220;Auto Skills Europe: Driving Youth Mobility&#8221;, un seminari que reunir\u00e0 organitzacions europees, centres de Formaci\u00f3 Professional (VET) i empreses del sector automoci\u00f3.<br \/>\n\ud83d\udcc5 Dates i ubicaci\u00f3<\/p>\n<ul>\n<li style=\"list-style-type: none;\">\n<ul>\n<li>2 i 3 d\u2019abril de&hellip;  <a href=\"https:\/\/projectes.xtec.cat\/mobilitatfp\/portada\/anfa-presenta-auto-skills-europe-driving-youth-mobility-a-paris\/\" title=\"Read ANFA presenta &#8220;Auto Skills Europe: Driving Youth Mobility&#8221; a Par\u00eds\">Llegeix m\u00e9s\u00bb<\/a><br \/>\n","protected":false},"author":35,"featured_media":14412,"comment_status":"open","ping_status":"closed","sticky":false,"template":"","format":"standard","meta":{"_bbp_topic_count":0,"_bbp_reply_count":0,"_bbp_total_topic_count":0,"_bbp_total_reply_count":0,"_bbp_voice_count":0,"_bbp_anonymous_reply_count":0,"_bbp_topic_count_hidden":0,"_bbp_reply_count_hidden":0,"_bbp_forum_subforum_count":0,"footnotes":""},"categories":[381,29],"tags":[],"class_list":["post-14407","post","type-post","status-publish","format-standard","has-post-thumbnail","hentry","category-participa","category-portada"],"post_mailing_queue_ids":[],"_links":{"self":[{"href":"https:\/\/projectes.xtec.cat\/mobilitatfp\/wp-json\/wp\/v2\/posts\/14407","targetHints":{"allow":["GET"]}}],"collection":[{"href":"https:\/\/projectes.xtec.cat\/mobilitatfp\/wp-json\/wp\/v2\/posts"}],"about":[{"href":"https:\/\/projectes.xtec.cat\/mobilitatfp\/wp-json\/wp\/v2\/types\/post"}],"author":[{"embeddable":true,"href":"https:\/\/projectes.xtec.cat\/mobilitatfp\/wp-json\/wp\/v2\/users\/35"}],"replies":[{"embeddable":true,"href":"https:\/\/projectes.xtec.cat\/mobilitatfp\/wp-json\/wp\/v2\/comments?post=14407"}],"version-history":[{"count":3,"href":"https:\/\/projectes.xtec.cat\/mobilitatfp\/wp-json\/wp\/v2\/posts\/14407\/revisions"}],"predecessor-version":[{"id":14411,"href":"https:\/\/projectes.xtec.cat\/mobilitatfp\/wp-json\/wp\/v2\/posts\/14407\/revisions\/14411"}],"wp:featuredmedia":[{"embeddable":true,"href":"https:\/\/projectes.xtec.cat\/mobilitatfp\/wp-json\/wp\/v2\/media\/14412"}],"wp:attachment":[{"href":"https:\/\/projectes.xtec.cat\/mobilitatfp\/wp-json\/wp\/v2\/media?parent=14407"}],"wp:term":[{"taxonomy":"category","embeddable":true,"href":"https:\/\/projectes.xtec.cat\/mobilitatfp\/wp-json\/wp\/v2\/categories?post=14407"},{"taxonomy":"post_tag","embeddable":true,"href":"https:\/\/projectes.xtec.cat\/mobilitatfp\/wp-json\/wp\/v2\/tags?post=14407"}],"curies":[{"name":"wp","href":"https:\/\/api.w.org\/{rel}","templated":true}]}}