{"id":14418,"date":"2025-02-26T12:38:50","date_gmt":"2025-02-26T11:38:50","guid":{"rendered":"https:\/\/projectes.xtec.cat\/mobilitatfp\/?p=14418"},"modified":"2025-02-26T12:39:44","modified_gmt":"2025-02-26T11:39:44","slug":"formacio-internacional-en-aprenentatge-en-linia-projecte-erasmus-apprentline","status":"publish","type":"post","link":"https:\/\/projectes.xtec.cat\/mobilitatfp\/portada\/formacio-internacional-en-aprenentatge-en-linia-projecte-erasmus-apprentline\/","title":{"rendered":"Formaci\u00f3 internacional en aprenentatge en l\u00ednia \u2013 Projecte Erasmus+ APPRENTLINE"},"content":{"rendered":"<p data-start=\"132\" data-end=\"464\">El consorci del projecte europeu Erasmus+ APPRENTLINE (2022-1-EL01-KA220-VET-000087186) convida organitzacions que treballen en l\u2019\u00e0mbit de l\u2019aprenentatge en alternan\u00e7a (centres de formaci\u00f3 professional, empreses o entitats intermedi\u00e0ries) a participar en una formaci\u00f3 internacional sobre l\u2019organitzaci\u00f3 de l\u2019aprenentatge en l\u00ednia.<\/p>\n<p data-start=\"466\" data-end=\"648\">La formaci\u00f3 constar\u00e0 de quatre sessions en l\u00ednia, programades d&#8217;11:00 a 13:30 (hora central europea) en les seg\u00fcents dates:<br data-start=\"590\" data-end=\"593\" \/>\ud83d\udcc5 25 de febrer, 27 de febrer, 4 de mar\u00e7 i 6 de mar\u00e7 de 2025.<\/p>\n<p data-start=\"650\" data-end=\"816\">El curs tindr\u00e0 una durada total de 30 hores, de les quals 10 es desenvoluparan en sessions s\u00edncrones i 20 a trav\u00e9s d\u2019una plataforma d\u2019e-learning en format as\u00edncron.<\/p>\n<p data-start=\"818\" data-end=\"1211\">\ud83d\udccc <strong data-start=\"821\" data-end=\"844\">Contingut del curs:<\/strong><br data-start=\"844\" data-end=\"847\" \/>\ud83d\udd39 Introducci\u00f3 a l&#8217;aprenentatge en alternan\u00e7a virtual<br data-start=\"900\" data-end=\"903\" \/>\ud83d\udd39 Compet\u00e8ncies digitals per a la implementaci\u00f3 de l&#8217;aprenentatge en alternan\u00e7a<br data-start=\"982\" data-end=\"985\" \/>\ud83d\udd39 Estrat\u00e8gia i pla d\u2019acci\u00f3 per a l\u2019aprenentatge en alternan\u00e7a digital<br data-start=\"1055\" data-end=\"1058\" \/>\ud83d\udd39 Implementaci\u00f3 i seguiment de l&#8217;aprenentatge en alternan\u00e7a virtual<br data-start=\"1126\" data-end=\"1129\" \/>\ud83d\udd39 Avaluaci\u00f3 i validaci\u00f3 de compet\u00e8ncies en l\u2019aprenentatge en alternan\u00e7a virtual<\/p>\n<p data-start=\"1213\" data-end=\"1412\">Aquesta formaci\u00f3 interactiva i participativa permetr\u00e0 als participants adquirir coneixements i habilitats sobre l\u2019aprenentatge en l\u00ednia i ampliar la seva xarxa amb altres organitzacions del sector.<\/p>\n<p data-start=\"1414\" data-end=\"1515\">\ud83c\udfaf <strong data-start=\"1417\" data-end=\"1440\">Qui pot participar?<\/strong><br data-start=\"1440\" data-end=\"1443\" \/>Qualsevol persona vinculada a l\u2019\u00e0mbit de l\u2019aprenentatge en alternan\u00e7a.<\/p>\n<p data-start=\"1517\" data-end=\"1601\">\ud83d\udccc <strong data-start=\"1520\" data-end=\"1537\">Inscripcions:<\/strong> <a href=\"https:\/\/forms.gle\/XHrYe5Z42yWDfCeWA\" target=\"_new\" rel=\"noopener\" data-start=\"1538\" data-end=\"1599\">Formulari d&#8217;inscripci\u00f3<\/a><\/p>\n<p data-start=\"1603\" data-end=\"1744\">\ud83d\udcdc <strong data-start=\"1606\" data-end=\"1623\">Certificaci\u00f3:<\/strong><br data-start=\"1623\" data-end=\"1626\" \/>Els participants que completin amb \u00e8xit la formaci\u00f3 rebran un <strong data-start=\"1688\" data-end=\"1741\">Certificat de Participaci\u00f3 en un projecte europeu<\/strong>.<\/p>\n<p data-start=\"1746\" data-end=\"1812\">\ud83d\udce2 <strong data-start=\"1749\" data-end=\"1761\">Gratu\u00eft!<\/strong> La formaci\u00f3 no t\u00e9 cap cost per als participants.<\/p>\n<p data-start=\"1814\" data-end=\"1908\">\u2139\ufe0f <strong data-start=\"1817\" data-end=\"1855\">M\u00e9s informaci\u00f3 sobre el projecte a<\/strong> <a href=\"https:\/\/apprentline.eu\/\" target=\"_new\" rel=\"noopener\" data-start=\"1856\" data-end=\"1906\">https:\/\/apprentline.eu\/<\/a><\/p>\n<p data-start=\"1910\" data-end=\"2221\">El projecte APPRENTLINE est\u00e0 finan\u00e7at pel programa Erasmus+ de la Uni\u00f3 Europea i coordinat per <strong data-start=\"2005\" data-end=\"2024\">ELORIS (Gr\u00e8cia)<\/strong>, en col\u00b7laboraci\u00f3 amb <strong data-start=\"2047\" data-end=\"2218\">Action Synergy (Gr\u00e8cia), la Cambra de Comer\u00e7 i Ind\u00fastria de Sevilla (Espanya), la Cambra de Comer\u00e7 i Ind\u00fastria de Bulg\u00e0ria i la Cambra de Comer\u00e7 i Ind\u00fastria de Let\u00f2nia<\/strong>.<\/p>\n","protected":false},"excerpt":{"rendered":"<p>El consorci del projecte europeu Erasmus+ APPRENTLINE (2022-1-EL01-KA220-VET-000087186) convida organitzacions que treballen en l\u2019\u00e0mbit de l\u2019aprenentatge en alternan\u00e7a (centres de formaci\u00f3 professional, empreses o entitats intermedi\u00e0ries) a participar en una formaci\u00f3 internacional sobre l\u2019organitzaci\u00f3 de l\u2019aprenentatge en l\u00ednia.<br \/>\nLa formaci\u00f3 constar\u00e0 de quatre sessions en l\u00ednia,&hellip;  <a href=\"https:\/\/projectes.xtec.cat\/mobilitatfp\/portada\/formacio-internacional-en-aprenentatge-en-linia-projecte-erasmus-apprentline\/\" title=\"Read Formaci\u00f3 internacional en aprenentatge en l\u00ednia \u2013 Projecte Erasmus+ APPRENTLINE\">Llegeix m\u00e9s\u00bb<\/a><\/p>\n","protected":false},"author":35,"featured_media":0,"comment_status":"open","ping_status":"closed","sticky":false,"template":"","format":"standard","meta":{"_bbp_topic_count":0,"_bbp_reply_count":0,"_bbp_total_topic_count":0,"_bbp_total_reply_count":0,"_bbp_voice_count":0,"_bbp_anonymous_reply_count":0,"_bbp_topic_count_hidden":0,"_bbp_reply_count_hidden":0,"_bbp_forum_subforum_count":0,"footnotes":""},"categories":[154,381,29,413],"tags":[],"class_list":["post-14418","post","type-post","status-publish","format-standard","hentry","category-formacio","category-participa","category-portada","category-projectes"],"post_mailing_queue_ids":[],"_links":{"self":[{"href":"https:\/\/projectes.xtec.cat\/mobilitatfp\/wp-json\/wp\/v2\/posts\/14418","targetHints":{"allow":["GET"]}}],"collection":[{"href":"https:\/\/projectes.xtec.cat\/mobilitatfp\/wp-json\/wp\/v2\/posts"}],"about":[{"href":"https:\/\/projectes.xtec.cat\/mobilitatfp\/wp-json\/wp\/v2\/types\/post"}],"author":[{"embeddable":true,"href":"https:\/\/projectes.xtec.cat\/mobilitatfp\/wp-json\/wp\/v2\/users\/35"}],"replies":[{"embeddable":true,"href":"https:\/\/projectes.xtec.cat\/mobilitatfp\/wp-json\/wp\/v2\/comments?post=14418"}],"version-history":[{"count":1,"href":"https:\/\/projectes.xtec.cat\/mobilitatfp\/wp-json\/wp\/v2\/posts\/14418\/revisions"}],"predecessor-version":[{"id":14419,"href":"https:\/\/projectes.xtec.cat\/mobilitatfp\/wp-json\/wp\/v2\/posts\/14418\/revisions\/14419"}],"wp:attachment":[{"href":"https:\/\/projectes.xtec.cat\/mobilitatfp\/wp-json\/wp\/v2\/media?parent=14418"}],"wp:term":[{"taxonomy":"category","embeddable":true,"href":"https:\/\/projectes.xtec.cat\/mobilitatfp\/wp-json\/wp\/v2\/categories?post=14418"},{"taxonomy":"post_tag","embeddable":true,"href":"https:\/\/projectes.xtec.cat\/mobilitatfp\/wp-json\/wp\/v2\/tags?post=14418"}],"curies":[{"name":"wp","href":"https:\/\/api.w.org\/{rel}","templated":true}]}}