{"id":14424,"date":"2025-03-17T10:33:08","date_gmt":"2025-03-17T09:33:08","guid":{"rendered":"https:\/\/projectes.xtec.cat\/mobilitatfp\/?p=14424"},"modified":"2025-03-17T10:33:08","modified_gmt":"2025-03-17T09:33:08","slug":"%f0%9f%93%a2-participa-en-lenquesta-sobre-lus-de-la-ia-en-educacio","status":"publish","type":"post","link":"https:\/\/projectes.xtec.cat\/mobilitatfp\/general\/%f0%9f%93%a2-participa-en-lenquesta-sobre-lus-de-la-ia-en-educacio\/","title":{"rendered":"\ud83d\udce2 Participa en l\u2019enquesta sobre l\u2019\u00fas de la IA en educaci\u00f3!"},"content":{"rendered":"<p data-start=\"109\" data-end=\"336\">La Comissi\u00f3 Europea est\u00e0 recollint informaci\u00f3 sobre l\u2019\u00fas de la intel\u00b7lig\u00e8ncia artificial (IA) en l\u2019educaci\u00f3 per identificar bones pr\u00e0ctiques, reptes i millorar el suport a la seva implementaci\u00f3 en els centres educatius.<\/p>\n<p data-start=\"338\" data-end=\"542\">Si al vostre centre s\u2019utilitzen eines o pr\u00e0ctiques basades en IA per a l\u2019ensenyament, l\u2019aprenentatge o la gesti\u00f3 administrativa, t\u2019animem a compartir la teva experi\u00e8ncia mitjan\u00e7ant aquesta enquesta.<\/p>\n<p data-start=\"544\" data-end=\"719\">\ud83d\udccc Acc\u00e9s a l\u2019enquesta: <a href=\"https:\/\/ec.europa.eu\/eusurvey\/runner\/8959da12-6855-80cd-819c-7a85658aad41\" target=\"_new\" rel=\"noopener\" data-start=\"567\" data-end=\"717\">https:\/\/ec.europa.eu\/eusurvey\/runner\/8959da12-6855-80cd-819c-7a85658aad41<\/a><\/p>\n<p data-start=\"721\" data-end=\"776\">\ud83d\uddd3 Data l\u00edmit de participaci\u00f3: <strong data-start=\"752\" data-end=\"774\">28 de mar\u00e7 de 2025<\/strong><\/p>\n<p data-start=\"778\" data-end=\"906\">La participaci\u00f3 \u00e9s an\u00f2nima, per\u00f2 aquells que ho desitgin poden deixar el seu contacte per a possibles entrevistes addicionals.<\/p>\n<p data-start=\"908\" data-end=\"1119\">Aquesta iniciativa s\u2019emmarca en el <strong data-start=\"943\" data-end=\"987\">Pla d\u2019Acci\u00f3 d\u2019Educaci\u00f3 Digital 2021-2027<\/strong> i busca recollir informaci\u00f3 directa dels professionals del sector per orientar futures estrat\u00e8gies de digitalitzaci\u00f3 en educaci\u00f3.<\/p>\n<p data-start=\"1121\" data-end=\"1195\">Per a m\u00e9s informaci\u00f3, segueix les xarxes socials de la Comissi\u00f3 Europea:<\/p>\n<p data-start=\"1197\" data-end=\"1292\">\ud83d\udd39 <strong data-start=\"1200\" data-end=\"1205\">X<\/strong> (@EUDigitalEdu)<br data-start=\"1221\" data-end=\"1224\" \/>\ud83d\udd39 <strong data-start=\"1227\" data-end=\"1239\">Facebook<\/strong> (Erasmus+)<br data-start=\"1250\" data-end=\"1253\" \/>\ud83d\udd39 <strong data-start=\"1256\" data-end=\"1269\">Instagram<\/strong> (@european_youth_eu)<\/p>\n<p data-start=\"1294\" data-end=\"1352\" data-is-last-node=\"\" data-is-only-node=\"\">\ud83d\ude4f Agra\u00efm la teva participaci\u00f3 i difusi\u00f3!<\/p>\n","protected":false},"excerpt":{"rendered":"<p>La Comissi\u00f3 Europea est\u00e0 recollint informaci\u00f3 sobre l\u2019\u00fas de la intel\u00b7lig\u00e8ncia artificial (IA) en l\u2019educaci\u00f3 per identificar bones pr\u00e0ctiques, reptes i millorar el suport a la seva implementaci\u00f3 en els centres educatius.<br \/>\nSi al vostre centre s\u2019utilitzen eines o pr\u00e0ctiques basades en IA per a l\u2019ensenyament,&hellip;  <a href=\"https:\/\/projectes.xtec.cat\/mobilitatfp\/general\/%f0%9f%93%a2-participa-en-lenquesta-sobre-lus-de-la-ia-en-educacio\/\" title=\"Read \ud83d\udce2 Participa en l\u2019enquesta sobre l\u2019\u00fas de la IA en educaci\u00f3!\">Llegeix m\u00e9s\u00bb<\/a><\/p>\n","protected":false},"author":35,"featured_media":0,"comment_status":"open","ping_status":"closed","sticky":false,"template":"","format":"standard","meta":{"_bbp_topic_count":0,"_bbp_reply_count":0,"_bbp_total_topic_count":0,"_bbp_total_reply_count":0,"_bbp_voice_count":0,"_bbp_anonymous_reply_count":0,"_bbp_topic_count_hidden":0,"_bbp_reply_count_hidden":0,"_bbp_forum_subforum_count":0,"footnotes":""},"categories":[1,381,29],"tags":[],"class_list":["post-14424","post","type-post","status-publish","format-standard","hentry","category-general","category-participa","category-portada"],"post_mailing_queue_ids":[],"_links":{"self":[{"href":"https:\/\/projectes.xtec.cat\/mobilitatfp\/wp-json\/wp\/v2\/posts\/14424","targetHints":{"allow":["GET"]}}],"collection":[{"href":"https:\/\/projectes.xtec.cat\/mobilitatfp\/wp-json\/wp\/v2\/posts"}],"about":[{"href":"https:\/\/projectes.xtec.cat\/mobilitatfp\/wp-json\/wp\/v2\/types\/post"}],"author":[{"embeddable":true,"href":"https:\/\/projectes.xtec.cat\/mobilitatfp\/wp-json\/wp\/v2\/users\/35"}],"replies":[{"embeddable":true,"href":"https:\/\/projectes.xtec.cat\/mobilitatfp\/wp-json\/wp\/v2\/comments?post=14424"}],"version-history":[{"count":1,"href":"https:\/\/projectes.xtec.cat\/mobilitatfp\/wp-json\/wp\/v2\/posts\/14424\/revisions"}],"predecessor-version":[{"id":14425,"href":"https:\/\/projectes.xtec.cat\/mobilitatfp\/wp-json\/wp\/v2\/posts\/14424\/revisions\/14425"}],"wp:attachment":[{"href":"https:\/\/projectes.xtec.cat\/mobilitatfp\/wp-json\/wp\/v2\/media?parent=14424"}],"wp:term":[{"taxonomy":"category","embeddable":true,"href":"https:\/\/projectes.xtec.cat\/mobilitatfp\/wp-json\/wp\/v2\/categories?post=14424"},{"taxonomy":"post_tag","embeddable":true,"href":"https:\/\/projectes.xtec.cat\/mobilitatfp\/wp-json\/wp\/v2\/tags?post=14424"}],"curies":[{"name":"wp","href":"https:\/\/api.w.org\/{rel}","templated":true}]}}