{"id":14726,"date":"2025-05-28T11:42:01","date_gmt":"2025-05-28T09:42:01","guid":{"rendered":"https:\/\/projectes.xtec.cat\/mobilitatfp\/?p=14726"},"modified":"2025-05-28T11:42:01","modified_gmt":"2025-05-28T09:42:01","slug":"%f0%9f%93%a2-recurs-practic-per-fer-els-projectes-erasmus-mes-inclusius-verds-digitals-i-participatius","status":"publish","type":"post","link":"https:\/\/projectes.xtec.cat\/mobilitatfp\/general\/%f0%9f%93%a2-recurs-practic-per-fer-els-projectes-erasmus-mes-inclusius-verds-digitals-i-participatius\/","title":{"rendered":"\ud83d\udce2 Recurs pr\u00e0ctic per fer els projectes Erasmus+ m\u00e9s inclusius, verds, digitals i participatius"},"content":{"rendered":"<header id=\"post-header-4387410-6836d89cdf7006836d89cc54c912\" class=\"mb-2 header row d-flex\">\n<div class=\"d-flex flex-column\"><\/div>\n<\/header>\n<div id=\"yui_3_17_2_1_1748424836090_53\" class=\"d-flex body-content-container\">\n<div id=\"yui_3_17_2_1_1748424836090_52\" class=\"no-overflow w-100 content-alignment-container\">\n<div id=\"post-content-4387410\" class=\"post-content-container\">\n<p data-start=\"257\" data-end=\"366\"><a href=\"https:\/\/projectes.xtec.cat\/mobilitatfp\/wp-content\/uploads\/usu1833\/2025\/05\/salto.jpg\"><img loading=\"lazy\" decoding=\"async\" class=\"size-medium wp-image-14727 aligncenter\" src=\"https:\/\/projectes.xtec.cat\/mobilitatfp\/wp-content\/uploads\/usu1833\/2025\/05\/salto-300x67.jpg\" alt=\"\" width=\"300\" height=\"67\" srcset=\"https:\/\/projectes.xtec.cat\/mobilitatfp\/wp-content\/uploads\/usu1833\/2025\/05\/salto-300x67.jpg 300w, https:\/\/projectes.xtec.cat\/mobilitatfp\/wp-content\/uploads\/usu1833\/2025\/05\/salto-1024x229.jpg 1024w, https:\/\/projectes.xtec.cat\/mobilitatfp\/wp-content\/uploads\/usu1833\/2025\/05\/salto-768x172.jpg 768w, https:\/\/projectes.xtec.cat\/mobilitatfp\/wp-content\/uploads\/usu1833\/2025\/05\/salto-1536x344.jpg 1536w, https:\/\/projectes.xtec.cat\/mobilitatfp\/wp-content\/uploads\/usu1833\/2025\/05\/salto.jpg 1920w\" sizes=\"auto, (max-width: 300px) 100vw, 300px\" \/><\/a><\/p>\n<p data-start=\"257\" data-end=\"366\">Com ja sabeu, el programa\u00a0<strong data-start=\"283\" data-end=\"305\">Erasmus+ 2021-2027<\/strong>\u00a0de la UE es fonamenta en quatre\u00a0<strong data-start=\"338\" data-end=\"365\">prioritats horitzontals<\/strong>:<\/p>\n<p data-start=\"368\" data-end=\"545\">\ud83d\udd39 Inclusi\u00f3 i diversitat<br data-start=\"392\" data-end=\"395\" \/>\ud83d\udd39 Transformaci\u00f3 digital<br data-start=\"419\" data-end=\"422\" \/>\ud83d\udd39 Medi ambient i lluita contra el canvi clim\u00e0tic<br data-start=\"471\" data-end=\"474\" \/>\ud83d\udd39 Participaci\u00f3 en la vida democr\u00e0tica, valors comuns i comprom\u00eds c\u00edvic<\/p>\n<p id=\"yui_3_17_2_1_1748424836090_51\" data-start=\"547\" data-end=\"840\">Cada projecte \u00e9s diferent i s\u2019adapta a les necessitats dels participants i de les organitzacions implicades. Per ajudar-vos a integrar millor aquestes prioritats en les vostres mobilitats i activitats Erasmus+, els\u00a0<strong data-start=\"762\" data-end=\"791\">centres de recursos SALTO<\/strong>\u00a0han elaborat una\u00a0<strong id=\"yui_3_17_2_1_1748424836090_50\" data-start=\"809\" data-end=\"839\"><a id=\"yui_3_17_2_1_1748424836090_49\" href=\"https:\/\/www.salto-youth.net\/downloads\/4-17-4623\/Unlock%20the%20power%20of%20priorities.pdf?\" target=\"_blank\" rel=\"noopener\">guia<\/a>\u00a0amb consells pr\u00e0ctics<\/strong>.<\/p>\n<p data-start=\"842\" data-end=\"995\">\ud83d\udce5\u00a0<strong data-start=\"845\" data-end=\"921\">Podeu descarregar la publicaci\u00f3 directament\u00a0<a title=\"https:\/\/www.salto-youth.net\/downloads\/4-17-4623\/Unlock%20the%20power%20of%20priorities.pdf?\" href=\"http:\/\/chrome-extension\/\/efaidnbmnnnibpcajpcglclefindmkaj\/https:\/\/www.salto-youth.net\/downloads\/4-17-4623\/Unlock%20the%20power%20of%20priorities.pdf?\" target=\"_blank\" rel=\"noopener\">aqu\u00ed<\/a><\/strong><br data-start=\"921\" data-end=\"924\" \/>\ud83d\udd17\u00a0<strong data-start=\"927\" data-end=\"995\">I consultar m\u00e9s informaci\u00f3\u00a0<a title=\"en aquest enlla\u00e7\" href=\"https:\/\/www.salto-youth.net\/about\/priorities\/\" target=\"_blank\" rel=\"noopener\">en aquest enlla\u00e7<\/a><\/strong><\/p>\n<p data-start=\"997\" data-end=\"1064\">Coneixeu els centres SALTO? Cada un treballa una de les prioritats:<\/p>\n<ul>\n<li data-start=\"1067\" data-end=\"1113\"><strong data-start=\"1072\" data-end=\"1103\">SALTO Inclusion &amp; Diversity<\/strong>\u00a0(Cro\u00e0cia)<\/li>\n<li data-start=\"1116\" data-end=\"1145\"><strong data-start=\"1121\" data-end=\"1136\">SALTO Green<\/strong>\u00a0(Fran\u00e7a)<\/li>\n<li data-start=\"1148\" data-end=\"1182\"><strong data-start=\"1153\" data-end=\"1170\">SALTO Digital<\/strong>\u00a0(Finl\u00e0ndia)<\/li>\n<li data-start=\"1185\" data-end=\"1223\"><strong data-start=\"1190\" data-end=\"1213\">SALTO Participation<\/strong>\u00a0(Est\u00f2nia)<\/li>\n<\/ul>\n<p data-start=\"1225\" data-end=\"1332\">Us animem a consultar aquests materials per fer que els vostres projectes siguin encara m\u00e9s transformadors!<\/p>\n<\/div>\n<\/div>\n<\/div>\n","protected":false},"excerpt":{"rendered":"<p><a href=\"https:\/\/projectes.xtec.cat\/mobilitatfp\/wp-content\/uploads\/usu1833\/2025\/05\/salto.jpg\"><\/a><br \/>\nCom ja sabeu, el programa\u00a0Erasmus+ 2021-2027\u00a0de la UE es fonamenta en quatre\u00a0prioritats horitzontals:<br \/>\n\ud83d\udd39 Inclusi\u00f3 i diversitat\ud83d\udd39 Transformaci\u00f3 digital\ud83d\udd39 Medi ambient i lluita contra el canvi clim\u00e0tic\ud83d\udd39 Participaci\u00f3 en la vida democr\u00e0tica, valors comuns i comprom\u00eds c\u00edvic<br \/>\nCada projecte \u00e9s diferent i s\u2019adapta a les necessitats&hellip;  <a href=\"https:\/\/projectes.xtec.cat\/mobilitatfp\/general\/%f0%9f%93%a2-recurs-practic-per-fer-els-projectes-erasmus-mes-inclusius-verds-digitals-i-participatius\/\" title=\"Read \ud83d\udce2 Recurs pr\u00e0ctic per fer els projectes Erasmus+ m\u00e9s inclusius, verds, digitals i participatius\">Llegeix m\u00e9s\u00bb<\/a><\/p>\n","protected":false},"author":35,"featured_media":0,"comment_status":"open","ping_status":"closed","sticky":false,"template":"","format":"standard","meta":{"_bbp_topic_count":0,"_bbp_reply_count":0,"_bbp_total_topic_count":0,"_bbp_total_reply_count":0,"_bbp_voice_count":0,"_bbp_anonymous_reply_count":0,"_bbp_topic_count_hidden":0,"_bbp_reply_count_hidden":0,"_bbp_forum_subforum_count":0,"footnotes":""},"categories":[1,29,76],"tags":[],"class_list":["post-14726","post","type-post","status-publish","format-standard","hentry","category-general","category-portada","category-recursos"],"post_mailing_queue_ids":[],"_links":{"self":[{"href":"https:\/\/projectes.xtec.cat\/mobilitatfp\/wp-json\/wp\/v2\/posts\/14726","targetHints":{"allow":["GET"]}}],"collection":[{"href":"https:\/\/projectes.xtec.cat\/mobilitatfp\/wp-json\/wp\/v2\/posts"}],"about":[{"href":"https:\/\/projectes.xtec.cat\/mobilitatfp\/wp-json\/wp\/v2\/types\/post"}],"author":[{"embeddable":true,"href":"https:\/\/projectes.xtec.cat\/mobilitatfp\/wp-json\/wp\/v2\/users\/35"}],"replies":[{"embeddable":true,"href":"https:\/\/projectes.xtec.cat\/mobilitatfp\/wp-json\/wp\/v2\/comments?post=14726"}],"version-history":[{"count":2,"href":"https:\/\/projectes.xtec.cat\/mobilitatfp\/wp-json\/wp\/v2\/posts\/14726\/revisions"}],"predecessor-version":[{"id":14729,"href":"https:\/\/projectes.xtec.cat\/mobilitatfp\/wp-json\/wp\/v2\/posts\/14726\/revisions\/14729"}],"wp:attachment":[{"href":"https:\/\/projectes.xtec.cat\/mobilitatfp\/wp-json\/wp\/v2\/media?parent=14726"}],"wp:term":[{"taxonomy":"category","embeddable":true,"href":"https:\/\/projectes.xtec.cat\/mobilitatfp\/wp-json\/wp\/v2\/categories?post=14726"},{"taxonomy":"post_tag","embeddable":true,"href":"https:\/\/projectes.xtec.cat\/mobilitatfp\/wp-json\/wp\/v2\/tags?post=14726"}],"curies":[{"name":"wp","href":"https:\/\/api.w.org\/{rel}","templated":true}]}}