{"id":14770,"date":"2025-06-30T14:04:45","date_gmt":"2025-06-30T12:04:45","guid":{"rendered":"https:\/\/projectes.xtec.cat\/mobilitatfp\/?p=14770"},"modified":"2025-06-30T14:10:20","modified_gmt":"2025-06-30T12:10:20","slug":"%f0%9f%9f%a3-participa-a-la-16a-edicio-de-lesnsurvey-lenquesta-europea-mes-gran-sobre-mobilitat-estudiantil","status":"publish","type":"post","link":"https:\/\/projectes.xtec.cat\/mobilitatfp\/general\/%f0%9f%9f%a3-participa-a-la-16a-edicio-de-lesnsurvey-lenquesta-europea-mes-gran-sobre-mobilitat-estudiantil\/","title":{"rendered":"\ud83d\udfe3 Participa a la 16a edici\u00f3 de l\u2019ESNsurvey \u2013 L\u2019enquesta europea m\u00e9s gran sobre mobilitat estudiantil!"},"content":{"rendered":"<p data-start=\"321\" data-end=\"363\"><strong data-start=\"321\" data-end=\"363\">Benvolgudes i benvolguts,<\/strong><\/p>\n<p data-start=\"365\" data-end=\"602\">L\u2019<strong data-start=\"367\" data-end=\"400\">Erasmus Student Network (ESN)<\/strong> ha posat en marxa la <strong data-start=\"422\" data-end=\"451\">16a edici\u00f3 de l\u2019ESNsurvey<\/strong>, la <strong data-start=\"456\" data-end=\"519\">major iniciativa europea de recerca liderada per estudiants<\/strong> centrada en el programa Erasmus+ i altres experi\u00e8ncies d\u2019intercanvi internacional.<\/p>\n<p data-start=\"604\" data-end=\"818\">\ud83d\udcca <strong data-start=\"607\" data-end=\"633\">Objectiu de l\u2019enquesta<\/strong><br data-start=\"633\" data-end=\"636\" \/>L\u2019ESNsurvey vol <strong data-start=\"652\" data-end=\"714\">millorar l\u2019acc\u00e9s i la qualitat de la mobilitat estudiantil<\/strong>, aix\u00ed com recollir dades per contribuir al <strong data-start=\"758\" data-end=\"817\">seguiment i desenvolupament futur del programa Erasmus+<\/strong>.<\/p>\n<hr data-start=\"820\" data-end=\"823\" \/>\n<h3 data-start=\"825\" data-end=\"853\">\ud83d\ude4b\u200d\u2640\ufe0f A qui va adre\u00e7ada?<\/h3>\n<p data-start=\"854\" data-end=\"932\">Tots els estudiants que compleixin una d\u2019aquestes condicions poden participar:<\/p>\n<ul data-start=\"934\" data-end=\"1405\">\n<li data-start=\"934\" data-end=\"1115\">\n<p data-start=\"936\" data-end=\"1115\">\ud83c\udf0d <strong data-start=\"939\" data-end=\"1001\">Han participat en una activitat de mobilitat internacional<\/strong> des de l\u2019agost de 2023.<br data-start=\"1025\" data-end=\"1028\" \/>(Si la mobilitat va ser <strong data-start=\"1052\" data-end=\"1061\">abans<\/strong> d\u2019aquesta data, han d\u2019omplir l\u2019apartat <strong data-start=\"1101\" data-end=\"1113\">Graduats<\/strong>).<\/p>\n<\/li>\n<li data-start=\"1117\" data-end=\"1305\">\n<p data-start=\"1119\" data-end=\"1305\">\ud83c\udf93 <strong data-start=\"1122\" data-end=\"1154\">Estan cursant (o han cursat)<\/strong> un grau complet a l\u2019estranger <strong data-start=\"1185\" data-end=\"1211\">des de l\u2019agost de 2021<\/strong>.<br data-start=\"1212\" data-end=\"1215\" \/>(Si l\u2019estada va ser <strong data-start=\"1235\" data-end=\"1244\">abans<\/strong> d\u2019agost de 2023, tamb\u00e9 han d\u2019omplir la secci\u00f3 <strong data-start=\"1291\" data-end=\"1303\">Graduats<\/strong>).<\/p>\n<\/li>\n<li data-start=\"1307\" data-end=\"1405\">\n<p data-start=\"1309\" data-end=\"1405\">\ud83d\udcda <strong data-start=\"1312\" data-end=\"1356\">Estudiants sense mobilitat internacional<\/strong> actualment matriculats en <strong data-start=\"1383\" data-end=\"1404\">Educaci\u00f3 Superior<\/strong>.<\/p>\n<\/li>\n<\/ul>\n<hr data-start=\"1407\" data-end=\"1410\" \/>\n<h3 data-start=\"1412\" data-end=\"1443\">\ud83d\udcdd Com hi poden participar?<\/h3>\n<p data-start=\"1445\" data-end=\"1534\">\ud83d\udccd <strong data-start=\"1448\" data-end=\"1480\">Enlla\u00e7 directe a l\u2019enquesta:<\/strong><br data-start=\"1480\" data-end=\"1483\" \/>\ud83d\udd17 <a class=\"\" href=\"https:\/\/esnsurvey.org\/\" target=\"_new\" rel=\"noopener\" data-start=\"1486\" data-end=\"1534\">https:\/\/esnsurvey.org\/<\/a><\/p>\n<p data-start=\"1536\" data-end=\"1607\">\ud83d\udcc5 <strong data-start=\"1539\" data-end=\"1568\">Data l\u00edmit per respondre:<\/strong><br data-start=\"1568\" data-end=\"1571\" \/>\ud83d\uddd3\ufe0f <strong data-start=\"1575\" data-end=\"1607\">Fins al 31 de juliol de 2025<\/strong><\/p>\n<p data-start=\"1609\" data-end=\"1729\">\ud83d\uddc2\ufe0f Els <strong data-start=\"1617\" data-end=\"1638\">primers resultats<\/strong> es publicaran a l\u2019<strong data-start=\"1657\" data-end=\"1676\">octubre de 2025<\/strong>, i l\u2019<strong data-start=\"1682\" data-end=\"1699\">informe final<\/strong> est\u00e0 previst per al <strong data-start=\"1720\" data-end=\"1728\">2026<\/strong>.<\/p>\n<hr data-start=\"1731\" data-end=\"1734\" \/>\n<p data-start=\"1841\" data-end=\"2033\">\ud83d\ude4f Us animem a <strong data-start=\"1856\" data-end=\"1887\">difondre aquesta iniciativa<\/strong> entre els vostres estudiants i comunitat universit\u00e0ria. La seva participaci\u00f3 \u00e9s clau per seguir millorant les oportunitats de mobilitat a Europa!<\/p>\n<p data-start=\"2035\" data-end=\"2078\">Moltes gr\u00e0cies per la vostra col\u00b7laboraci\u00f3.<\/p>\n","protected":false},"excerpt":{"rendered":"<p>Benvolgudes i benvolguts,<br \/>\nL\u2019Erasmus Student Network (ESN) ha posat en marxa la 16a edici\u00f3 de l\u2019ESNsurvey, la major iniciativa europea de recerca liderada per estudiants centrada en el programa Erasmus+ i altres experi\u00e8ncies d\u2019intercanvi internacional.<br \/>\n\ud83d\udcca Objectiu de l\u2019enquestaL\u2019ESNsurvey vol millorar l\u2019acc\u00e9s i la qualitat de la&hellip;  <a href=\"https:\/\/projectes.xtec.cat\/mobilitatfp\/general\/%f0%9f%9f%a3-participa-a-la-16a-edicio-de-lesnsurvey-lenquesta-europea-mes-gran-sobre-mobilitat-estudiantil\/\" title=\"Read \ud83d\udfe3 Participa a la 16a edici\u00f3 de l\u2019ESNsurvey \u2013 L\u2019enquesta europea m\u00e9s gran sobre mobilitat estudiantil!\">Llegeix m\u00e9s\u00bb<\/a><\/p>\n","protected":false},"author":35,"featured_media":14772,"comment_status":"open","ping_status":"open","sticky":false,"template":"","format":"standard","meta":{"_bbp_topic_count":0,"_bbp_reply_count":0,"_bbp_total_topic_count":0,"_bbp_total_reply_count":0,"_bbp_voice_count":0,"_bbp_anonymous_reply_count":0,"_bbp_topic_count_hidden":0,"_bbp_reply_count_hidden":0,"_bbp_forum_subforum_count":0,"footnotes":""},"categories":[382,1,381,29,413],"tags":[],"class_list":["post-14770","post","type-post","status-publish","format-standard","has-post-thumbnail","hentry","category-experiencies","category-general","category-participa","category-portada","category-projectes"],"post_mailing_queue_ids":[],"_links":{"self":[{"href":"https:\/\/projectes.xtec.cat\/mobilitatfp\/wp-json\/wp\/v2\/posts\/14770","targetHints":{"allow":["GET"]}}],"collection":[{"href":"https:\/\/projectes.xtec.cat\/mobilitatfp\/wp-json\/wp\/v2\/posts"}],"about":[{"href":"https:\/\/projectes.xtec.cat\/mobilitatfp\/wp-json\/wp\/v2\/types\/post"}],"author":[{"embeddable":true,"href":"https:\/\/projectes.xtec.cat\/mobilitatfp\/wp-json\/wp\/v2\/users\/35"}],"replies":[{"embeddable":true,"href":"https:\/\/projectes.xtec.cat\/mobilitatfp\/wp-json\/wp\/v2\/comments?post=14770"}],"version-history":[{"count":1,"href":"https:\/\/projectes.xtec.cat\/mobilitatfp\/wp-json\/wp\/v2\/posts\/14770\/revisions"}],"predecessor-version":[{"id":14771,"href":"https:\/\/projectes.xtec.cat\/mobilitatfp\/wp-json\/wp\/v2\/posts\/14770\/revisions\/14771"}],"wp:featuredmedia":[{"embeddable":true,"href":"https:\/\/projectes.xtec.cat\/mobilitatfp\/wp-json\/wp\/v2\/media\/14772"}],"wp:attachment":[{"href":"https:\/\/projectes.xtec.cat\/mobilitatfp\/wp-json\/wp\/v2\/media?parent=14770"}],"wp:term":[{"taxonomy":"category","embeddable":true,"href":"https:\/\/projectes.xtec.cat\/mobilitatfp\/wp-json\/wp\/v2\/categories?post=14770"},{"taxonomy":"post_tag","embeddable":true,"href":"https:\/\/projectes.xtec.cat\/mobilitatfp\/wp-json\/wp\/v2\/tags?post=14770"}],"curies":[{"name":"wp","href":"https:\/\/api.w.org\/{rel}","templated":true}]}}