{"id":14773,"date":"2025-06-30T15:33:16","date_gmt":"2025-06-30T13:33:16","guid":{"rendered":"https:\/\/projectes.xtec.cat\/mobilitatfp\/?p=14773"},"modified":"2025-06-30T15:33:16","modified_gmt":"2025-06-30T13:33:16","slug":"%e2%9c%a8-celebrem-els-erasmusdays-2025-viu-els-nostres-valors-inspira-el-nostre-futur","status":"publish","type":"post","link":"https:\/\/projectes.xtec.cat\/mobilitatfp\/general\/%e2%9c%a8-celebrem-els-erasmusdays-2025-viu-els-nostres-valors-inspira-el-nostre-futur\/","title":{"rendered":"\u2728 Celebrem els #ErasmusDays 2025: \u201cViu els nostres valors, inspira el nostre futur\u201d!"},"content":{"rendered":"<p data-start=\"323\" data-end=\"354\"><strong data-start=\"323\" data-end=\"354\">Benvolguts\/des companys\/es,<\/strong><\/p>\n<p data-start=\"356\" data-end=\"575\">Del <strong data-start=\"360\" data-end=\"390\">13 al 18 d\u2019octubre de 2025<\/strong>, es celebrar\u00e0 una nova edici\u00f3 dels <strong data-start=\"422\" data-end=\"438\">#ErasmusDays<\/strong>, una gran campanya europea de comunicaci\u00f3 per fer brillar el programa <strong data-start=\"509\" data-end=\"521\">Erasmus+<\/strong> i posar en valor el seu impacte a la nostra societat.<\/p>\n<hr data-start=\"577\" data-end=\"580\" \/>\n<h3 data-start=\"582\" data-end=\"614\">\ud83c\udf0d Qu\u00e8 s\u00f3n els Erasmus Days?<\/h3>\n<p data-start=\"616\" data-end=\"729\">Els <a href=\"https:\/\/www.sepie.es\/doc\/comunicacion\/publicaciones\/2025\/edays_infografia_2025.pdf\"><strong data-start=\"620\" data-end=\"636\">#ErasmusDays<\/strong><\/a> s\u00f3n una <strong data-start=\"645\" data-end=\"666\">celebraci\u00f3 global<\/strong> del programa Erasmus+ de la Uni\u00f3 Europea, una oportunitat per:<\/p>\n<ul>\n<li style=\"list-style-type: none;\">\n<ul data-start=\"730\" data-end=\"929\">\n<li data-start=\"730\" data-end=\"773\">\n<p data-start=\"732\" data-end=\"773\">Donar visibilitat als projectes Erasmus+.<\/p>\n<\/li>\n<li data-start=\"774\" data-end=\"815\">\n<p data-start=\"776\" data-end=\"815\">Involucrar tota la comunitat educativa.<\/p>\n<\/li>\n<li data-start=\"816\" data-end=\"863\">\n<p data-start=\"818\" data-end=\"863\">Arribar a la ciutadania i als agents socials.<\/p>\n<\/li>\n<li data-start=\"864\" data-end=\"929\">\n<p data-start=\"866\" data-end=\"929\">Compartir experi\u00e8ncies de mobilitat i cooperaci\u00f3 internacional.<\/p>\n<\/li>\n<\/ul>\n<\/li>\n<\/ul>\n<p data-start=\"931\" data-end=\"1020\">\ud83d\udce3 \u00c9s el moment d\u2019explicar qu\u00e8 hem viscut, qu\u00e8 hem apr\u00e8s i com Erasmus+ transforma vides!<\/p>\n<hr data-start=\"1022\" data-end=\"1025\" \/>\n<h3 data-start=\"1027\" data-end=\"1059\">\ud83e\udded Eixos de la campanya 2025<\/h3>\n<p data-start=\"1060\" data-end=\"1132\">Aquesta edici\u00f3 es centra en els <strong data-start=\"1092\" data-end=\"1118\">valors comuns europeus<\/strong> sota el lema:<\/p>\n<p data-start=\"1134\" data-end=\"1190\">\ud83d\udcac <strong data-start=\"1137\" data-end=\"1190\">\u201cViu els nostres valors, inspira el nostre futur\u201d<\/strong><\/p>\n<p data-start=\"1192\" data-end=\"1249\">Tamb\u00e9 s\u2019hi difonen les <strong data-start=\"1215\" data-end=\"1248\">prioritats Erasmus+ 2021\u20132027<\/strong>:<\/p>\n<ul data-start=\"1250\" data-end=\"1361\">\n<li data-start=\"1250\" data-end=\"1278\">\n<p data-start=\"1252\" data-end=\"1278\">\ud83c\udf31 Inclusi\u00f3 i diversitat<\/p>\n<\/li>\n<li data-start=\"1279\" data-end=\"1307\">\n<p data-start=\"1281\" data-end=\"1307\">\ud83d\udcbb Transformaci\u00f3 digital<\/p>\n<\/li>\n<li data-start=\"1308\" data-end=\"1361\">\n<p data-start=\"1310\" data-end=\"1361\">\ud83c\udf0d Sostenibilitat i lluita contra el canvi clim\u00e0tic<\/p>\n<\/li>\n<\/ul>\n<hr data-start=\"1363\" data-end=\"1366\" \/>\n<h3 data-start=\"1368\" data-end=\"1394\">\ud83d\ude4c Qui pot participar?<\/h3>\n<p data-start=\"1396\" data-end=\"1578\">Tothom! Estudiants, docents, personal educatiu, alumni, fam\u00edlies, empreses, institucions\u2026<br data-start=\"1486\" data-end=\"1489\" \/>\u26a0\ufe0f <strong data-start=\"1492\" data-end=\"1578\">Encara que no hagis participat mai en un projecte Erasmus+, tamb\u00e9 pots sumar-t\u2019hi!<\/strong><\/p>\n<hr data-start=\"1580\" data-end=\"1583\" \/>\n<h3 data-start=\"1585\" data-end=\"1610\">\ud83d\udccc Com participar-hi?<\/h3>\n<ol data-start=\"1612\" data-end=\"2146\">\n<li data-start=\"1612\" data-end=\"1704\">\n<p data-start=\"1615\" data-end=\"1704\"><strong data-start=\"1615\" data-end=\"1642\">Organitza una activitat<\/strong> (tallers, exposicions, xerrades, v\u00eddeos, publicacions, etc.).<\/p>\n<\/li>\n<li data-start=\"1705\" data-end=\"1922\">\n<p data-start=\"1708\" data-end=\"1922\"><a href=\"https:\/\/www.erasmusdays.eu\/organize-an-event\/\"><strong data-start=\"1708\" data-end=\"1741\">Registra-la al portal oficial<\/strong><\/a> perqu\u00e8 la validi la <strong data-start=\"1762\" data-end=\"1788\">Ag\u00e8ncia Nacional SEPIE<\/strong>:<br \/>\n\ud83d\udd17 <a href=\"https:\/\/www.youtube.com\/watch?v=6xcCHHXxbVo\">V\u00eddeo de la Jornada Informativa<\/a><\/p>\n<\/li>\n<li data-start=\"1924\" data-end=\"2011\">\n<p data-start=\"1927\" data-end=\"2011\">Les <strong data-start=\"1931\" data-end=\"1968\">800 primeres activitats validades<\/strong> rebran un <strong data-start=\"1979\" data-end=\"2007\">kit promocional Erasmus+<\/strong> \ud83d\udecd\ufe0f<\/p>\n<\/li>\n<li data-start=\"2012\" data-end=\"2146\">\n<p data-start=\"2015\" data-end=\"2146\">Els <strong data-start=\"2019\" data-end=\"2044\">beneficiaris Erasmus+<\/strong> poden incloure la seva participaci\u00f3 en els informes finals dels projectes com a activitat de difusi\u00f3.<\/p>\n<\/li>\n<\/ol>\n<hr data-start=\"2148\" data-end=\"2151\" \/>\n<h3 data-start=\"2153\" data-end=\"2197\">\ud83d\udcac Dona visibilitat a les teves accions!<\/h3>\n<p data-start=\"2199\" data-end=\"2295\">Comparteix a xarxes socials amb les etiquetes oficials:<br data-start=\"2254\" data-end=\"2257\" \/>\ud83d\udcf2 <strong data-start=\"2260\" data-end=\"2276\">#ErasmusDays<\/strong> | <strong data-start=\"2279\" data-end=\"2295\">#ErasmusPlus<\/strong><\/p>\n<p data-start=\"2297\" data-end=\"2475\">I menciona:<br data-start=\"2308\" data-end=\"2311\" \/>\ud83d\udd39 X: <a class=\"cursor-pointer\" target=\"_new\" rel=\"noopener\" data-start=\"2317\" data-end=\"2352\">@sepiegob<\/a><br data-start=\"2352\" data-end=\"2355\" \/>\ud83d\udd39 Instagram: <a class=\"\" href=\"https:\/\/www.instagram.com\/sepie_gob\/\" target=\"_new\" rel=\"noopener\" data-start=\"2369\" data-end=\"2419\">@sepie_gob<\/a><br data-start=\"2419\" data-end=\"2422\" \/>\ud83d\udd39 Facebook: @ErasmusPlusSEPIE<br data-start=\"2452\" data-end=\"2455\" \/>\ud83d\udd39 LinkedIn: SEPIE<\/p>\n<hr data-start=\"2477\" data-end=\"2480\" \/>\n<h3 data-start=\"2482\" data-end=\"2509\">\ud83c\udfaf Recursos disponibles<\/h3>\n<p data-start=\"2511\" data-end=\"2685\">\ud83d\uddbc\ufe0f B\u00e0ners, p\u00f2sters, logotips, v\u00eddeos, materials per a xarxes socials i molt m\u00e9s!<br data-start=\"2592\" data-end=\"2595\" \/>\ud83d\udd17 Tot disponible al web de <a href=\"http:\/\/sepie.es\/comunicacion\/redes.html\">SEPIE<\/a> per <strong data-start=\"2633\" data-end=\"2685\">preparar les teves activitats des d\u2019avui mateix!<\/strong><\/p>\n<hr data-start=\"3044\" data-end=\"3047\" \/>\n<p data-start=\"3049\" data-end=\"3231\">\ud83d\ude4c Us animem a <strong data-start=\"3064\" data-end=\"3131\">difondre aquesta iniciativa entre els vostres centres educatius<\/strong> i a trav\u00e9s dels vostres canals habituals. Fem pinya per mostrar com Erasmus+ transforma comunitats!<\/p>\n<p data-start=\"3233\" data-end=\"3280\"><strong data-start=\"3233\" data-end=\"3280\">Moltes gr\u00e0cies per la vostra col\u00b7laboraci\u00f3.<\/strong><\/p>\n","protected":false},"excerpt":{"rendered":"<p>Benvolguts\/des companys\/es,<br \/>\nDel 13 al 18 d\u2019octubre de 2025, es celebrar\u00e0 una nova edici\u00f3 dels #ErasmusDays, una gran campanya europea de comunicaci\u00f3 per fer brillar el programa Erasmus+ i posar en valor el seu impacte a la nostra societat.<\/p>\n<p>\ud83c\udf0d Qu\u00e8 s\u00f3n els Erasmus Days?<br \/>\nEls <a href=\"https:\/\/www.sepie.es\/doc\/comunicacion\/publicaciones\/2025\/edays_infografia_2025.pdf\">#ErasmusDays<\/a>&hellip;  <a href=\"https:\/\/projectes.xtec.cat\/mobilitatfp\/general\/%e2%9c%a8-celebrem-els-erasmusdays-2025-viu-els-nostres-valors-inspira-el-nostre-futur\/\" title=\"Read \u2728 Celebrem els #ErasmusDays 2025: \u201cViu els nostres valors, inspira el nostre futur\u201d!\">Llegeix m\u00e9s\u00bb<\/a><\/p>\n","protected":false},"author":35,"featured_media":14774,"comment_status":"open","ping_status":"open","sticky":false,"template":"","format":"standard","meta":{"_bbp_topic_count":0,"_bbp_reply_count":0,"_bbp_total_topic_count":0,"_bbp_total_reply_count":0,"_bbp_voice_count":0,"_bbp_anonymous_reply_count":0,"_bbp_topic_count_hidden":0,"_bbp_reply_count_hidden":0,"_bbp_forum_subforum_count":0,"footnotes":""},"categories":[382,1,381,29],"tags":[],"class_list":["post-14773","post","type-post","status-publish","format-standard","has-post-thumbnail","hentry","category-experiencies","category-general","category-participa","category-portada"],"post_mailing_queue_ids":[],"_links":{"self":[{"href":"https:\/\/projectes.xtec.cat\/mobilitatfp\/wp-json\/wp\/v2\/posts\/14773","targetHints":{"allow":["GET"]}}],"collection":[{"href":"https:\/\/projectes.xtec.cat\/mobilitatfp\/wp-json\/wp\/v2\/posts"}],"about":[{"href":"https:\/\/projectes.xtec.cat\/mobilitatfp\/wp-json\/wp\/v2\/types\/post"}],"author":[{"embeddable":true,"href":"https:\/\/projectes.xtec.cat\/mobilitatfp\/wp-json\/wp\/v2\/users\/35"}],"replies":[{"embeddable":true,"href":"https:\/\/projectes.xtec.cat\/mobilitatfp\/wp-json\/wp\/v2\/comments?post=14773"}],"version-history":[{"count":1,"href":"https:\/\/projectes.xtec.cat\/mobilitatfp\/wp-json\/wp\/v2\/posts\/14773\/revisions"}],"predecessor-version":[{"id":14775,"href":"https:\/\/projectes.xtec.cat\/mobilitatfp\/wp-json\/wp\/v2\/posts\/14773\/revisions\/14775"}],"wp:featuredmedia":[{"embeddable":true,"href":"https:\/\/projectes.xtec.cat\/mobilitatfp\/wp-json\/wp\/v2\/media\/14774"}],"wp:attachment":[{"href":"https:\/\/projectes.xtec.cat\/mobilitatfp\/wp-json\/wp\/v2\/media?parent=14773"}],"wp:term":[{"taxonomy":"category","embeddable":true,"href":"https:\/\/projectes.xtec.cat\/mobilitatfp\/wp-json\/wp\/v2\/categories?post=14773"},{"taxonomy":"post_tag","embeddable":true,"href":"https:\/\/projectes.xtec.cat\/mobilitatfp\/wp-json\/wp\/v2\/tags?post=14773"}],"curies":[{"name":"wp","href":"https:\/\/api.w.org\/{rel}","templated":true}]}}