{"id":14786,"date":"2025-07-15T12:00:35","date_gmt":"2025-07-15T10:00:35","guid":{"rendered":"https:\/\/projectes.xtec.cat\/mobilitatfp\/?p=14786"},"modified":"2025-07-15T12:00:57","modified_gmt":"2025-07-15T10:00:57","slug":"ols-estrena-nous-continguts-interactius-per-aprendre-idiomes-aquest-estiu","status":"publish","type":"post","link":"https:\/\/projectes.xtec.cat\/mobilitatfp\/general\/ols-estrena-nous-continguts-interactius-per-aprendre-idiomes-aquest-estiu\/","title":{"rendered":"OLS estrena nous continguts interactius per aprendre idiomes aquest estiu"},"content":{"rendered":"<p data-start=\"152\" data-end=\"425\">Ens complau anunciar que OLS est\u00e0 preparant nous i emocionants continguts per a l\u2019aprenentatge d\u2019idiomes, que enriquiran les m\u00e9s de 30 hores de cursos actuals en nivells A1-A2 (disponibles en 29 idiomes) i els nivells B1-B2 en angl\u00e8s, franc\u00e8s, espanyol, alemany i itali\u00e0.<\/p>\n<p data-start=\"427\" data-end=\"627\">Aquestes noves funcions estaran disponibles aquest estiu per a tots els idiomes, amb l\u2019objectiu de fer l\u2019aprenentatge encara m\u00e9s motivador i adaptat a les necessitats dels participants en mobilitat.<\/p>\n<p data-start=\"629\" data-end=\"712\">A continuaci\u00f3, us avancem algunes de les novetats que podreu descobrir ben aviat:<\/p>\n<ul>\n<li style=\"list-style-type: none;\">\n<ul>\n<li data-start=\"716\" data-end=\"833\"><strong data-start=\"716\" data-end=\"738\">Joyas ling\u00fc\u00edsticas<\/strong> \u2014 petites curiositats i dades divertides sobre els idiomes, per animar-vos a descobrir-ne m\u00e9s.<\/li>\n<li data-start=\"836\" data-end=\"945\"><strong data-start=\"836\" data-end=\"869\">Activitats immersives en 360\u00b0<\/strong> \u2014 per explorar entorns realistes i ampliar el vostre vocabulari en context.<\/li>\n<li data-start=\"948\" data-end=\"1066\"><strong data-start=\"948\" data-end=\"976\">Nous jocs d\u2019aprenentatge<\/strong> \u2014 que us animaran a continuar progressant en el vostre idioma d\u2019elecci\u00f3 de manera l\u00fadica.<\/li>\n<li data-start=\"1069\" data-end=\"1169\"><strong data-start=\"1069\" data-end=\"1086\">Microaprendre<\/strong> \u2014 p\u00edndoles breus per aprendre expressions \u00fatils del dia a dia en nom\u00e9s uns minuts.<\/li>\n<\/ul>\n<\/li>\n<\/ul>\n<p data-start=\"1171\" data-end=\"1399\">Amb aquestes noves eines, OLS reafirma el seu comprom\u00eds d\u2019oferir una experi\u00e8ncia d\u2019aprenentatge completa, flexible i adaptada a la realitat de les persones en mobilitat. Estigueu atents aquest estiu i no us perdeu tot el que ve!<\/p>\n<p data-start=\"1171\" data-end=\"1399\">A continuaci\u00f3, anticipem l&#8217;aspecte que tindr\u00e0 un dels m\u00f2duls d&#8217;activitat immersiva en 360\u00b0 que s&#8217;estan desenvolupant a OLS:<\/p>\n<p data-start=\"1171\" data-end=\"1399\"><a href=\"https:\/\/projectes.xtec.cat\/mobilitatfp\/wp-content\/uploads\/usu1833\/2025\/07\/image001.jpg\"><img loading=\"lazy\" decoding=\"async\" class=\"size-full wp-image-14787 aligncenter\" src=\"https:\/\/projectes.xtec.cat\/mobilitatfp\/wp-content\/uploads\/usu1833\/2025\/07\/image001.jpg\" alt=\"\" width=\"800\" height=\"448\" srcset=\"https:\/\/projectes.xtec.cat\/mobilitatfp\/wp-content\/uploads\/usu1833\/2025\/07\/image001.jpg 800w, https:\/\/projectes.xtec.cat\/mobilitatfp\/wp-content\/uploads\/usu1833\/2025\/07\/image001-300x168.jpg 300w, https:\/\/projectes.xtec.cat\/mobilitatfp\/wp-content\/uploads\/usu1833\/2025\/07\/image001-768x430.jpg 768w\" sizes=\"auto, (max-width: 800px) 100vw, 800px\" \/><\/a><\/p>\n","protected":false},"excerpt":{"rendered":"<p>Ens complau anunciar que OLS est\u00e0 preparant nous i emocionants continguts per a l\u2019aprenentatge d\u2019idiomes, que enriquiran les m\u00e9s de 30 hores de cursos actuals en nivells A1-A2 (disponibles en 29 idiomes) i els nivells B1-B2 en angl\u00e8s, franc\u00e8s, espanyol, alemany i itali\u00e0.<br \/>\nAquestes noves funcions&hellip;  <a href=\"https:\/\/projectes.xtec.cat\/mobilitatfp\/general\/ols-estrena-nous-continguts-interactius-per-aprendre-idiomes-aquest-estiu\/\" title=\"Read OLS estrena nous continguts interactius per aprendre idiomes aquest estiu\">Llegeix m\u00e9s\u00bb<\/a><\/p>\n","protected":false},"author":35,"featured_media":14787,"comment_status":"open","ping_status":"open","sticky":false,"template":"","format":"standard","meta":{"_bbp_topic_count":0,"_bbp_reply_count":0,"_bbp_total_topic_count":0,"_bbp_total_reply_count":0,"_bbp_voice_count":0,"_bbp_anonymous_reply_count":0,"_bbp_topic_count_hidden":0,"_bbp_reply_count_hidden":0,"_bbp_forum_subforum_count":0,"footnotes":""},"categories":[378,1,29],"tags":[],"class_list":["post-14786","post","type-post","status-publish","format-standard","has-post-thumbnail","hentry","category-competencia-linguistica","category-general","category-portada"],"post_mailing_queue_ids":[],"_links":{"self":[{"href":"https:\/\/projectes.xtec.cat\/mobilitatfp\/wp-json\/wp\/v2\/posts\/14786","targetHints":{"allow":["GET"]}}],"collection":[{"href":"https:\/\/projectes.xtec.cat\/mobilitatfp\/wp-json\/wp\/v2\/posts"}],"about":[{"href":"https:\/\/projectes.xtec.cat\/mobilitatfp\/wp-json\/wp\/v2\/types\/post"}],"author":[{"embeddable":true,"href":"https:\/\/projectes.xtec.cat\/mobilitatfp\/wp-json\/wp\/v2\/users\/35"}],"replies":[{"embeddable":true,"href":"https:\/\/projectes.xtec.cat\/mobilitatfp\/wp-json\/wp\/v2\/comments?post=14786"}],"version-history":[{"count":2,"href":"https:\/\/projectes.xtec.cat\/mobilitatfp\/wp-json\/wp\/v2\/posts\/14786\/revisions"}],"predecessor-version":[{"id":14789,"href":"https:\/\/projectes.xtec.cat\/mobilitatfp\/wp-json\/wp\/v2\/posts\/14786\/revisions\/14789"}],"wp:featuredmedia":[{"embeddable":true,"href":"https:\/\/projectes.xtec.cat\/mobilitatfp\/wp-json\/wp\/v2\/media\/14787"}],"wp:attachment":[{"href":"https:\/\/projectes.xtec.cat\/mobilitatfp\/wp-json\/wp\/v2\/media?parent=14786"}],"wp:term":[{"taxonomy":"category","embeddable":true,"href":"https:\/\/projectes.xtec.cat\/mobilitatfp\/wp-json\/wp\/v2\/categories?post=14786"},{"taxonomy":"post_tag","embeddable":true,"href":"https:\/\/projectes.xtec.cat\/mobilitatfp\/wp-json\/wp\/v2\/tags?post=14786"}],"curies":[{"name":"wp","href":"https:\/\/api.w.org\/{rel}","templated":true}]}}