{"id":14793,"date":"2025-09-08T15:11:43","date_gmt":"2025-09-08T13:11:43","guid":{"rendered":"https:\/\/projectes.xtec.cat\/mobilitatfp\/?p=14793"},"modified":"2025-09-08T15:12:24","modified_gmt":"2025-09-08T13:12:24","slug":"%f0%9f%8c%8d-novetats-ols-per-a-projectes-erasmus-fp","status":"publish","type":"post","link":"https:\/\/projectes.xtec.cat\/mobilitatfp\/general\/%f0%9f%8c%8d-novetats-ols-per-a-projectes-erasmus-fp\/","title":{"rendered":"\ud83c\udf0d Novetats OLS per a projectes Erasmus+ FP"},"content":{"rendered":"<p data-start=\"270\" data-end=\"499\">Benvolguts\/des,<\/p>\n<p>Esperem que h\u00e0giu gaudit d\u2019un merescut descans d\u2019estiu i que inicieu aquest nou curs amb energies renovades. Ens complau informar-vos de la publicaci\u00f3 dels nous documents d\u2019\u00fas de la plataforma <strong data-start=\"463\" data-end=\"497\">OLS (Online Language Support):<\/strong><\/p>\n<p data-start=\"501\" data-end=\"739\">\ud83d\udcc4 <strong data-start=\"504\" data-end=\"564\">Preguntes Freq\u00fcents i Guia d\u2019Acc\u00e9s i Continguts de l\u2019OLS<\/strong> (document principal per a institucions benefici\u00e0ries de projectes <strong data-start=\"631\" data-end=\"656\">KA122-VET i KA121-VET<\/strong>)<br data-start=\"657\" data-end=\"660\" \/>\ud83d\udcc4 <strong data-start=\"663\" data-end=\"701\">Guia d\u2019Acc\u00e9s i Continguts de l\u2019OLS<\/strong> (versi\u00f3 redu\u00efda per a participants)<\/p>\n<p data-start=\"741\" data-end=\"943\">\ud83d\udc49 Podeu consultar-los a la web del SEPIE dedicada a OLS per a projectes de FP KA1: <a class=\"decorated-link\" href=\"http:\/\/sepie.es\/formacion-profesional\/ols.html#contenido\" target=\"_new\" rel=\"noopener\" data-start=\"825\" data-end=\"941\">http:\/\/sepie.es\/formacion-profesional\/ols.html#contenido<\/a><\/p>\n<p data-start=\"945\" data-end=\"1083\">Aquests documents substitueixen els anteriors i inclouen les darreres instruccions i funcionalitats compartides per la Comissi\u00f3 Europea.<\/p>\n<hr data-start=\"1085\" data-end=\"1088\" \/>\n<h3 data-start=\"1090\" data-end=\"1119\">\u2728 Novetats m\u00e9s rellevants<\/h3>\n<ul data-start=\"1120\" data-end=\"1950\">\n<li data-start=\"1120\" data-end=\"1233\">\n<p data-start=\"1122\" data-end=\"1233\">Nou <strong data-start=\"1126\" data-end=\"1145\">model de correu<\/strong> (Annex) per enviar als participants Erasmus+, amb instruccions per inscriure\u2019s a OLS.<\/p>\n<\/li>\n<li data-start=\"1234\" data-end=\"1308\">\n<p data-start=\"1236\" data-end=\"1308\">Instruccions millorades per accedir a proves d\u2019avaluaci\u00f3 i continguts.<\/p>\n<\/li>\n<li data-start=\"1309\" data-end=\"1370\">\n<p data-start=\"1311\" data-end=\"1370\">Acc\u00e9s lliure per a tot l\u2019alumnat i tamb\u00e9 per al personal.<\/p>\n<\/li>\n<li data-start=\"1371\" data-end=\"1574\">\n<p data-start=\"1373\" data-end=\"1574\">Continguts espec\u00edfics per a <strong data-start=\"1401\" data-end=\"1407\">FP<\/strong>, amb vocabulari i activitats adaptades a fam\u00edlies professionals: log\u00edstica, turisme, construcci\u00f3, inform\u00e0tica, salut, restauraci\u00f3, agricultura, disseny gr\u00e0fic, etc.<\/p>\n<\/li>\n<li data-start=\"1575\" data-end=\"1659\">\n<p data-start=\"1577\" data-end=\"1659\"><strong data-start=\"1577\" data-end=\"1598\">Community Manager<\/strong> per donar suport als participants i dinamitzar els f\u00f2rums.<\/p>\n<\/li>\n<li data-start=\"1660\" data-end=\"1800\">\n<p data-start=\"1662\" data-end=\"1800\"><strong data-start=\"1662\" data-end=\"1684\">Foros i concursos:<\/strong> espais de debat, intercanvi d\u2019experi\u00e8ncies i un <strong data-start=\"1733\" data-end=\"1758\">concurs de v\u00eddeos OLS<\/strong> amb premi d\u2019un <em data-start=\"1774\" data-end=\"1797\">Interrail Global Pass<\/em>.<\/p>\n<\/li>\n<li data-start=\"1801\" data-end=\"1950\">\n<p data-start=\"1803\" data-end=\"1950\">L\u2019acc\u00e9s continua sent v\u00e0lid per a participants de projectes finalitzats mentre el perfil estigui actiu (es perd despr\u00e9s de 3 anys d\u2019inactivitat).<\/p>\n<\/li>\n<\/ul>\n<hr data-start=\"1952\" data-end=\"1955\" \/>\n<h3 data-start=\"1957\" data-end=\"1975\">\ud83d\udccc Recomanaci\u00f3<\/h3>\n<p data-start=\"1976\" data-end=\"2287\">Us animem a llegir amb atenci\u00f3 el document <strong data-start=\"2019\" data-end=\"2081\">\u201cPreguntes Freq\u00fcents i Guia d\u2019Acc\u00e9s i Continguts de l\u2019OLS\u201d<\/strong> i a fer-ne difusi\u00f3 entre el vostre alumnat i professorat, ja que una bona preparaci\u00f3 <strong data-start=\"2167\" data-end=\"2213\">ling\u00fc\u00edstica, sociocultural i interpersonal<\/strong> \u00e9s clau per maximitzar l\u2019impacte de l\u2019aprenentatge durant la mobilitat.<\/p>\n","protected":false},"excerpt":{"rendered":"<p>Benvolguts\/des,<br \/>\nEsperem que h\u00e0giu gaudit d\u2019un merescut descans d\u2019estiu i que inicieu aquest nou curs amb energies renovades. Ens complau informar-vos de la publicaci\u00f3 dels nous documents d\u2019\u00fas de la plataforma OLS (Online Language Support):<br \/>\n\ud83d\udcc4 Preguntes Freq\u00fcents i Guia d\u2019Acc\u00e9s i Continguts de l\u2019OLS (document principal&hellip;  <a href=\"https:\/\/projectes.xtec.cat\/mobilitatfp\/general\/%f0%9f%8c%8d-novetats-ols-per-a-projectes-erasmus-fp\/\" title=\"Read \ud83c\udf0d Novetats OLS per a projectes Erasmus+ FP\">Llegeix m\u00e9s\u00bb<\/a><\/p>\n","protected":false},"author":35,"featured_media":0,"comment_status":"open","ping_status":"open","sticky":false,"template":"","format":"standard","meta":{"_bbp_topic_count":0,"_bbp_reply_count":0,"_bbp_total_topic_count":0,"_bbp_total_reply_count":0,"_bbp_voice_count":0,"_bbp_anonymous_reply_count":0,"_bbp_topic_count_hidden":0,"_bbp_reply_count_hidden":0,"_bbp_forum_subforum_count":0,"footnotes":""},"categories":[378,403,382,1,381,29],"tags":[],"class_list":["post-14793","post","type-post","status-publish","format-standard","hentry","category-competencia-linguistica","category-concurs","category-experiencies","category-general","category-participa","category-portada"],"post_mailing_queue_ids":[],"_links":{"self":[{"href":"https:\/\/projectes.xtec.cat\/mobilitatfp\/wp-json\/wp\/v2\/posts\/14793","targetHints":{"allow":["GET"]}}],"collection":[{"href":"https:\/\/projectes.xtec.cat\/mobilitatfp\/wp-json\/wp\/v2\/posts"}],"about":[{"href":"https:\/\/projectes.xtec.cat\/mobilitatfp\/wp-json\/wp\/v2\/types\/post"}],"author":[{"embeddable":true,"href":"https:\/\/projectes.xtec.cat\/mobilitatfp\/wp-json\/wp\/v2\/users\/35"}],"replies":[{"embeddable":true,"href":"https:\/\/projectes.xtec.cat\/mobilitatfp\/wp-json\/wp\/v2\/comments?post=14793"}],"version-history":[{"count":2,"href":"https:\/\/projectes.xtec.cat\/mobilitatfp\/wp-json\/wp\/v2\/posts\/14793\/revisions"}],"predecessor-version":[{"id":14795,"href":"https:\/\/projectes.xtec.cat\/mobilitatfp\/wp-json\/wp\/v2\/posts\/14793\/revisions\/14795"}],"wp:attachment":[{"href":"https:\/\/projectes.xtec.cat\/mobilitatfp\/wp-json\/wp\/v2\/media?parent=14793"}],"wp:term":[{"taxonomy":"category","embeddable":true,"href":"https:\/\/projectes.xtec.cat\/mobilitatfp\/wp-json\/wp\/v2\/categories?post=14793"},{"taxonomy":"post_tag","embeddable":true,"href":"https:\/\/projectes.xtec.cat\/mobilitatfp\/wp-json\/wp\/v2\/tags?post=14793"}],"curies":[{"name":"wp","href":"https:\/\/api.w.org\/{rel}","templated":true}]}}