{"id":14836,"date":"2026-03-11T12:32:05","date_gmt":"2026-03-11T11:32:05","guid":{"rendered":"https:\/\/projectes.xtec.cat\/mobilitatfp\/?p=14836"},"modified":"2026-03-11T12:32:05","modified_gmt":"2026-03-11T11:32:05","slug":"%f0%9f%93%a2-enquesta-de-la-comissio-europea-sobre-la-iniciativa-de-la-targeta-europea-destudiant-esci","status":"publish","type":"post","link":"https:\/\/projectes.xtec.cat\/mobilitatfp\/general\/%f0%9f%93%a2-enquesta-de-la-comissio-europea-sobre-la-iniciativa-de-la-targeta-europea-destudiant-esci\/","title":{"rendered":"\ud83d\udce2 Enquesta de la Comissi\u00f3 Europea sobre la Iniciativa de la Targeta Europea d\u2019Estudiant (ESCI)"},"content":{"rendered":"<p data-start=\"202\" data-end=\"416\">La <strong data-start=\"205\" data-end=\"246\"><span class=\"hover:entity-accent entity-underline inline cursor-pointer align-baseline\"><span class=\"whitespace-normal\">Comissi\u00f3 Europea<\/span><\/span><\/strong> ha llan\u00e7at una <strong data-start=\"262\" data-end=\"283\">enquesta en l\u00ednia<\/strong> per recollir opinions de la comunitat d\u2019<strong data-start=\"324\" data-end=\"345\">educaci\u00f3 superior<\/strong> sobre el futur de la <strong data-start=\"367\" data-end=\"415\"><span class=\"hover:entity-accent entity-underline inline cursor-pointer align-baseline\"><span class=\"whitespace-normal\">European Student Card Initiative<\/span><\/span> (ESCI)<\/strong>.<\/p>\n<p data-start=\"418\" data-end=\"588\">\ud83c\udfaf Aquesta consulta forma part del proc\u00e9s de reflexi\u00f3 per definir l\u2019evoluci\u00f3 de la iniciativa en el <strong data-start=\"518\" data-end=\"587\">proper programa <span class=\"hover:entity-accent entity-underline inline cursor-pointer align-baseline\"><span class=\"whitespace-normal\">Erasmus+<\/span><\/span> (2028-2034)<\/strong>.<\/p>\n<h4 data-section-id=\"8nfukv\" data-start=\"590\" data-end=\"610\">\ud83d\udc65 A qui s\u2019adre\u00e7a<\/h4>\n<ul data-start=\"611\" data-end=\"944\">\n<li data-section-id=\"b5w6mv\" data-start=\"611\" data-end=\"668\">\n<p data-start=\"613\" data-end=\"668\">Personal d\u2019oficines de relacions internacionals (ORI)<\/p>\n<\/li>\n<li data-section-id=\"ih87g2\" data-start=\"669\" data-end=\"739\">\n<p data-start=\"671\" data-end=\"739\">Personal t\u00e8cnic i administratiu d\u2019institucions d\u2019educaci\u00f3 superior<\/p>\n<\/li>\n<li data-section-id=\"1p2ikxn\" data-start=\"740\" data-end=\"797\">\n<p data-start=\"742\" data-end=\"797\">Assessors de digitalitzaci\u00f3 de les ag\u00e8ncies nacionals<\/p>\n<\/li>\n<li data-section-id=\"2uliai\" data-start=\"798\" data-end=\"827\">\n<p data-start=\"800\" data-end=\"827\">Associacions d\u2019estudiants<\/p>\n<\/li>\n<li data-section-id=\"1j0xda6\" data-start=\"828\" data-end=\"864\">\n<p data-start=\"830\" data-end=\"864\">Prove\u00efdors de programari <strong data-start=\"855\" data-end=\"862\">EWP<\/strong><\/p>\n<\/li>\n<li data-section-id=\"l8qh4b\" data-start=\"865\" data-end=\"907\">\n<p data-start=\"867\" data-end=\"907\">Prove\u00efdors de serveis per a estudiants<\/p>\n<\/li>\n<li data-section-id=\"c5sj5n\" data-start=\"908\" data-end=\"944\">\n<p data-start=\"910\" data-end=\"944\">Experts institucionals i nacionals<\/p>\n<\/li>\n<\/ul>\n<h4 data-section-id=\"1py29e2\" data-start=\"946\" data-end=\"976\">\u23f1\ufe0f Informaci\u00f3 de l\u2019enquesta<\/h4>\n<ul data-start=\"977\" data-end=\"1060\">\n<li data-section-id=\"22sqxp\" data-start=\"977\" data-end=\"1013\">\n<p data-start=\"979\" data-end=\"1013\">Durada aproximada: <strong data-start=\"998\" data-end=\"1011\">15 minuts<\/strong><\/p>\n<\/li>\n<li data-section-id=\"1o88hnj\" data-start=\"1014\" data-end=\"1060\">\n<p data-start=\"1016\" data-end=\"1060\">\ud83d\udcc5 <strong data-start=\"1019\" data-end=\"1060\">Disponible fins al 31 de mar\u00e7 de 2026<\/strong><\/p>\n<\/li>\n<\/ul>\n<p data-start=\"1062\" data-end=\"1135\">\ud83d\udc49 Acc\u00e9s a l\u2019enquesta:<br data-start=\"1084\" data-end=\"1087\" \/><a class=\"decorated-link\" href=\"https:\/\/ec.europa.eu\/eusurvey\/runner\/ESCI_Survey\" target=\"_new\" rel=\"noopener\" data-start=\"1087\" data-end=\"1135\">https:\/\/ec.europa.eu\/eusurvey\/runner\/ESCI_Survey<\/a><\/p>\n<h4 data-section-id=\"1yg08bv\" data-start=\"1137\" data-end=\"1166\">\u2139\ufe0f Objectiu de la consulta<\/h4>\n<p data-start=\"1167\" data-end=\"1418\">Garantir que els components actuals de la iniciativa \u2014<strong data-start=\"1221\" data-end=\"1246\">Erasmus Without Paper<\/strong>, l\u2019<strong data-start=\"1250\" data-end=\"1272\">app m\u00f2bil Erasmus+<\/strong> i la <strong data-start=\"1278\" data-end=\"1309\">Targeta Europea d\u2019Estudiant<\/strong>\u2014 reflecteixin millor <strong data-start=\"1331\" data-end=\"1392\">les necessitats, experi\u00e8ncies i expectatives dels usuaris<\/strong> en el futur del programa.<\/p>\n","protected":false},"excerpt":{"rendered":"<p>La Comissi\u00f3 Europea ha llan\u00e7at una enquesta en l\u00ednia per recollir opinions de la comunitat d\u2019educaci\u00f3 superior sobre el futur de la European Student Card Initiative (ESCI).<br \/>\n\ud83c\udfaf Aquesta consulta forma part del proc\u00e9s de reflexi\u00f3 per definir l\u2019evoluci\u00f3 de la iniciativa en el proper programa&hellip;  <a href=\"https:\/\/projectes.xtec.cat\/mobilitatfp\/general\/%f0%9f%93%a2-enquesta-de-la-comissio-europea-sobre-la-iniciativa-de-la-targeta-europea-destudiant-esci\/\" title=\"Read \ud83d\udce2 Enquesta de la Comissi\u00f3 Europea sobre la Iniciativa de la Targeta Europea d\u2019Estudiant (ESCI)\">Llegeix m\u00e9s\u00bb<\/a><\/p>\n","protected":false},"author":35,"featured_media":0,"comment_status":"open","ping_status":"open","sticky":false,"template":"","format":"standard","meta":{"_bbp_topic_count":0,"_bbp_reply_count":0,"_bbp_total_topic_count":0,"_bbp_total_reply_count":0,"_bbp_voice_count":0,"_bbp_anonymous_reply_count":0,"_bbp_topic_count_hidden":0,"_bbp_reply_count_hidden":0,"_bbp_forum_subforum_count":0,"footnotes":""},"categories":[382,1,381,29,413],"tags":[],"class_list":["post-14836","post","type-post","status-publish","format-standard","hentry","category-experiencies","category-general","category-participa","category-portada","category-projectes"],"post_mailing_queue_ids":[],"_links":{"self":[{"href":"https:\/\/projectes.xtec.cat\/mobilitatfp\/wp-json\/wp\/v2\/posts\/14836","targetHints":{"allow":["GET"]}}],"collection":[{"href":"https:\/\/projectes.xtec.cat\/mobilitatfp\/wp-json\/wp\/v2\/posts"}],"about":[{"href":"https:\/\/projectes.xtec.cat\/mobilitatfp\/wp-json\/wp\/v2\/types\/post"}],"author":[{"embeddable":true,"href":"https:\/\/projectes.xtec.cat\/mobilitatfp\/wp-json\/wp\/v2\/users\/35"}],"replies":[{"embeddable":true,"href":"https:\/\/projectes.xtec.cat\/mobilitatfp\/wp-json\/wp\/v2\/comments?post=14836"}],"version-history":[{"count":1,"href":"https:\/\/projectes.xtec.cat\/mobilitatfp\/wp-json\/wp\/v2\/posts\/14836\/revisions"}],"predecessor-version":[{"id":14837,"href":"https:\/\/projectes.xtec.cat\/mobilitatfp\/wp-json\/wp\/v2\/posts\/14836\/revisions\/14837"}],"wp:attachment":[{"href":"https:\/\/projectes.xtec.cat\/mobilitatfp\/wp-json\/wp\/v2\/media?parent=14836"}],"wp:term":[{"taxonomy":"category","embeddable":true,"href":"https:\/\/projectes.xtec.cat\/mobilitatfp\/wp-json\/wp\/v2\/categories?post=14836"},{"taxonomy":"post_tag","embeddable":true,"href":"https:\/\/projectes.xtec.cat\/mobilitatfp\/wp-json\/wp\/v2\/tags?post=14836"}],"curies":[{"name":"wp","href":"https:\/\/api.w.org\/{rel}","templated":true}]}}