{"id":14846,"date":"2026-04-02T09:10:45","date_gmt":"2026-04-02T07:10:45","guid":{"rendered":"https:\/\/projectes.xtec.cat\/mobilitatfp\/?p=14846"},"modified":"2026-04-02T09:27:19","modified_gmt":"2026-04-02T07:27:19","slug":"%e2%9a%a0%ef%b8%8f-impacte-de-la-situacio-a-liran-i-orient-proxim-en-projectes-erasmus-xipre-i-turquia","status":"publish","type":"post","link":"https:\/\/projectes.xtec.cat\/mobilitatfp\/general\/%e2%9a%a0%ef%b8%8f-impacte-de-la-situacio-a-liran-i-orient-proxim-en-projectes-erasmus-xipre-i-turquia\/","title":{"rendered":"\u26a0\ufe0f Impacte de la situaci\u00f3 a l\u2019Iran i Orient Pr\u00f2xim en projectes Erasmus+ [Xipre i Turquia]"},"content":{"rendered":"<p data-start=\"159\" data-end=\"414\">Davant la situaci\u00f3 actual a <strong data-start=\"187\" data-end=\"228\"><span class=\"hover:entity-accent entity-underline inline cursor-pointer align-baseline\"><span class=\"whitespace-normal\">Iran<\/span><\/span><\/strong> i a la regi\u00f3 de l\u2019<strong data-start=\"247\" data-end=\"288\"><span class=\"hover:entity-accent entity-underline inline cursor-pointer align-baseline\"><span class=\"whitespace-normal\">Orient Pr\u00f2xim<\/span><\/span><\/strong>, s\u2019han establert una s\u00e8rie de recomanacions que afecten els projectes del programa <strong data-start=\"372\" data-end=\"413\"><span class=\"hover:entity-accent entity-underline inline cursor-pointer align-baseline\"><span class=\"whitespace-normal\">Erasmus+<\/span><\/span><\/strong>.<\/p>\n<h4 data-section-id=\"10kvy2e\" data-start=\"416\" data-end=\"450\">\ud83d\udee1\ufe0f Seguretat dels participants<\/h4>\n<p data-start=\"451\" data-end=\"495\">Els projectes han de garantir en tot moment:<\/p>\n<ul data-start=\"496\" data-end=\"571\">\n<li data-section-id=\"tmqfik\" data-start=\"496\" data-end=\"535\">La <strong data-start=\"501\" data-end=\"533\">seguretat f\u00edsica i emocional<\/strong><\/li>\n<li data-section-id=\"agb70r\" data-start=\"536\" data-end=\"571\">El <strong data-start=\"541\" data-end=\"571\">benestar dels participants<\/strong><\/li>\n<\/ul>\n<p data-start=\"573\" data-end=\"751\">\ud83d\udc49 Si la situaci\u00f3 impedeix o dificulta greument les activitats, es pot <strong data-start=\"644\" data-end=\"682\">invocar la cl\u00e0usula de for\u00e7a major<\/strong>, notificant-ho al <strong data-start=\"701\" data-end=\"750\"><span class=\"hover:entity-accent entity-underline inline cursor-pointer align-baseline\"><span class=\"whitespace-normal\">Servicio Espa\u00f1ol para la Internacionalizaci\u00f3n de la Educaci\u00f3n<\/span><\/span> (SEPIE)<\/strong>.<\/p>\n<hr data-start=\"753\" data-end=\"756\" \/>\n<h4 data-section-id=\"cmaxd1\" data-start=\"758\" data-end=\"800\">\u2708\ufe0f Mesures segons el tipus de mobilitat<\/h4>\n<h6 data-section-id=\"gl4y8p\" data-start=\"802\" data-end=\"844\">\ud83d\udd39 Mobilitats sortints (des d\u2019Espanya)<\/h6>\n<ul data-start=\"845\" data-end=\"919\">\n<li data-section-id=\"1enavn5\" data-start=\"845\" data-end=\"919\">Es pot aplicar <strong data-start=\"862\" data-end=\"877\">for\u00e7a major<\/strong> si no es poden dur a terme amb seguretat.<\/li>\n<\/ul>\n<h6 data-section-id=\"113hzk4\" data-start=\"921\" data-end=\"972\">\ud83d\udd39 Mobilitats entrants (participants a Espanya)<\/h6>\n<ul data-start=\"973\" data-end=\"1036\">\n<li data-section-id=\"1b0622k\" data-start=\"973\" data-end=\"1036\">Si no poden tornar al seu pa\u00eds, es pot <strong data-start=\"1014\" data-end=\"1035\">allargar l\u2019estada<\/strong>.<\/li>\n<\/ul>\n<h6 data-section-id=\"1nsnfo9\" data-start=\"1038\" data-end=\"1068\">\ud83d\udd39 Mobilitats planificades<\/h6>\n<ul data-start=\"1069\" data-end=\"1138\">\n<li data-section-id=\"1tgfn4d\" data-start=\"1069\" data-end=\"1138\">Es recomana <strong data-start=\"1083\" data-end=\"1103\">canviar el dest\u00ed<\/strong> o buscar <strong data-start=\"1113\" data-end=\"1137\">alternatives segures<\/strong>.<\/li>\n<\/ul>\n<hr data-start=\"1140\" data-end=\"1143\" \/>\n<h4 data-section-id=\"p3f3zc\" data-start=\"1145\" data-end=\"1171\">\ud83d\udcbc Gesti\u00f3 i finan\u00e7ament<\/h4>\n<ul data-start=\"1172\" data-end=\"1462\">\n<li data-section-id=\"eucn25\" data-start=\"1172\" data-end=\"1222\">El <strong data-start=\"1177\" data-end=\"1186\">SEPIE<\/strong> valorar\u00e0 cada cas individualment.<\/li>\n<li data-section-id=\"yse14b\" data-start=\"1223\" data-end=\"1280\">Es poden <strong data-start=\"1234\" data-end=\"1270\">suspendre o cancel\u00b7lar projectes<\/strong> si cal.<\/li>\n<li data-section-id=\"1a7pvtg\" data-start=\"1281\" data-end=\"1331\">Es poden acceptar <strong data-start=\"1301\" data-end=\"1328\">despeses ja realitzades<\/strong>.<\/li>\n<li data-section-id=\"1hiz5j7\" data-start=\"1332\" data-end=\"1402\">Es cobriran <strong data-start=\"1346\" data-end=\"1371\">costos de repatriaci\u00f3<\/strong> com a despeses excepcionals.<\/li>\n<li data-section-id=\"1ldm6u0\" data-start=\"1403\" data-end=\"1462\">\u2757 No es finan\u00e7aran despeses ja cobertes per assegurances.\u2757<\/li>\n<\/ul>\n<hr data-start=\"1464\" data-end=\"1467\" \/>\n<p data-start=\"1469\" data-end=\"1579\">\ud83d\ude4f Us demanem que tingueu en compte aquestes indicacions i prioritzeu sempre la seguretat dels participants.<\/p>\n<p data-start=\"1469\" data-end=\"1579\">\n<a href=\"https:\/\/sepie.es\/doc\/comunicacion\/prensa\/2026\/nota_causa_fuerza_mayor.pdf\">CARTA DE SEPIE INFORMATIVA<\/a><\/p>\n","protected":false},"excerpt":{"rendered":"<p>Davant la situaci\u00f3 actual a Iran i a la regi\u00f3 de l\u2019Orient Pr\u00f2xim, s\u2019han establert una s\u00e8rie de recomanacions que afecten els projectes del programa Erasmus+.<br \/>\n\ud83d\udee1\ufe0f Seguretat dels participants<br \/>\nEls projectes han de garantir en tot moment:<\/p>\n<ul data-start=\"496\" data-end=\"571\">\n<li data-section-id=\"tmqfik\" data-start=\"496\" data-end=\"535\">La seguretat f\u00edsica i emocional<\/li>\n<li&hellip;  <a href=\"https:\/\/projectes.xtec.cat\/mobilitatfp\/general\/%e2%9a%a0%ef%b8%8f-impacte-de-la-situacio-a-liran-i-orient-proxim-en-projectes-erasmus-xipre-i-turquia\/\" title=\"Read \u26a0\ufe0f Impacte de la situaci\u00f3 a l\u2019Iran i Orient Pr\u00f2xim en projectes Erasmus+ [Xipre i Turquia]\">Llegeix m\u00e9s\u00bb<\/a><br \/>\n","protected":false},"author":35,"featured_media":0,"comment_status":"open","ping_status":"open","sticky":false,"template":"","format":"standard","meta":{"_bbp_topic_count":0,"_bbp_reply_count":0,"_bbp_total_topic_count":0,"_bbp_total_reply_count":0,"_bbp_voice_count":0,"_bbp_anonymous_reply_count":0,"_bbp_topic_count_hidden":0,"_bbp_reply_count_hidden":0,"_bbp_forum_subforum_count":0,"footnotes":""},"categories":[356,382,1,29,413],"tags":[],"class_list":["post-14846","post","type-post","status-publish","format-standard","hentry","category-convocatories","category-experiencies","category-general","category-portada","category-projectes"],"post_mailing_queue_ids":[],"_links":{"self":[{"href":"https:\/\/projectes.xtec.cat\/mobilitatfp\/wp-json\/wp\/v2\/posts\/14846","targetHints":{"allow":["GET"]}}],"collection":[{"href":"https:\/\/projectes.xtec.cat\/mobilitatfp\/wp-json\/wp\/v2\/posts"}],"about":[{"href":"https:\/\/projectes.xtec.cat\/mobilitatfp\/wp-json\/wp\/v2\/types\/post"}],"author":[{"embeddable":true,"href":"https:\/\/projectes.xtec.cat\/mobilitatfp\/wp-json\/wp\/v2\/users\/35"}],"replies":[{"embeddable":true,"href":"https:\/\/projectes.xtec.cat\/mobilitatfp\/wp-json\/wp\/v2\/comments?post=14846"}],"version-history":[{"count":2,"href":"https:\/\/projectes.xtec.cat\/mobilitatfp\/wp-json\/wp\/v2\/posts\/14846\/revisions"}],"predecessor-version":[{"id":14848,"href":"https:\/\/projectes.xtec.cat\/mobilitatfp\/wp-json\/wp\/v2\/posts\/14846\/revisions\/14848"}],"wp:attachment":[{"href":"https:\/\/projectes.xtec.cat\/mobilitatfp\/wp-json\/wp\/v2\/media?parent=14846"}],"wp:term":[{"taxonomy":"category","embeddable":true,"href":"https:\/\/projectes.xtec.cat\/mobilitatfp\/wp-json\/wp\/v2\/categories?post=14846"},{"taxonomy":"post_tag","embeddable":true,"href":"https:\/\/projectes.xtec.cat\/mobilitatfp\/wp-json\/wp\/v2\/tags?post=14846"}],"curies":[{"name":"wp","href":"https:\/\/api.w.org\/{rel}","templated":true}]}}