{"id":11954,"date":"2023-05-30T09:56:37","date_gmt":"2023-05-30T07:56:37","guid":{"rendered":"https:\/\/projectes.xtec.cat\/nou-curriculum\/?p=11954"},"modified":"2023-11-05T11:38:15","modified_gmt":"2023-11-05T10:38:15","slug":"xxii-jornada-anual-xarxa-de-competencies","status":"publish","type":"post","link":"https:\/\/projectes.xtec.cat\/nou-curriculum\/general\/xxii-jornada-anual-xarxa-de-competencies\/","title":{"rendered":"XXII Jornada anual Xarxa de Compet\u00e8ncies"},"content":{"rendered":"\n<div class=\"wp-block-image is-style-default\"><figure class=\"aligncenter size-large is-resized\"><a href=\"https:\/\/sites.google.com\/d\/1AwyyOasvNvANdGeSCsRfGHsYay3KASra\/p\/1PqMXqWsM0IUDgJmSKPDd27CV8-FR_Y8R\/edit\"><img loading=\"lazy\" decoding=\"async\" src=\"https:\/\/projectes.xtec.cat\/nou-curriculum\/wp-content\/uploads\/usu2072\/2023\/05\/xarxa-2023-3-1024x633.png\" alt=\"\" class=\"wp-image-11955\" width=\"702\" height=\"434\" srcset=\"https:\/\/projectes.xtec.cat\/nou-curriculum\/wp-content\/uploads\/usu2072\/2023\/05\/xarxa-2023-3-1024x633.png 1024w, https:\/\/projectes.xtec.cat\/nou-curriculum\/wp-content\/uploads\/usu2072\/2023\/05\/xarxa-2023-3-300x185.png 300w, https:\/\/projectes.xtec.cat\/nou-curriculum\/wp-content\/uploads\/usu2072\/2023\/05\/xarxa-2023-3-768x475.png 768w, https:\/\/projectes.xtec.cat\/nou-curriculum\/wp-content\/uploads\/usu2072\/2023\/05\/xarxa-2023-3.png 1233w\" sizes=\"auto, (max-width: 702px) 100vw, 702px\" \/><\/a><\/figure><\/div>\n\n\n\n<p>La<a rel=\"noreferrer noopener\" href=\"https:\/\/xtec.gencat.cat\/ca\/curriculum\/xarxa-de-competencies\/\" target=\"_blank\">&nbsp;Xarxa de Compet\u00e8ncies<\/a>&nbsp;ha aplegat, des de fa 22 anys, docents de tot Catalunya amb voluntat de repensar els processos d\u2019ensenyament i aprenentatge en els seus centres, per mitj\u00e0 de la formaci\u00f3 entre iguals i en xarxa, amb vista a compartir i a enriquir-se m\u00fatuament per millorar els aprenentatges de tots els alumnes. Com a xarxa pionera ha esdevingut l\u2019espai per excel\u00b7l\u00e8ncia d\u2019aprenentatge docent entre iguals del Departament d\u2019Educaci\u00f3, i ha contribu\u00eft a la professionalitzaci\u00f3 docent individual i col\u00b7lectiva, amb la finalitat de capacitar els professionals perqu\u00e8 tots els i les alumnes puguin aprendre m\u00e9s i millor.<\/p>\n\n\n\n<p>El Departament d\u2019Educaci\u00f3 organitza anualment una jornada de cloenda del programa, amb la finalitat de compartir i intercanviar les experi\u00e8ncies que han realitzat els centres al llarg del curs, proporcionar evid\u00e8ncies de les millores dels aprenentatges dels alumnes i ajudar a configurar un marc conceptual com\u00fa entre tots els docents que formen la xarxa, si b\u00e9 la jornada \u00e9s oberta a tots els docents que ho desitgin.<\/p>\n\n\n\n<div class=\"wp-block-buttons is-layout-flex wp-block-buttons-is-layout-flex\">\n<div class=\"wp-block-button is-style-fill\"><a class=\"wp-block-button__link has-ast-global-color-5-color has-ast-global-color-3-background-color has-text-color has-background\" href=\"https:\/\/sites.google.com\/d\/1AwyyOasvNvANdGeSCsRfGHsYay3KASra\/p\/1PqMXqWsM0IUDgJmSKPDd27CV8-FR_Y8R\/edit\" target=\"_blank\" rel=\"noreferrer noopener\">WEB<\/a><\/div>\n\n\n\n<div class=\"wp-block-button\"><a class=\"wp-block-button__link has-ast-global-color-5-color has-ast-global-color-3-background-color has-text-color has-background\" href=\"https:\/\/aplicacions.gestioeducativa.gencat.cat\/pls\/soloas\/pk_for_mod_ins.p_for_detall_activitat?p_codi=9009000547&amp;p_curs=2022-2023&amp;p_es_inscr=S\" target=\"_blank\" rel=\"noreferrer noopener\">INSCRIPCIONS<\/a><\/div>\n\n\n\n<div class=\"wp-block-button\"><a class=\"wp-block-button__link has-ast-global-color-5-color has-ast-global-color-3-background-color has-text-color has-background\" href=\"https:\/\/sites.google.com\/d\/1AwyyOasvNvANdGeSCsRfGHsYay3KASra\/p\/1PqMXqWsM0IUDgJmSKPDd27CV8-FR_Y8R\/edit\" target=\"_blank\" rel=\"noreferrer noopener\">PROGRAMA<\/a><\/div>\n\n\n\n<div class=\"wp-block-button\"><a class=\"wp-block-button__link has-ast-global-color-5-color has-ast-global-color-3-background-color has-text-color has-background\" href=\"https:\/\/www.google.com\/maps\/place\/Centre+C%C3%ADvic+Cotxeres+de+Sants\/@41.375267,2.136894,15z\/data=!4m6!3m5!1s0x12a49885c7a77755:0xa7a03a3c69e5129f!8m2!3d41.375267!4d2.136894!16s%2Fg%2F11c57gxy4q?shorturl=1\" target=\"_blank\" rel=\"noreferrer noopener\">LLOC<\/a><\/div>\n<\/div>\n\n\n\n<p><\/p>\n","protected":false},"excerpt":{"rendered":"<p>XXII Jornada anual Xarxa de Compet\u00e8ncies.<\/p>\n<p>L&#8217;1 de juliol tindr\u00e0 lloc la jornada anual de la Xarxa :<br \/>\n&#8220;Escola d&#8217;avui, societat del futur&#8221;<\/p>\n","protected":false},"author":7,"featured_media":11965,"comment_status":"closed","ping_status":"open","sticky":true,"template":"","format":"standard","meta":{"_acf_changed":false,"site-sidebar-layout":"default","site-content-layout":"","ast-site-content-layout":"","site-content-style":"default","site-sidebar-style":"default","ast-global-header-display":"","ast-banner-title-visibility":"","ast-main-header-display":"","ast-hfb-above-header-display":"","ast-hfb-below-header-display":"","ast-hfb-mobile-header-display":"","site-post-title":"","ast-breadcrumbs-content":"","ast-featured-img":"","footer-sml-layout":"","theme-transparent-header-meta":"","adv-header-id-meta":"","stick-header-meta":"","header-above-stick-meta":"","header-main-stick-meta":"","header-below-stick-meta":"","astra-migrate-meta-layouts":"default","ast-page-background-enabled":"default","ast-page-background-meta":{"desktop":{"background-color":"","background-image":"","background-repeat":"repeat","background-position":"center center","background-size":"auto","background-attachment":"scroll","background-type":"","background-media":"","overlay-type":"","overlay-color":"","overlay-opacity":"","overlay-gradient":""},"tablet":{"background-color":"","background-image":"","background-repeat":"repeat","background-position":"center center","background-size":"auto","background-attachment":"scroll","background-type":"","background-media":"","overlay-type":"","overlay-color":"","overlay-opacity":"","overlay-gradient":""},"mobile":{"background-color":"","background-image":"","background-repeat":"repeat","background-position":"center center","background-size":"auto","background-attachment":"scroll","background-type":"","background-media":"","overlay-type":"","overlay-color":"","overlay-opacity":"","overlay-gradient":""}},"ast-content-background-meta":{"desktop":{"background-color":"var(--ast-global-color-5)","background-image":"","background-repeat":"repeat","background-position":"center center","background-size":"auto","background-attachment":"scroll","background-type":"","background-media":"","overlay-type":"","overlay-color":"","overlay-opacity":"","overlay-gradient":""},"tablet":{"background-color":"var(--ast-global-color-5)","background-image":"","background-repeat":"repeat","background-position":"center center","background-size":"auto","background-attachment":"scroll","background-type":"","background-media":"","overlay-type":"","overlay-color":"","overlay-opacity":"","overlay-gradient":""},"mobile":{"background-color":"var(--ast-global-color-5)","background-image":"","background-repeat":"repeat","background-position":"center center","background-size":"auto","background-attachment":"scroll","background-type":"","background-media":"","overlay-type":"","overlay-color":"","overlay-opacity":"","overlay-gradient":""}},"footnotes":""},"categories":[319,320,1],"tags":[],"class_list":["post-11954","post","type-post","status-publish","format-standard","has-post-thumbnail","hentry","category-educacio-basica","category-educacio-infantil","category-general"],"acf":[],"post_mailing_queue_ids":[],"_links":{"self":[{"href":"https:\/\/projectes.xtec.cat\/nou-curriculum\/wp-json\/wp\/v2\/posts\/11954","targetHints":{"allow":["GET"]}}],"collection":[{"href":"https:\/\/projectes.xtec.cat\/nou-curriculum\/wp-json\/wp\/v2\/posts"}],"about":[{"href":"https:\/\/projectes.xtec.cat\/nou-curriculum\/wp-json\/wp\/v2\/types\/post"}],"author":[{"embeddable":true,"href":"https:\/\/projectes.xtec.cat\/nou-curriculum\/wp-json\/wp\/v2\/users\/7"}],"replies":[{"embeddable":true,"href":"https:\/\/projectes.xtec.cat\/nou-curriculum\/wp-json\/wp\/v2\/comments?post=11954"}],"version-history":[{"count":2,"href":"https:\/\/projectes.xtec.cat\/nou-curriculum\/wp-json\/wp\/v2\/posts\/11954\/revisions"}],"predecessor-version":[{"id":11969,"href":"https:\/\/projectes.xtec.cat\/nou-curriculum\/wp-json\/wp\/v2\/posts\/11954\/revisions\/11969"}],"wp:featuredmedia":[{"embeddable":true,"href":"https:\/\/projectes.xtec.cat\/nou-curriculum\/wp-json\/wp\/v2\/media\/11965"}],"wp:attachment":[{"href":"https:\/\/projectes.xtec.cat\/nou-curriculum\/wp-json\/wp\/v2\/media?parent=11954"}],"wp:term":[{"taxonomy":"category","embeddable":true,"href":"https:\/\/projectes.xtec.cat\/nou-curriculum\/wp-json\/wp\/v2\/categories?post=11954"},{"taxonomy":"post_tag","embeddable":true,"href":"https:\/\/projectes.xtec.cat\/nou-curriculum\/wp-json\/wp\/v2\/tags?post=11954"}],"curies":[{"name":"wp","href":"https:\/\/api.w.org\/{rel}","templated":true}]}}