{"id":12544,"date":"2023-11-09T10:30:45","date_gmt":"2023-11-09T09:30:45","guid":{"rendered":"https:\/\/projectes.xtec.cat\/nou-curriculum\/?p=12544"},"modified":"2023-11-09T10:30:45","modified_gmt":"2023-11-09T09:30:45","slug":"nova-publicacio-sobre-latencio-educativa-a-tot-lalumnat-en-el-marc-dun-sistema-educatiu-inclusiu","status":"publish","type":"post","link":"https:\/\/projectes.xtec.cat\/nou-curriculum\/general\/nova-publicacio-sobre-latencio-educativa-a-tot-lalumnat-en-el-marc-dun-sistema-educatiu-inclusiu\/","title":{"rendered":"Nova publicaci\u00f3 sobre l\u2019atenci\u00f3 educativa a tot l\u2019alumnat en el marc d\u2019un sistema educatiu inclusiu"},"content":{"rendered":"\n<div class=\"wp-block-image\"><figure class=\"alignright size-large is-resized\"><a href=\"https:\/\/projectes.xtec.cat\/nou-curriculum\/wp-content\/uploads\/usu2072\/2023\/11\/Document-MISU.jpg\"><img loading=\"lazy\" decoding=\"async\" src=\"https:\/\/projectes.xtec.cat\/nou-curriculum\/wp-content\/uploads\/usu2072\/2023\/11\/Document-MISU.jpg\" alt=\"\" class=\"wp-image-12546\" width=\"187\" height=\"255\" srcset=\"https:\/\/projectes.xtec.cat\/nou-curriculum\/wp-content\/uploads\/usu2072\/2023\/11\/Document-MISU.jpg 639w, https:\/\/projectes.xtec.cat\/nou-curriculum\/wp-content\/uploads\/usu2072\/2023\/11\/Document-MISU-220x300.jpg 220w\" sizes=\"auto, (max-width: 187px) 100vw, 187px\" \/><\/a><\/figure><\/div>\n\n\n\n<p>L&#8217;atenci\u00f3 educativa a l&#8217;alumnat compr\u00e8n el conjunt de&nbsp;<strong>mesures i suports<\/strong>&nbsp;destinats a tots els alumnes, amb la finalitat d&#8217;afavorir el seu desenvolupament personal i social, i perqu\u00e8 avancin en l&#8217;assoliment de les&nbsp;<strong>compet\u00e8ncies de cada etapa educativa<\/strong>&nbsp;i en la transici\u00f3 a la vida adulta. Aquestes mesures i suports han de garantir que els contextos escolars ofereixin les condicions d&#8217;aprenentatge necess\u00e0ries per desenvolupar les fortaleses de l&#8217;alumnat; vetllar per la seva vinculaci\u00f3 amb els aprenentatges i el grup, facilitar l&#8217;acc\u00e9s a l&#8217;aprenentatge i a la participaci\u00f3 i assegurar el progr\u00e9s de tot l&#8217;alumnat.<\/p>\n\n\n\n<p>El present document s&#8217;ha elaborat amb el prop\u00f2sit d&#8217;aportar orientacions i proporcionar elements als centres educatius per a la presa de decisions en la concreci\u00f3 de mesures i suports universals en el marc d&#8217;una&nbsp;<strong>atenci\u00f3 educativa inclusiva<\/strong>. Es fonamenta en la normativa actual, aix\u00ed com en els marcs conceptuals que orienten les l\u00ednies de treball del&nbsp;<strong>Departament d&#8217;Educaci\u00f3<\/strong>.<\/p>\n\n\n\n<div class=\"wp-block-buttons is-layout-flex wp-block-buttons-is-layout-flex\">\n<div class=\"wp-block-button\"><a class=\"wp-block-button__link has-ast-global-color-6-color has-ast-global-color-0-background-color has-text-color has-background\" href=\"https:\/\/projectes.xtec.cat\/educacioinclusiva\/\" target=\"_blank\" rel=\"noopener\">Nodes Inclusiva<\/a><\/div>\n\n\n\n<div class=\"wp-block-button is-style-fill\"><a class=\"wp-block-button__link has-ast-global-color-6-color has-ast-global-color-0-background-color has-text-color has-background\" href=\"https:\/\/projectes.xtec.cat\/educacioinclusiva\/general\/nova-publicacio-sobre-latencio-educativa-a-tot-lalumnat-en-el-marc-dun-sistema-educatiu-inclusiu\/\" target=\"_blank\" rel=\"noreferrer noopener\">Nou document<\/a><\/div>\n\n\n\n<div class=\"wp-block-button is-style-fill\"><a class=\"wp-block-button__link has-ast-global-color-6-color has-ast-global-color-0-background-color has-text-color has-background\" href=\"https:\/\/educacio.gencat.cat\/ca\/departament\/publicacions\/colleccions\/inclusio\/mesures-suports-universals-centre-educatiu\/\" target=\"_blank\" rel=\"noreferrer noopener\">Gencat<\/a><\/div>\n<\/div>\n\n\n\n<p><\/p>\n","protected":false},"excerpt":{"rendered":"<p>Nova publicaci\u00f3 sobre l\u2019atenci\u00f3 educativa a tot l\u2019alumnat en el marc d\u2019un sistema educatiu inclusiu. S&#8217;ha elaborat amb el prop\u00f2sit d&#8217;aportar orientacions per la presa de decisions en els centres educatius.<\/p>\n","protected":false},"author":7,"featured_media":12546,"comment_status":"closed","ping_status":"open","sticky":false,"template":"","format":"standard","meta":{"_acf_changed":false,"site-sidebar-layout":"default","site-content-layout":"","ast-site-content-layout":"","site-content-style":"default","site-sidebar-style":"default","ast-global-header-display":"","ast-banner-title-visibility":"","ast-main-header-display":"","ast-hfb-above-header-display":"","ast-hfb-below-header-display":"","ast-hfb-mobile-header-display":"","site-post-title":"","ast-breadcrumbs-content":"","ast-featured-img":"","footer-sml-layout":"","theme-transparent-header-meta":"","adv-header-id-meta":"","stick-header-meta":"","header-above-stick-meta":"","header-main-stick-meta":"","header-below-stick-meta":"","astra-migrate-meta-layouts":"default","ast-page-background-enabled":"default","ast-page-background-meta":{"desktop":{"background-color":"","background-image":"","background-repeat":"repeat","background-position":"center center","background-size":"auto","background-attachment":"scroll","background-type":"","background-media":"","overlay-type":"","overlay-color":"","overlay-opacity":"","overlay-gradient":""},"tablet":{"background-color":"","background-image":"","background-repeat":"repeat","background-position":"center center","background-size":"auto","background-attachment":"scroll","background-type":"","background-media":"","overlay-type":"","overlay-color":"","overlay-opacity":"","overlay-gradient":""},"mobile":{"background-color":"","background-image":"","background-repeat":"repeat","background-position":"center center","background-size":"auto","background-attachment":"scroll","background-type":"","background-media":"","overlay-type":"","overlay-color":"","overlay-opacity":"","overlay-gradient":""}},"ast-content-background-meta":{"desktop":{"background-color":"var(--ast-global-color-5)","background-image":"","background-repeat":"repeat","background-position":"center center","background-size":"auto","background-attachment":"scroll","background-type":"","background-media":"","overlay-type":"","overlay-color":"","overlay-opacity":"","overlay-gradient":""},"tablet":{"background-color":"var(--ast-global-color-5)","background-image":"","background-repeat":"repeat","background-position":"center center","background-size":"auto","background-attachment":"scroll","background-type":"","background-media":"","overlay-type":"","overlay-color":"","overlay-opacity":"","overlay-gradient":""},"mobile":{"background-color":"var(--ast-global-color-5)","background-image":"","background-repeat":"repeat","background-position":"center center","background-size":"auto","background-attachment":"scroll","background-type":"","background-media":"","overlay-type":"","overlay-color":"","overlay-opacity":"","overlay-gradient":""}},"footnotes":""},"categories":[318,319,320,321,322,1],"tags":[],"class_list":["post-12544","post","type-post","status-publish","format-standard","has-post-thumbnail","hentry","category-batxillerat","category-educacio-basica","category-educacio-infantil","category-educacio-primaria","category-educacio-secundaria","category-general"],"acf":[],"post_mailing_queue_ids":[],"_links":{"self":[{"href":"https:\/\/projectes.xtec.cat\/nou-curriculum\/wp-json\/wp\/v2\/posts\/12544","targetHints":{"allow":["GET"]}}],"collection":[{"href":"https:\/\/projectes.xtec.cat\/nou-curriculum\/wp-json\/wp\/v2\/posts"}],"about":[{"href":"https:\/\/projectes.xtec.cat\/nou-curriculum\/wp-json\/wp\/v2\/types\/post"}],"author":[{"embeddable":true,"href":"https:\/\/projectes.xtec.cat\/nou-curriculum\/wp-json\/wp\/v2\/users\/7"}],"replies":[{"embeddable":true,"href":"https:\/\/projectes.xtec.cat\/nou-curriculum\/wp-json\/wp\/v2\/comments?post=12544"}],"version-history":[{"count":1,"href":"https:\/\/projectes.xtec.cat\/nou-curriculum\/wp-json\/wp\/v2\/posts\/12544\/revisions"}],"predecessor-version":[{"id":12547,"href":"https:\/\/projectes.xtec.cat\/nou-curriculum\/wp-json\/wp\/v2\/posts\/12544\/revisions\/12547"}],"wp:featuredmedia":[{"embeddable":true,"href":"https:\/\/projectes.xtec.cat\/nou-curriculum\/wp-json\/wp\/v2\/media\/12546"}],"wp:attachment":[{"href":"https:\/\/projectes.xtec.cat\/nou-curriculum\/wp-json\/wp\/v2\/media?parent=12544"}],"wp:term":[{"taxonomy":"category","embeddable":true,"href":"https:\/\/projectes.xtec.cat\/nou-curriculum\/wp-json\/wp\/v2\/categories?post=12544"},{"taxonomy":"post_tag","embeddable":true,"href":"https:\/\/projectes.xtec.cat\/nou-curriculum\/wp-json\/wp\/v2\/tags?post=12544"}],"curies":[{"name":"wp","href":"https:\/\/api.w.org\/{rel}","templated":true}]}}