{"id":12602,"date":"2023-12-05T14:32:42","date_gmt":"2023-12-05T13:32:42","guid":{"rendered":"https:\/\/projectes.xtec.cat\/nou-curriculum\/?p=12602"},"modified":"2023-12-05T14:32:43","modified_gmt":"2023-12-05T13:32:43","slug":"exemple-de-situacio-daprenentatge-al-0-3","status":"publish","type":"post","link":"https:\/\/projectes.xtec.cat\/nou-curriculum\/general\/exemple-de-situacio-daprenentatge-al-0-3\/","title":{"rendered":"Exemple de situaci\u00f3 d&#8217;aprenentatge al 0-3"},"content":{"rendered":"\n<div class=\"wp-block-getwid-section alignfull alignfull getwid-section-content-custom-width\"><div class=\"wp-block-getwid-section__wrapper getwid-padding-left-medium getwid-padding-right-medium\"><div class=\"wp-block-getwid-section__inner-wrapper\" style=\"max-width:740px\"><div class=\"wp-block-getwid-section__background-holder\"><div class=\"wp-block-getwid-section__background\"><\/div><div class=\"wp-block-getwid-section__foreground\"><\/div><\/div><div class=\"wp-block-getwid-section__content\"><div class=\"wp-block-getwid-section__inner-content\">\n<div class=\"wp-block-getwid-advanced-heading\" style=\"margin-bottom:0px;margin-top:0px\"><span class=\"wp-block-getwid-advanced-heading__content\" style=\"text-align:center\"><\/span><\/div>\n\n\n\n<div class=\"wp-block-getwid-advanced-heading\" style=\"margin-bottom:50px;margin-top:10px\"><h2 class=\"wp-block-getwid-advanced-heading__content\" style=\"text-align:center\">La paraula m\u00e9s bonica<\/h2><\/div>\n\n\n\n<div class=\"wp-block-image\"><figure class=\"alignleft size-large\"><a href=\"https:\/\/projectes.xtec.cat\/nou-curriculum\/wp-content\/uploads\/usu2072\/2023\/11\/iana-dmytrenko-XUX2s1wsFmU-unsplash-scaled.jpg\"><img loading=\"lazy\" decoding=\"async\" width=\"1024\" height=\"683\" src=\"https:\/\/projectes.xtec.cat\/nou-curriculum\/wp-content\/uploads\/usu2072\/2023\/11\/iana-dmytrenko-XUX2s1wsFmU-unsplash-1024x683.jpg\" alt=\"\" class=\"wp-image-12603\" srcset=\"https:\/\/projectes.xtec.cat\/nou-curriculum\/wp-content\/uploads\/usu2072\/2023\/11\/iana-dmytrenko-XUX2s1wsFmU-unsplash-1024x683.jpg 1024w, https:\/\/projectes.xtec.cat\/nou-curriculum\/wp-content\/uploads\/usu2072\/2023\/11\/iana-dmytrenko-XUX2s1wsFmU-unsplash-300x200.jpg 300w, https:\/\/projectes.xtec.cat\/nou-curriculum\/wp-content\/uploads\/usu2072\/2023\/11\/iana-dmytrenko-XUX2s1wsFmU-unsplash-768x512.jpg 768w, https:\/\/projectes.xtec.cat\/nou-curriculum\/wp-content\/uploads\/usu2072\/2023\/11\/iana-dmytrenko-XUX2s1wsFmU-unsplash-1536x1024.jpg 1536w, https:\/\/projectes.xtec.cat\/nou-curriculum\/wp-content\/uploads\/usu2072\/2023\/11\/iana-dmytrenko-XUX2s1wsFmU-unsplash-2048x1365.jpg 2048w\" sizes=\"auto, (max-width: 1024px) 100vw, 1024px\" \/><\/a><\/figure><\/div>\n\n\n\n<p class=\"has-text-color has-medium-font-size\" style=\"color:#000000\">Les primeres experi\u00e8ncies en un entorn educatiu, fora de la fam\u00edlia, es viuen al llarg del primer cicle de l\u2019educaci\u00f3 infantil (0-3 anys). El context de cada escola bressol determina el qu\u00e8, el com i el perqu\u00e8 de les situacions d\u2019aprenentatge.<\/p>\n\n\n\n<p>Cal respectar el m\u00e0xim possible les necessitats i interessos dels infants i acollir amb els bra\u00e7os oberts la realitat sociocultural de les fam\u00edlies. La pres\u00e8ncia de l\u2019educador\/a que acompanya \u00e9s molt important, a trav\u00e9s de la seva observaci\u00f3 atenta, desperta i sistem\u00e0tica pot proposar als infants diversitat de reptes ajustats al seu moment maduratiu i evolutiu.<\/p>\n\n\n\n<div class=\"wp-block-button aligncenter\"><a class=\"wp-block-button__link has-text-color has-background\" href=\"https:\/\/projectes.xtec.cat\/nou-curriculum\/wp-content\/uploads\/usu2072\/2023\/11\/La-paraula-mes-bonica.pdf\" style=\"background-color:#000000;color:#ffffff\" target=\"_blank\" rel=\"noreferrer noopener\">La paraula m\u00e9s bonica<\/a><\/div>\n<\/div><\/div><\/div><\/div><\/div>\n","protected":false},"excerpt":{"rendered":"<p>SdA \u201cLa paraula m\u00e9s bonica\u201d<br \/>\nLa narraci\u00f3 liter\u00e0ria connecta l\u2019infant amb la seva ess\u00e8ncia i li permet explorar i anar ordenant el m\u00f3n des de la seva creativitat i imaginaci\u00f3. El folklore i les narracions orals ja no estan tan presents en l\u2019\u00e0mbit familiar, i \u00e9s en l\u2019espai de l\u2019escola on es genera el primer contacte amb l\u2019art de la paraula en forma de poemes, can\u00e7ons i hist\u00f2ries.<\/p>\n","protected":false},"author":8,"featured_media":12603,"comment_status":"closed","ping_status":"open","sticky":false,"template":"","format":"standard","meta":{"_acf_changed":false,"site-sidebar-layout":"default","site-content-layout":"","ast-site-content-layout":"","site-content-style":"default","site-sidebar-style":"default","ast-global-header-display":"","ast-banner-title-visibility":"","ast-main-header-display":"","ast-hfb-above-header-display":"","ast-hfb-below-header-display":"","ast-hfb-mobile-header-display":"","site-post-title":"","ast-breadcrumbs-content":"","ast-featured-img":"","footer-sml-layout":"","theme-transparent-header-meta":"","adv-header-id-meta":"","stick-header-meta":"","header-above-stick-meta":"","header-main-stick-meta":"","header-below-stick-meta":"","astra-migrate-meta-layouts":"default","ast-page-background-enabled":"default","ast-page-background-meta":{"desktop":{"background-color":"","background-image":"","background-repeat":"repeat","background-position":"center center","background-size":"auto","background-attachment":"scroll","background-type":"","background-media":"","overlay-type":"","overlay-color":"","overlay-opacity":"","overlay-gradient":""},"tablet":{"background-color":"","background-image":"","background-repeat":"repeat","background-position":"center center","background-size":"auto","background-attachment":"scroll","background-type":"","background-media":"","overlay-type":"","overlay-color":"","overlay-opacity":"","overlay-gradient":""},"mobile":{"background-color":"","background-image":"","background-repeat":"repeat","background-position":"center center","background-size":"auto","background-attachment":"scroll","background-type":"","background-media":"","overlay-type":"","overlay-color":"","overlay-opacity":"","overlay-gradient":""}},"ast-content-background-meta":{"desktop":{"background-color":"var(--ast-global-color-5)","background-image":"","background-repeat":"repeat","background-position":"center center","background-size":"auto","background-attachment":"scroll","background-type":"","background-media":"","overlay-type":"","overlay-color":"","overlay-opacity":"","overlay-gradient":""},"tablet":{"background-color":"var(--ast-global-color-5)","background-image":"","background-repeat":"repeat","background-position":"center center","background-size":"auto","background-attachment":"scroll","background-type":"","background-media":"","overlay-type":"","overlay-color":"","overlay-opacity":"","overlay-gradient":""},"mobile":{"background-color":"var(--ast-global-color-5)","background-image":"","background-repeat":"repeat","background-position":"center center","background-size":"auto","background-attachment":"scroll","background-type":"","background-media":"","overlay-type":"","overlay-color":"","overlay-opacity":"","overlay-gradient":""}},"footnotes":""},"categories":[320,1],"tags":[],"class_list":["post-12602","post","type-post","status-publish","format-standard","has-post-thumbnail","hentry","category-educacio-infantil","category-general"],"acf":[],"post_mailing_queue_ids":[],"_links":{"self":[{"href":"https:\/\/projectes.xtec.cat\/nou-curriculum\/wp-json\/wp\/v2\/posts\/12602","targetHints":{"allow":["GET"]}}],"collection":[{"href":"https:\/\/projectes.xtec.cat\/nou-curriculum\/wp-json\/wp\/v2\/posts"}],"about":[{"href":"https:\/\/projectes.xtec.cat\/nou-curriculum\/wp-json\/wp\/v2\/types\/post"}],"author":[{"embeddable":true,"href":"https:\/\/projectes.xtec.cat\/nou-curriculum\/wp-json\/wp\/v2\/users\/8"}],"replies":[{"embeddable":true,"href":"https:\/\/projectes.xtec.cat\/nou-curriculum\/wp-json\/wp\/v2\/comments?post=12602"}],"version-history":[{"count":6,"href":"https:\/\/projectes.xtec.cat\/nou-curriculum\/wp-json\/wp\/v2\/posts\/12602\/revisions"}],"predecessor-version":[{"id":12631,"href":"https:\/\/projectes.xtec.cat\/nou-curriculum\/wp-json\/wp\/v2\/posts\/12602\/revisions\/12631"}],"wp:featuredmedia":[{"embeddable":true,"href":"https:\/\/projectes.xtec.cat\/nou-curriculum\/wp-json\/wp\/v2\/media\/12603"}],"wp:attachment":[{"href":"https:\/\/projectes.xtec.cat\/nou-curriculum\/wp-json\/wp\/v2\/media?parent=12602"}],"wp:term":[{"taxonomy":"category","embeddable":true,"href":"https:\/\/projectes.xtec.cat\/nou-curriculum\/wp-json\/wp\/v2\/categories?post=12602"},{"taxonomy":"post_tag","embeddable":true,"href":"https:\/\/projectes.xtec.cat\/nou-curriculum\/wp-json\/wp\/v2\/tags?post=12602"}],"curies":[{"name":"wp","href":"https:\/\/api.w.org\/{rel}","templated":true}]}}