{"id":12861,"date":"2024-02-16T07:34:33","date_gmt":"2024-02-16T06:34:33","guid":{"rendered":"https:\/\/projectes.xtec.cat\/nou-curriculum\/?p=12861"},"modified":"2024-02-16T11:56:06","modified_gmt":"2024-02-16T10:56:06","slug":"noies-i-nois-en-relacio","status":"publish","type":"post","link":"https:\/\/projectes.xtec.cat\/nou-curriculum\/general\/noies-i-nois-en-relacio\/","title":{"rendered":"Noies i nois en relaci\u00f3."},"content":{"rendered":"\n<h2 class=\"wp-block-heading has-text-color\" style=\"color:#8667a5\"> Materials de coeducaci\u00f3 i masculinitats a l\u2019etapa d\u2019educaci\u00f3 secund\u00e0ria<\/h2>\n\n\n\n<div class=\"wp-block-columns is-layout-flex wp-container-core-columns-is-layout-1 wp-block-columns-is-layout-flex\">\n<div class=\"wp-block-column is-layout-flow wp-block-column-is-layout-flow\" style=\"flex-basis:33.33%\">\n<figure class=\"wp-block-image aligncenter size-full is-resized\"><a href=\"https:\/\/projectes.xtec.cat\/nou-curriculum\/educacio-basica\/els-sis-vectors\/perspectiva-de-genere\/\"><img loading=\"lazy\" decoding=\"async\" width=\"342\" height=\"478\" src=\"https:\/\/projectes.xtec.cat\/nou-curriculum\/wp-content\/uploads\/usu2072\/2024\/02\/Noies-i-nois-en-relacio.png\" alt=\"\" class=\"wp-image-12856\" style=\"aspect-ratio:0.7154811715481172;width:166px;height:auto\" srcset=\"https:\/\/projectes.xtec.cat\/nou-curriculum\/wp-content\/uploads\/usu2072\/2024\/02\/Noies-i-nois-en-relacio.png 342w, https:\/\/projectes.xtec.cat\/nou-curriculum\/wp-content\/uploads\/usu2072\/2024\/02\/Noies-i-nois-en-relacio-215x300.png 215w\" sizes=\"auto, (max-width: 342px) 100vw, 342px\" \/><\/a><\/figure>\n<\/div>\n\n\n\n<div class=\"wp-block-column is-layout-flow wp-block-column-is-layout-flow\" style=\"flex-basis:66.66%\">\n<p class=\"has-medium-font-size\">L\u2019actualitzaci\u00f3 l\u2019hem feta pensant en els nous contextos educatius actuals. Tamb\u00e9 hem tingut en compte el canvi de format i de suport (de paper a virtual). Tanmateix, hem mantingut els objectius de la versi\u00f3 anterior: oferir al professorat, a l\u2019alumnat i a les fam\u00edlies uns materials que contemplin la coeducaci\u00f3 (\u00e9s a dir, l\u2019educaci\u00f3, perqu\u00e8 el fet educatiu no el podem entendre sense la perspectiva integral de g\u00e8nere) de manera inclusiva. Dit altrament, amb una mirada que contempli tamb\u00e9 les masculinitats, especialment en aquesta etapa tan important de la vida com \u00e9s l\u2019adolesc\u00e8ncia.<\/p>\n\n\n\n<p class=\"has-text-color has-medium-font-size\" style=\"color:#775192\"><strong>Cita dels autors: Grup Orfeu, masculinitats i coeducaci\u00f3<\/strong><\/p>\n<\/div>\n<\/div>\n\n\n\n<div style=\"height:67px\" aria-hidden=\"true\" class=\"wp-block-spacer\"><\/div>\n\n\n\n<div class=\"wp-block-buttons is-layout-flex wp-block-buttons-is-layout-flex\">\n<div class=\"wp-block-button has-custom-width wp-block-button__width-50 is-style-fill\"><a class=\"wp-block-button__link has-ast-global-color-5-color has-text-color has-background wp-element-button\" href=\"https:\/\/projectes.xtec.cat\/nou-curriculum\/educacio-basica\/els-sis-vectors\/perspectiva-de-genere\/\" style=\"background-color:#7e569b\">Visita la p\u00e0gina de recursos de perspectiva de g\u00e8nere<\/a><\/div>\n<\/div>\n","protected":false},"excerpt":{"rendered":"<p>Nou material pel treball del vector de perspectiva de g\u00e8nere.<\/p>\n","protected":false},"author":7,"featured_media":12856,"comment_status":"closed","ping_status":"open","sticky":false,"template":"","format":"standard","meta":{"_acf_changed":false,"site-sidebar-layout":"default","site-content-layout":"","ast-site-content-layout":"","site-content-style":"default","site-sidebar-style":"default","ast-global-header-display":"","ast-banner-title-visibility":"","ast-main-header-display":"","ast-hfb-above-header-display":"","ast-hfb-below-header-display":"","ast-hfb-mobile-header-display":"","site-post-title":"","ast-breadcrumbs-content":"","ast-featured-img":"disabled","footer-sml-layout":"","theme-transparent-header-meta":"","adv-header-id-meta":"","stick-header-meta":"","header-above-stick-meta":"","header-main-stick-meta":"","header-below-stick-meta":"","astra-migrate-meta-layouts":"default","ast-page-background-enabled":"default","ast-page-background-meta":{"desktop":{"background-color":"","background-image":"","background-repeat":"repeat","background-position":"center center","background-size":"auto","background-attachment":"scroll","background-type":"","background-media":"","overlay-type":"","overlay-color":"","overlay-opacity":"","overlay-gradient":""},"tablet":{"background-color":"","background-image":"","background-repeat":"repeat","background-position":"center center","background-size":"auto","background-attachment":"scroll","background-type":"","background-media":"","overlay-type":"","overlay-color":"","overlay-opacity":"","overlay-gradient":""},"mobile":{"background-color":"","background-image":"","background-repeat":"repeat","background-position":"center center","background-size":"auto","background-attachment":"scroll","background-type":"","background-media":"","overlay-type":"","overlay-color":"","overlay-opacity":"","overlay-gradient":""}},"ast-content-background-meta":{"desktop":{"background-color":"var(--ast-global-color-5)","background-image":"","background-repeat":"repeat","background-position":"center center","background-size":"auto","background-attachment":"scroll","background-type":"","background-media":"","overlay-type":"","overlay-color":"","overlay-opacity":"","overlay-gradient":""},"tablet":{"background-color":"var(--ast-global-color-5)","background-image":"","background-repeat":"repeat","background-position":"center center","background-size":"auto","background-attachment":"scroll","background-type":"","background-media":"","overlay-type":"","overlay-color":"","overlay-opacity":"","overlay-gradient":""},"mobile":{"background-color":"var(--ast-global-color-5)","background-image":"","background-repeat":"repeat","background-position":"center center","background-size":"auto","background-attachment":"scroll","background-type":"","background-media":"","overlay-type":"","overlay-color":"","overlay-opacity":"","overlay-gradient":""}},"footnotes":""},"categories":[318,319,320,321,322,1,347,344],"tags":[],"class_list":["post-12861","post","type-post","status-publish","format-standard","has-post-thumbnail","hentry","category-batxillerat","category-educacio-basica","category-educacio-infantil","category-educacio-primaria","category-educacio-secundaria","category-general","category-portada","category-recursos-altres-fonts"],"acf":[],"post_mailing_queue_ids":[],"_links":{"self":[{"href":"https:\/\/projectes.xtec.cat\/nou-curriculum\/wp-json\/wp\/v2\/posts\/12861","targetHints":{"allow":["GET"]}}],"collection":[{"href":"https:\/\/projectes.xtec.cat\/nou-curriculum\/wp-json\/wp\/v2\/posts"}],"about":[{"href":"https:\/\/projectes.xtec.cat\/nou-curriculum\/wp-json\/wp\/v2\/types\/post"}],"author":[{"embeddable":true,"href":"https:\/\/projectes.xtec.cat\/nou-curriculum\/wp-json\/wp\/v2\/users\/7"}],"replies":[{"embeddable":true,"href":"https:\/\/projectes.xtec.cat\/nou-curriculum\/wp-json\/wp\/v2\/comments?post=12861"}],"version-history":[{"count":6,"href":"https:\/\/projectes.xtec.cat\/nou-curriculum\/wp-json\/wp\/v2\/posts\/12861\/revisions"}],"predecessor-version":[{"id":12897,"href":"https:\/\/projectes.xtec.cat\/nou-curriculum\/wp-json\/wp\/v2\/posts\/12861\/revisions\/12897"}],"wp:featuredmedia":[{"embeddable":true,"href":"https:\/\/projectes.xtec.cat\/nou-curriculum\/wp-json\/wp\/v2\/media\/12856"}],"wp:attachment":[{"href":"https:\/\/projectes.xtec.cat\/nou-curriculum\/wp-json\/wp\/v2\/media?parent=12861"}],"wp:term":[{"taxonomy":"category","embeddable":true,"href":"https:\/\/projectes.xtec.cat\/nou-curriculum\/wp-json\/wp\/v2\/categories?post=12861"},{"taxonomy":"post_tag","embeddable":true,"href":"https:\/\/projectes.xtec.cat\/nou-curriculum\/wp-json\/wp\/v2\/tags?post=12861"}],"curies":[{"name":"wp","href":"https:\/\/api.w.org\/{rel}","templated":true}]}}