{"id":13116,"date":"2024-05-08T13:44:59","date_gmt":"2024-05-08T11:44:59","guid":{"rendered":"https:\/\/projectes.xtec.cat\/nou-curriculum\/?p=13116"},"modified":"2024-05-08T13:45:00","modified_gmt":"2024-05-08T11:45:00","slug":"nou-curs-estrategias-para-incorporar-la-emergencia-climatica-en-el-aula-de-primaria","status":"publish","type":"post","link":"https:\/\/projectes.xtec.cat\/nou-curriculum\/general\/nou-curs-estrategias-para-incorporar-la-emergencia-climatica-en-el-aula-de-primaria\/","title":{"rendered":"Nou curs: &#8220;Estrategias para incorporar la emergencia clim\u00e1tica en el aula de Primaria&#8221;"},"content":{"rendered":"\n<div style=\"height:38px\" aria-hidden=\"true\" class=\"wp-block-spacer\"><\/div>\n\n\n\n<figure class=\"wp-block-image alignright size-full is-resized\"><a href=\"https:\/\/www.educacionfpydeportes.gob.es\/va\/servicios-al-ciudadano\/catalogo\/general\/20\/201533\/ficha\/201533-2024-1.html\"><img loading=\"lazy\" decoding=\"async\" width=\"915\" height=\"336\" src=\"https:\/\/projectes.xtec.cat\/nou-curriculum\/wp-content\/uploads\/usu2072\/2024\/05\/Emergencia-climatica-a-laula.png\" alt=\"\" class=\"wp-image-13138\" style=\"aspect-ratio:2.7232142857142856;width:507px;height:auto\" srcset=\"https:\/\/projectes.xtec.cat\/nou-curriculum\/wp-content\/uploads\/usu2072\/2024\/05\/Emergencia-climatica-a-laula.png 915w, https:\/\/projectes.xtec.cat\/nou-curriculum\/wp-content\/uploads\/usu2072\/2024\/05\/Emergencia-climatica-a-laula-300x110.png 300w, https:\/\/projectes.xtec.cat\/nou-curriculum\/wp-content\/uploads\/usu2072\/2024\/05\/Emergencia-climatica-a-laula-768x282.png 768w\" sizes=\"auto, (max-width: 915px) 100vw, 915px\" \/><\/a><\/figure>\n\n\n\n<p>Responent al nivell de gravetat creixent de la crisi clim\u00e0tica, la nostra llei d&#8217;educaci\u00f3, la LOMLOE, proposa que el sistema educatiu se centri en els reptes del segle XXI i l&#8217;emerg\u00e8ncia clim\u00e0tica \u00e9s un dels m\u00e9s rellevants. En aquest sentit, el curs inclou els continguts, les pautes i les eines necess\u00e0ries per poder dissenyar una situaci\u00f3 d&#8217;aprenentatge centrada en l&#8217;emerg\u00e8ncia clim\u00e0tica. <\/p>\n\n\n\n<p>OBJECTIUS<\/p>\n\n\n\n<ul class=\"wp-block-list\">\n<li>Coneixer eines que ajudin a actuar a les escoles.<\/li>\n\n\n\n<li>Buscar alternatives davant la situaci\u00f3 d&#8217;emerg\u00e8ncia clim\u00e0tica.<\/li>\n\n\n\n<li>Ajudar a crear estils de vida sostenibles reduint la petjada de carboni.<\/li>\n<\/ul>\n\n\n\n<p>CONTINGUTS<\/p>\n\n\n\n<ul class=\"wp-block-list\">\n<li>L&#8217;emerg\u00e8ncia clim\u00e0tica: realitat i representaci\u00f3.\n<ul class=\"wp-block-list\">\n<li>An\u00e0lisi de les idees, creences i representacions que manegem sobre el canvi clim\u00e0tic.<\/li>\n\n\n\n<li>Representaci\u00f3 cient\u00edfica del canvi clim\u00e0tic antropog\u00e8nic i el seu contrast amb la representaci\u00f3 per la societat en general.<\/li>\n<\/ul>\n<\/li>\n\n\n\n<li>La converg\u00e8ncia entre la pol\u00edtica educativa i la pol\u00edtica clim\u00e0tica en el marc espanyol.\n<ul class=\"wp-block-list\">\n<li>La governan\u00e7a clim\u00e0tica internacional.<\/li>\n\n\n\n<li>La Declaraci\u00f3 d&#8217;Emerg\u00e8ncia Clim\u00e0tica.<\/li>\n<\/ul>\n<\/li>\n\n\n\n<li>El canvi clim\u00e0tic en la LOMLOE i el desenvolupament curricular en l&#8217;Educaci\u00f3 Prim\u00e0ria.\n<ul class=\"wp-block-list\">\n<li>Quan incorporar el canvi clim\u00e0tic.<\/li>\n<\/ul>\n<\/li>\n<\/ul>\n\n\n\n<div style=\"height:45px\" aria-hidden=\"true\" class=\"wp-block-spacer\"><\/div>\n\n\n\n<div class=\"wp-block-buttons is-layout-flex wp-block-buttons-is-layout-flex\">\n<div class=\"wp-block-button is-style-fill\"><a class=\"wp-block-button__link has-ast-global-color-0-color has-text-color has-background wp-element-button\" href=\"https:\/\/www.educacionfpydeportes.gob.es\/va\/servicios-al-ciudadano\/catalogo\/general\/20\/201533\/ficha\/201533-2024-1.html\" style=\"background-color:#f3e010\">Cursos de formaci\u00f3&#8230;<\/a><\/div>\n\n\n\n<div class=\"wp-block-button is-style-fill\"><a class=\"wp-block-button__link has-ast-global-color-0-color has-text-color has-background wp-element-button\" href=\"https:\/\/www.educacionfpydeportes.gob.es\/va\/dam\/jcr:6c6f730a-6a88-4ac3-aa9f-1972ff239ed4\/ficha-emergencia-climatica-primaria-b.pdf\" style=\"background-color:#f3e010\">Presentaci\u00f3 del curs<\/a><\/div>\n<\/div>\n","protected":false},"excerpt":{"rendered":"<p>Responent al nivell de gravetat creixent de la crisi clim\u00e0tica, la nostra llei d&#8217;educaci\u00f3, la LOMLOE, proposa que el sistema educatiu se centri en els reptes del segle XXI i l&#8217;emerg\u00e8ncia clim\u00e0tica \u00e9s un dels m\u00e9s rellevants. En aquest sentit, el curs inclou els continguts, les pautes i les eines necess\u00e0ries per poder dissenyar una situaci\u00f3 d&#8217;aprenentatge centrada en l&#8217;emerg\u00e8ncia clim\u00e0tica. <\/p>\n","protected":false},"author":7,"featured_media":13138,"comment_status":"closed","ping_status":"open","sticky":false,"template":"","format":"standard","meta":{"_acf_changed":false,"site-sidebar-layout":"default","site-content-layout":"","ast-site-content-layout":"default","site-content-style":"default","site-sidebar-style":"default","ast-global-header-display":"","ast-banner-title-visibility":"","ast-main-header-display":"","ast-hfb-above-header-display":"","ast-hfb-below-header-display":"","ast-hfb-mobile-header-display":"","site-post-title":"","ast-breadcrumbs-content":"","ast-featured-img":"","footer-sml-layout":"","theme-transparent-header-meta":"","adv-header-id-meta":"","stick-header-meta":"","header-above-stick-meta":"","header-main-stick-meta":"","header-below-stick-meta":"","astra-migrate-meta-layouts":"set","ast-page-background-enabled":"default","ast-page-background-meta":{"desktop":{"background-color":"","background-image":"","background-repeat":"repeat","background-position":"center center","background-size":"auto","background-attachment":"scroll","background-type":"","background-media":"","overlay-type":"","overlay-color":"","overlay-opacity":"","overlay-gradient":""},"tablet":{"background-color":"","background-image":"","background-repeat":"repeat","background-position":"center center","background-size":"auto","background-attachment":"scroll","background-type":"","background-media":"","overlay-type":"","overlay-color":"","overlay-opacity":"","overlay-gradient":""},"mobile":{"background-color":"","background-image":"","background-repeat":"repeat","background-position":"center center","background-size":"auto","background-attachment":"scroll","background-type":"","background-media":"","overlay-type":"","overlay-color":"","overlay-opacity":"","overlay-gradient":""}},"ast-content-background-meta":{"desktop":{"background-color":"var(--ast-global-color-5)","background-image":"","background-repeat":"repeat","background-position":"center center","background-size":"auto","background-attachment":"scroll","background-type":"","background-media":"","overlay-type":"","overlay-color":"","overlay-opacity":"","overlay-gradient":""},"tablet":{"background-color":"var(--ast-global-color-5)","background-image":"","background-repeat":"repeat","background-position":"center center","background-size":"auto","background-attachment":"scroll","background-type":"","background-media":"","overlay-type":"","overlay-color":"","overlay-opacity":"","overlay-gradient":""},"mobile":{"background-color":"var(--ast-global-color-5)","background-image":"","background-repeat":"repeat","background-position":"center center","background-size":"auto","background-attachment":"scroll","background-type":"","background-media":"","overlay-type":"","overlay-color":"","overlay-opacity":"","overlay-gradient":""}},"footnotes":""},"categories":[319,1],"tags":[],"class_list":["post-13116","post","type-post","status-publish","format-standard","has-post-thumbnail","hentry","category-educacio-basica","category-general"],"acf":[],"post_mailing_queue_ids":[],"_links":{"self":[{"href":"https:\/\/projectes.xtec.cat\/nou-curriculum\/wp-json\/wp\/v2\/posts\/13116","targetHints":{"allow":["GET"]}}],"collection":[{"href":"https:\/\/projectes.xtec.cat\/nou-curriculum\/wp-json\/wp\/v2\/posts"}],"about":[{"href":"https:\/\/projectes.xtec.cat\/nou-curriculum\/wp-json\/wp\/v2\/types\/post"}],"author":[{"embeddable":true,"href":"https:\/\/projectes.xtec.cat\/nou-curriculum\/wp-json\/wp\/v2\/users\/7"}],"replies":[{"embeddable":true,"href":"https:\/\/projectes.xtec.cat\/nou-curriculum\/wp-json\/wp\/v2\/comments?post=13116"}],"version-history":[{"count":4,"href":"https:\/\/projectes.xtec.cat\/nou-curriculum\/wp-json\/wp\/v2\/posts\/13116\/revisions"}],"predecessor-version":[{"id":13142,"href":"https:\/\/projectes.xtec.cat\/nou-curriculum\/wp-json\/wp\/v2\/posts\/13116\/revisions\/13142"}],"wp:featuredmedia":[{"embeddable":true,"href":"https:\/\/projectes.xtec.cat\/nou-curriculum\/wp-json\/wp\/v2\/media\/13138"}],"wp:attachment":[{"href":"https:\/\/projectes.xtec.cat\/nou-curriculum\/wp-json\/wp\/v2\/media?parent=13116"}],"wp:term":[{"taxonomy":"category","embeddable":true,"href":"https:\/\/projectes.xtec.cat\/nou-curriculum\/wp-json\/wp\/v2\/categories?post=13116"},{"taxonomy":"post_tag","embeddable":true,"href":"https:\/\/projectes.xtec.cat\/nou-curriculum\/wp-json\/wp\/v2\/tags?post=13116"}],"curies":[{"name":"wp","href":"https:\/\/api.w.org\/{rel}","templated":true}]}}