{"id":13486,"date":"2024-06-20T13:03:55","date_gmt":"2024-06-20T11:03:55","guid":{"rendered":"https:\/\/projectes.xtec.cat\/nou-curriculum\/?p=13486"},"modified":"2024-06-20T13:03:56","modified_gmt":"2024-06-20T11:03:56","slug":"ciutadania-democratica-i-consciencia-global","status":"publish","type":"post","link":"https:\/\/projectes.xtec.cat\/nou-curriculum\/general\/ciutadania-democratica-i-consciencia-global\/","title":{"rendered":"Ciutadania democr\u00e0tica i consci\u00e8ncia global"},"content":{"rendered":"\n<h1 class=\"wp-block-heading has-text-color has-background\" style=\"color:#08a5a2;background-color:#535353\">Nova p\u00e0gina d&#8217;educaci\u00f3!                          ciutadania democr\u00e0tica i consci\u00e8ncia global<\/h1>\n\n\n\n<div style=\"height:52px\" aria-hidden=\"true\" class=\"wp-block-spacer\"><\/div>\n\n\n\n<div class=\"wp-block-columns is-layout-flex wp-container-core-columns-is-layout-1 wp-block-columns-is-layout-flex\">\n<div class=\"wp-block-column caixa is-layout-flow wp-block-column-is-layout-flow\" style=\"flex-basis:33.33%\">\n<figure class=\"wp-block-image size-large is-resized\"><a href=\"https:\/\/educacio.gencat.cat\/ca\/departament\/linies-estrategiques\/ciutadania-democratica-consciencia-global\/\"><img loading=\"lazy\" decoding=\"async\" width=\"1024\" height=\"686\" src=\"https:\/\/projectes.xtec.cat\/nou-curriculum\/wp-content\/uploads\/usu2072\/2024\/06\/dep-lin-cooperacio-1024x686.png\" alt=\"\" class=\"wp-image-13491\" style=\"aspect-ratio:1.4927113702623906;width:340px;height:auto\" srcset=\"https:\/\/projectes.xtec.cat\/nou-curriculum\/wp-content\/uploads\/usu2072\/2024\/06\/dep-lin-cooperacio-1024x686.png 1024w, https:\/\/projectes.xtec.cat\/nou-curriculum\/wp-content\/uploads\/usu2072\/2024\/06\/dep-lin-cooperacio-300x201.png 300w, https:\/\/projectes.xtec.cat\/nou-curriculum\/wp-content\/uploads\/usu2072\/2024\/06\/dep-lin-cooperacio-768x514.png 768w, https:\/\/projectes.xtec.cat\/nou-curriculum\/wp-content\/uploads\/usu2072\/2024\/06\/dep-lin-cooperacio.png 1080w\" sizes=\"auto, (max-width: 1024px) 100vw, 1024px\" \/><\/a><\/figure>\n<\/div>\n\n\n\n<div class=\"wp-block-column caixa is-layout-flow wp-block-column-is-layout-flow\" style=\"flex-basis:66.66%\">\n<p>El 6 de juliol de 2023 el Parlament de Catalunya aprova el Pla director de cooperaci\u00f3 al desenvolupament 2023-2026, que consolida la cooperaci\u00f3 feminista amb un enfocament de g\u00e8nere basat en els drets humans (EGiBDH), per abordar les causes estructurals del patriarcat, del racisme i d&#8217;altres sistemes d&#8217;opressi\u00f3 i exclusi\u00f3.<\/p>\n\n\n\n<p>L&#8217;objectiu \u00e9s aconseguir un desenvolupament just, democr\u00e0tic, sostenible i en pau i, per aconseguir-ho, els departaments o organismes en xarxa treballen de manera coordinada amb les organitzacions no governamentals per al desenvolupament (ONGD).<\/p>\n\n\n\n<p>L&#8217;educaci\u00f3 global i transformadora incorpora totes aquelles accions, actuacions, estrat\u00e8gies i pol\u00edtiques que, de forma directa o indirecta, promouen formar la consci\u00e8ncia cr\u00edtica de les persones perqu\u00e8 entenguin les causes estructurals de la pobresa, les desigualtats i la vulneraci\u00f3 dels drets humans.<\/p>\n<\/div>\n<\/div>\n\n\n\n<div style=\"height:40px\" aria-hidden=\"true\" class=\"wp-block-spacer\"><\/div>\n\n\n\n<div class=\"wp-block-buttons is-content-justification-center is-layout-flex wp-container-core-buttons-is-layout-1 wp-block-buttons-is-layout-flex\">\n<div class=\"wp-block-button has-custom-width wp-block-button__width-25 has-custom-font-size is-style-fill has-medium-font-size\"><a class=\"wp-block-button__link has-text-color has-background has-border-color wp-element-button\" href=\"https:\/\/educacio.gencat.cat\/ca\/departament\/linies-estrategiques\/ciutadania-democratica-consciencia-global\/\" style=\"border-color:#08a5a2;border-width:5px;color:#08a5a2;background-color:#535353;padding-top:var(--wp--preset--spacing--40);padding-right:var(--wp--preset--spacing--20);padding-bottom:var(--wp--preset--spacing--40);padding-left:var(--wp--preset--spacing--20)\">Ves al WEB<\/a><\/div>\n<\/div>\n\n\n\n<div style=\"height:38px\" aria-hidden=\"true\" class=\"wp-block-spacer\"><\/div>\n","protected":false},"excerpt":{"rendered":"<p>En el marc del del Pla director de cooperaci\u00f3 al desenvolupament, la Generalitat de Catalunya treballa per elaborar i adoptar l&#8217;Estrat\u00e8gia d&#8217;educaci\u00f3 global i transformadora 2030.<\/p>\n","protected":false},"author":7,"featured_media":13491,"comment_status":"closed","ping_status":"open","sticky":false,"template":"","format":"standard","meta":{"_acf_changed":false,"site-sidebar-layout":"default","site-content-layout":"","ast-site-content-layout":"default","site-content-style":"default","site-sidebar-style":"default","ast-global-header-display":"","ast-banner-title-visibility":"","ast-main-header-display":"","ast-hfb-above-header-display":"","ast-hfb-below-header-display":"","ast-hfb-mobile-header-display":"","site-post-title":"","ast-breadcrumbs-content":"","ast-featured-img":"","footer-sml-layout":"","theme-transparent-header-meta":"","adv-header-id-meta":"","stick-header-meta":"","header-above-stick-meta":"","header-main-stick-meta":"","header-below-stick-meta":"","astra-migrate-meta-layouts":"set","ast-page-background-enabled":"default","ast-page-background-meta":{"desktop":{"background-color":"","background-image":"","background-repeat":"repeat","background-position":"center center","background-size":"auto","background-attachment":"scroll","background-type":"","background-media":"","overlay-type":"","overlay-color":"","overlay-opacity":"","overlay-gradient":""},"tablet":{"background-color":"","background-image":"","background-repeat":"repeat","background-position":"center center","background-size":"auto","background-attachment":"scroll","background-type":"","background-media":"","overlay-type":"","overlay-color":"","overlay-opacity":"","overlay-gradient":""},"mobile":{"background-color":"","background-image":"","background-repeat":"repeat","background-position":"center center","background-size":"auto","background-attachment":"scroll","background-type":"","background-media":"","overlay-type":"","overlay-color":"","overlay-opacity":"","overlay-gradient":""}},"ast-content-background-meta":{"desktop":{"background-color":"var(--ast-global-color-5)","background-image":"","background-repeat":"repeat","background-position":"center center","background-size":"auto","background-attachment":"scroll","background-type":"","background-media":"","overlay-type":"","overlay-color":"","overlay-opacity":"","overlay-gradient":""},"tablet":{"background-color":"var(--ast-global-color-5)","background-image":"","background-repeat":"repeat","background-position":"center center","background-size":"auto","background-attachment":"scroll","background-type":"","background-media":"","overlay-type":"","overlay-color":"","overlay-opacity":"","overlay-gradient":""},"mobile":{"background-color":"var(--ast-global-color-5)","background-image":"","background-repeat":"repeat","background-position":"center center","background-size":"auto","background-attachment":"scroll","background-type":"","background-media":"","overlay-type":"","overlay-color":"","overlay-opacity":"","overlay-gradient":""}},"footnotes":""},"categories":[318,319,320,321,322,1,347,344],"tags":[],"class_list":["post-13486","post","type-post","status-publish","format-standard","has-post-thumbnail","hentry","category-batxillerat","category-educacio-basica","category-educacio-infantil","category-educacio-primaria","category-educacio-secundaria","category-general","category-portada","category-recursos-altres-fonts"],"acf":[],"post_mailing_queue_ids":[],"_links":{"self":[{"href":"https:\/\/projectes.xtec.cat\/nou-curriculum\/wp-json\/wp\/v2\/posts\/13486","targetHints":{"allow":["GET"]}}],"collection":[{"href":"https:\/\/projectes.xtec.cat\/nou-curriculum\/wp-json\/wp\/v2\/posts"}],"about":[{"href":"https:\/\/projectes.xtec.cat\/nou-curriculum\/wp-json\/wp\/v2\/types\/post"}],"author":[{"embeddable":true,"href":"https:\/\/projectes.xtec.cat\/nou-curriculum\/wp-json\/wp\/v2\/users\/7"}],"replies":[{"embeddable":true,"href":"https:\/\/projectes.xtec.cat\/nou-curriculum\/wp-json\/wp\/v2\/comments?post=13486"}],"version-history":[{"count":6,"href":"https:\/\/projectes.xtec.cat\/nou-curriculum\/wp-json\/wp\/v2\/posts\/13486\/revisions"}],"predecessor-version":[{"id":13494,"href":"https:\/\/projectes.xtec.cat\/nou-curriculum\/wp-json\/wp\/v2\/posts\/13486\/revisions\/13494"}],"wp:featuredmedia":[{"embeddable":true,"href":"https:\/\/projectes.xtec.cat\/nou-curriculum\/wp-json\/wp\/v2\/media\/13491"}],"wp:attachment":[{"href":"https:\/\/projectes.xtec.cat\/nou-curriculum\/wp-json\/wp\/v2\/media?parent=13486"}],"wp:term":[{"taxonomy":"category","embeddable":true,"href":"https:\/\/projectes.xtec.cat\/nou-curriculum\/wp-json\/wp\/v2\/categories?post=13486"},{"taxonomy":"post_tag","embeddable":true,"href":"https:\/\/projectes.xtec.cat\/nou-curriculum\/wp-json\/wp\/v2\/tags?post=13486"}],"curies":[{"name":"wp","href":"https:\/\/api.w.org\/{rel}","templated":true}]}}