{"id":13549,"date":"2024-07-01T13:39:12","date_gmt":"2024-07-01T11:39:12","guid":{"rendered":"https:\/\/projectes.xtec.cat\/nou-curriculum\/?p=13549"},"modified":"2024-07-02T09:14:41","modified_gmt":"2024-07-02T07:14:41","slug":"nova-publicacio-orientacions-per-a-la-lectura-guiada-al-batxillerat","status":"publish","type":"post","link":"https:\/\/projectes.xtec.cat\/nou-curriculum\/general\/nova-publicacio-orientacions-per-a-la-lectura-guiada-al-batxillerat\/","title":{"rendered":"Nova publicaci\u00f3: Orientacions per a la lectura guiada al batxillerat"},"content":{"rendered":"\n<figure class=\"wp-block-image aligncenter size-large is-style-default\"><a href=\"https:\/\/projectes.xtec.cat\/nou-curriculum\/wp-content\/uploads\/usu2072\/2024\/07\/orientacions-lectura-guiada-3.jpg\"><img loading=\"lazy\" decoding=\"async\" width=\"1024\" height=\"320\" src=\"https:\/\/projectes.xtec.cat\/nou-curriculum\/wp-content\/uploads\/usu2072\/2024\/07\/orientacions-lectura-guiada-3-1024x320.jpg\" alt=\"\" class=\"wp-image-13568\" srcset=\"https:\/\/projectes.xtec.cat\/nou-curriculum\/wp-content\/uploads\/usu2072\/2024\/07\/orientacions-lectura-guiada-3-1024x320.jpg 1024w, https:\/\/projectes.xtec.cat\/nou-curriculum\/wp-content\/uploads\/usu2072\/2024\/07\/orientacions-lectura-guiada-3-300x94.jpg 300w, https:\/\/projectes.xtec.cat\/nou-curriculum\/wp-content\/uploads\/usu2072\/2024\/07\/orientacions-lectura-guiada-3-768x240.jpg 768w, https:\/\/projectes.xtec.cat\/nou-curriculum\/wp-content\/uploads\/usu2072\/2024\/07\/orientacions-lectura-guiada-3.jpg 1030w\" sizes=\"auto, (max-width: 1024px) 100vw, 1024px\" \/><\/a><\/figure>\n\n\n\n<p>Publicaci\u00f3 del Departament d&#8217;Educaci\u00f3 <\/p>\n\n\n\n<p>Publicaci\u00f3 del Departament d&#8217;Educaci\u00f3 <a href=\"https:\/\/drive.google.com\/file\/d\/1FojuJSlirySMMDZJXF1eDrTgPUAgNSCH\/view\">d&#8217;orientacions que concreten el curr\u00edculum del batxillerat<\/a> pel que fa al treball de la lectura guiada a les mat\u00e8ries comunes de Llengua Catalana i Literatura i Llengua Castellana i Literatura al batxillerat. L\u2019objectiu \u00e9s facilitar als centres i docents especialistes d\u2019aquestes mat\u00e8ries elements de programaci\u00f3 per a la confecci\u00f3 d\u2019itineraris lectors, a partir d\u2019un fil conductor, que permetin analitzar i comparar textos i argumentar interconnexions de temes, t\u00f2pics i t\u00e8cniques liter\u00e0ries. Les proves d\u2019acc\u00e9s a la universitat del 2025 s\u2019adequaran al curr\u00edculum vigent de batxillerat, aix\u00ed com als objectius d\u2019aprenentatge d\u2019aquesta etapa.<\/p>\n","protected":false},"excerpt":{"rendered":"<p>Publicaci\u00f3 del Departament d&#8217;Educaci\u00f3 Publicaci\u00f3 del Departament d&#8217;Educaci\u00f3 d&#8217;orientacions que concreten el curr\u00edculum del batxillerat pel que fa al treball de la lectura guiada a les mat\u00e8ries comunes de Llengua Catalana i Literatura i Llengua Castellana i Literatura al batxillerat. L\u2019objectiu \u00e9s facilitar als centres i docents especialistes d\u2019aquestes mat\u00e8ries elements de programaci\u00f3 per a [&hellip;]<\/p>\n","protected":false},"author":6,"featured_media":13567,"comment_status":"closed","ping_status":"open","sticky":false,"template":"","format":"standard","meta":{"_acf_changed":false,"site-sidebar-layout":"default","site-content-layout":"","ast-site-content-layout":"default","site-content-style":"default","site-sidebar-style":"default","ast-global-header-display":"","ast-banner-title-visibility":"","ast-main-header-display":"","ast-hfb-above-header-display":"","ast-hfb-below-header-display":"","ast-hfb-mobile-header-display":"","site-post-title":"","ast-breadcrumbs-content":"","ast-featured-img":"","footer-sml-layout":"","theme-transparent-header-meta":"","adv-header-id-meta":"","stick-header-meta":"","header-above-stick-meta":"","header-main-stick-meta":"","header-below-stick-meta":"","astra-migrate-meta-layouts":"set","ast-page-background-enabled":"default","ast-page-background-meta":{"desktop":{"background-color":"","background-image":"","background-repeat":"repeat","background-position":"center center","background-size":"auto","background-attachment":"scroll","background-type":"","background-media":"","overlay-type":"","overlay-color":"","overlay-opacity":"","overlay-gradient":""},"tablet":{"background-color":"","background-image":"","background-repeat":"repeat","background-position":"center center","background-size":"auto","background-attachment":"scroll","background-type":"","background-media":"","overlay-type":"","overlay-color":"","overlay-opacity":"","overlay-gradient":""},"mobile":{"background-color":"","background-image":"","background-repeat":"repeat","background-position":"center center","background-size":"auto","background-attachment":"scroll","background-type":"","background-media":"","overlay-type":"","overlay-color":"","overlay-opacity":"","overlay-gradient":""}},"ast-content-background-meta":{"desktop":{"background-color":"var(--ast-global-color-5)","background-image":"","background-repeat":"repeat","background-position":"center center","background-size":"auto","background-attachment":"scroll","background-type":"","background-media":"","overlay-type":"","overlay-color":"","overlay-opacity":"","overlay-gradient":""},"tablet":{"background-color":"var(--ast-global-color-5)","background-image":"","background-repeat":"repeat","background-position":"center center","background-size":"auto","background-attachment":"scroll","background-type":"","background-media":"","overlay-type":"","overlay-color":"","overlay-opacity":"","overlay-gradient":""},"mobile":{"background-color":"var(--ast-global-color-5)","background-image":"","background-repeat":"repeat","background-position":"center center","background-size":"auto","background-attachment":"scroll","background-type":"","background-media":"","overlay-type":"","overlay-color":"","overlay-opacity":"","overlay-gradient":""}},"footnotes":""},"categories":[318,1],"tags":[363,361,350,362,351],"class_list":["post-13549","post","type-post","status-publish","format-standard","has-post-thumbnail","hentry","category-batxillerat","category-general","tag-lectura-guiada","tag-lectures-batxillerat","tag-literatura","tag-llengua-castellana-i-literatura","tag-llengua-catalana-i-literatura"],"acf":[],"post_mailing_queue_ids":[],"_links":{"self":[{"href":"https:\/\/projectes.xtec.cat\/nou-curriculum\/wp-json\/wp\/v2\/posts\/13549","targetHints":{"allow":["GET"]}}],"collection":[{"href":"https:\/\/projectes.xtec.cat\/nou-curriculum\/wp-json\/wp\/v2\/posts"}],"about":[{"href":"https:\/\/projectes.xtec.cat\/nou-curriculum\/wp-json\/wp\/v2\/types\/post"}],"author":[{"embeddable":true,"href":"https:\/\/projectes.xtec.cat\/nou-curriculum\/wp-json\/wp\/v2\/users\/6"}],"replies":[{"embeddable":true,"href":"https:\/\/projectes.xtec.cat\/nou-curriculum\/wp-json\/wp\/v2\/comments?post=13549"}],"version-history":[{"count":5,"href":"https:\/\/projectes.xtec.cat\/nou-curriculum\/wp-json\/wp\/v2\/posts\/13549\/revisions"}],"predecessor-version":[{"id":13569,"href":"https:\/\/projectes.xtec.cat\/nou-curriculum\/wp-json\/wp\/v2\/posts\/13549\/revisions\/13569"}],"wp:featuredmedia":[{"embeddable":true,"href":"https:\/\/projectes.xtec.cat\/nou-curriculum\/wp-json\/wp\/v2\/media\/13567"}],"wp:attachment":[{"href":"https:\/\/projectes.xtec.cat\/nou-curriculum\/wp-json\/wp\/v2\/media?parent=13549"}],"wp:term":[{"taxonomy":"category","embeddable":true,"href":"https:\/\/projectes.xtec.cat\/nou-curriculum\/wp-json\/wp\/v2\/categories?post=13549"},{"taxonomy":"post_tag","embeddable":true,"href":"https:\/\/projectes.xtec.cat\/nou-curriculum\/wp-json\/wp\/v2\/tags?post=13549"}],"curies":[{"name":"wp","href":"https:\/\/api.w.org\/{rel}","templated":true}]}}